{"id":5560,"date":"2016-09-16T22:44:45","date_gmt":"2016-09-16T20:44:45","guid":{"rendered":"http:\/\/www.moravecteam.cz\/?p=5560"},"modified":"2016-09-21T11:58:32","modified_gmt":"2016-09-21T09:58:32","slug":"adela-opet-vyborne","status":"publish","type":"post","link":"https:\/\/www.moravecteam.cz\/?p=5560","title":{"rendered":"Ad\u00e9la op\u011bt v\u00fdborn\u011b!"},"content":{"rendered":"<p style=\"text-align: justify;\"><span style=\"color: #800000;\"><strong>I p\u0159i druh\u00e9m vystoupen\u00ed na\u0161\u00ed odchovankyn\u011b, Ad\u00e9ly \u0161af\u00e1\u0159ov\u00e9 (hromadn\u00fd start) v r\u00e1mci silni\u010dn\u00edho Mistrovstv\u00ed Evropy zaplesalo v cyklistick\u00e9m Nebi srdce na\u0161eho patrona, Vlastimila MORAVCE. V &#8222;na\u0161lapan\u00e9m&#8220;\u00a0 startovn\u00edm poli pln\u00e9m specialistek &#8211; silni\u010d\u00e1\u0159ek dojela\u00a0 &#8222;\u010distokrevn\u00e1&#8220; bikerka Adys na v\u00fdorn\u00e9m, 41. m\u00edst\u011b! Skv\u011bl\u00fdm v\u00fdsledkem potvrdila nejen svoji cyklistickou univerz\u00e1lnost, ale hlavn\u011b vrchovatou m\u00edru takentu a p\u0159edev\u0161\u00edm bojovnosti, p\u00edle a pokory&#8230; Toto v\u0161e se u t\u00e9to mlad\u00e9 sportovn\u00ed osobnosti, kterou Ad\u00e9la \u0160af\u00e1\u0159ov\u00e1 i p\u0159es jej\u00ed &#8222;\u00fatl\u00fd v\u011bk&#8220; \u00a0beze sporu je, projev\u00ed postupem let v budouc\u00ed, ur\u010dit\u011b je\u0161t\u011b\u00a0hodn\u011b bohat\u00e9 jej\u00ed cyklistick\u00e9 kari\u00e9ry.<\/strong><\/span><\/p>\n<p style=\"text-align: justify;\"><a href=\"http:\/\/www.moravecteam.cz\/?attachment_id=5612\" rel=\"attachment wp-att-5612\"><img decoding=\"async\" loading=\"lazy\" class=\"size-full wp-image-5612 alignleft\" title=\"Ad\u00e9la \u0160af\u00e1\u0159ov\u00e1 potvrdila na silni\u010dn\u00edm ME ve Francii, \u017ee je skv\u011blou, univerz\u00e1ln\u00ed cyklistkou.\" alt=\"golemmtbvy4cl225\" src=\"http:\/\/www.moravecteam.cz\/wp-content\/uploads\/2016\/09\/golemmtbvy4cl225.jpg\" width=\"227\" height=\"307\" srcset=\"https:\/\/www.moravecteam.cz\/wp-content\/uploads\/2016\/09\/golemmtbvy4cl225.jpg 227w, https:\/\/www.moravecteam.cz\/wp-content\/uploads\/2016\/09\/golemmtbvy4cl225-221x300.jpg 221w\" sizes=\"(max-width: 227px) 100vw, 227px\" \/><\/a>Z\u00e1vod s hromadn\u00fdm startem se pro na\u0161i odchovankyni, Ad\u00e9lu \u0160af\u00e1\u0159ovou vyv\u00edjel z po\u010d\u00e1tku velice dob\u0159e a v p\u00faohod\u011b si hl\u00eddala jeho \u010delo.\u00a0Men\u0161\u00ed zku\u0161enost\u00a0se silni\u010dn\u00edmi z\u00e1vody ale u mlad\u00e9 \u0161ampionky zp\u016fsobila, \u017ee v kl\u00ed\u010dov\u00e9m okam\u017eiku, kdy se peloton d\u011blil na \u010dty\u0159i skupiny, \u00a0byla zrovna na konci &#8222;bal\u00edku&#8220;&#8230; Jin\u00e1 z\u00e1vodnice by asi u\u017e nic ne\u0159e\u0161ila a v klidu dojela ve sv\u00e9 skupin\u011b do c\u00edle. Ne tak Ad\u00e9la! S\u00f3lo (!) j\u00edzdou se propracovala p\u0159es t\u0159et\u00ed skupinu a\u017e do druh\u00e9 a nechyb\u011blo mnoho, aby se j\u00ed poda\u0159ilo &#8222;docvaknout&#8220; i absolutn\u00ed \u010delo z\u00e1vodu! Jej\u00ed heroick\u00fd v\u00fdkon, kter\u00fd vysoce ocenil i reprezenta\u010dn\u00ed tren\u00e9r Kone\u010dn\u00fd, byl v c\u00edli odm\u011bn\u011b 41. m\u00edstem v po\u0159ad\u00ed. P\u0159ed Ad\u00e9lou je t\u0159eba smeknout a vysoce ocenit jej\u00ed bojovn\u00e9 a state\u010dn\u00e9 srdce. P\u00e1te\u010dn\u00ed z\u00e1vod zajela skv\u011ble, vydala ze sebe v\u0161echno (a mo\u017en\u00e1 n\u011bco je\u0161t\u011b na v\u00edc)&#8230; A ur\u010dit\u011b v cyklistick\u00e9m nebi k\u00fdval nad jej\u00edm v\u00fdkonem uznale hlavou i n\u00e1\u0161 Vlast\u00edk MORAVEC&#8230;\u00a0D\u00edky Ady za vzorn\u00e9 repre \u010ceska i MORAVCE!\u00a0 Zde si p\u0159e\u010dt\u011bte dal\u0161\u00ed <strong><a href=\"http:\/\/www.ceskysvazcyklistiky.cz\/clanek\/5039_juniori-na-me-zavodu-ve-ctvrte-desitce\">podrobnosti o z\u00e1vodu<\/a>, <\/strong>\u010dl\u00e1nek obsahuje i v\u00fdsledky.<\/p>\n<p>&nbsp;<\/p>\n","protected":false},"excerpt":{"rendered":"<p>I p\u0159i druh\u00e9m vystoupen\u00ed na\u0161\u00ed odchovankyn\u011b, Ad\u00e9ly \u0161af\u00e1\u0159ov\u00e9 (hromadn\u00fd start) v r\u00e1mci silni\u010dn\u00edho Mistrovstv\u00ed Evropy zaplesalo v cyklistick\u00e9m Nebi srdce na\u0161eho patrona, Vlastimila MORAVCE. V &#8222;na\u0161lapan\u00e9m&#8220;\u00a0 startovn\u00edm poli pln\u00e9m specialistek &#8211; silni\u010d\u00e1\u0159ek dojela\u00a0 &#8222;\u010distokrevn\u00e1&#8220; bikerka Adys na v\u00fdorn\u00e9m, 41. m\u00edst\u011b! Skv\u011bl\u00fdm v\u00fdsledkem potvrdila nejen svoji cyklistickou univerz\u00e1lnost, ale hlavn\u011b vrchovatou m\u00edru takentu a p\u0159edev\u0161\u00edm bojovnosti, &hellip; <a href=\"https:\/\/www.moravecteam.cz\/?p=5560\" class=\"more-link\">Pokra\u010dov\u00e1n\u00ed textu <span class=\"screen-reader-text\">Ad\u00e9la op\u011bt v\u00fdborn\u011b!<\/span> <span class=\"meta-nav\">&rarr;<\/span><\/a><\/p>\n","protected":false},"author":3,"featured_media":5611,"comment_status":"open","ping_status":"closed","sticky":false,"template":"","format":"standard","meta":[],"categories":[1],"tags":[],"_links":{"self":[{"href":"https:\/\/www.moravecteam.cz\/index.php?rest_route=\/wp\/v2\/posts\/5560"}],"collection":[{"href":"https:\/\/www.moravecteam.cz\/index.php?rest_route=\/wp\/v2\/posts"}],"about":[{"href":"https:\/\/www.moravecteam.cz\/index.php?rest_route=\/wp\/v2\/types\/post"}],"author":[{"embeddable":true,"href":"https:\/\/www.moravecteam.cz\/index.php?rest_route=\/wp\/v2\/users\/3"}],"replies":[{"embeddable":true,"href":"https:\/\/www.moravecteam.cz\/index.php?rest_route=%2Fwp%2Fv2%2Fcomments&post=5560"}],"version-history":[{"count":10,"href":"https:\/\/www.moravecteam.cz\/index.php?rest_route=\/wp\/v2\/posts\/5560\/revisions"}],"predecessor-version":[{"id":5614,"href":"https:\/\/www.moravecteam.cz\/index.php?rest_route=\/wp\/v2\/posts\/5560\/revisions\/5614"}],"wp:featuredmedia":[{"embeddable":true,"href":"https:\/\/www.moravecteam.cz\/index.php?rest_route=\/wp\/v2\/media\/5611"}],"wp:attachment":[{"href":"https:\/\/www.moravecteam.cz\/index.php?rest_route=%2Fwp%2Fv2%2Fmedia&parent=5560"}],"wp:term":[{"taxonomy":"category","embeddable":true,"href":"https:\/\/www.moravecteam.cz\/index.php?rest_route=%2Fwp%2Fv2%2Fcategories&post=5560"},{"taxonomy":"post_tag","embeddable":true,"href":"https:\/\/www.moravecteam.cz\/index.php?rest_route=%2Fwp%2Fv2%2Ftags&post=5560"}],"curies":[{"name":"wp","href":"https:\/\/api.w.org\/{rel}","templated":true}]}}