{"id":5562,"date":"2016-09-20T00:53:47","date_gmt":"2016-09-19T22:53:47","guid":{"rendered":"http:\/\/www.moravecteam.cz\/?p=5562"},"modified":"2016-09-20T01:40:45","modified_gmt":"2016-09-19T23:40:45","slug":"pastviny-plne-placeki","status":"publish","type":"post","link":"https:\/\/www.moravecteam.cz\/?p=5562","title":{"rendered":"Pastviny pln\u00e9 &#8222;placek&#8220;!"},"content":{"rendered":"<p style=\"text-align: justify;\"><span style=\"color: #800000;\"><strong>T\u011bmi &#8222;plackami&#8220; nemysl\u00edme ty na plotn\u011b maminkou pe\u010den\u00e9, ale tentokr\u00e1t ty kovov\u00e9, a rovnou ty vykut\u00e9 z kov\u016f, kter\u00e9 jsou v\u0161eobecn\u011b cen\u011bny jako vz\u00e1cn\u00e9. Na velenovsk\u00fdch pastvin\u00e1ch jsme jich p\u0159i p\u0159edposledn\u00edm z\u00e1vod\u011b MTB Poh\u00e1ru Drahansk\u00e9 vrchoviny 2016 posb\u00edrali \u00factyhodn\u00fdch 16, p\u0159i\u010dem\u017e jejich skladba je v po\u010dtu \u0161est zlat\u00fdch, \u0161est st\u0159\u00edbrn\u00fdch a \u010dty\u0159i bronzov\u00e9! A kdy\u017e k tomu p\u0159ipo\u010dteme, \u017ee se po Krist\u00fdnce Kol\u00e1\u0159ov\u00e9 stali dal\u0161\u00ed t\u0159i borci a jedna borka z MORAVEC Teamu ji\u017e jist\u00fdmi celkov\u00fdmi v\u00edt\u011bzi ve sv\u00fdch kategori\u00edch, m\u016f\u017eeme si Velenov ozna\u010dit symbolicky par\u00e1dn\u00edm, velk\u00fdm &#8222;V&#8220;!<\/strong><\/span><\/p>\n<figure id=\"attachment_5584\" aria-describedby=\"caption-attachment-5584\" style=\"width: 1794px\" class=\"wp-caption alignnone\"><a href=\"http:\/\/www.moravecteam.cz\/?attachment_id=5584\" rel=\"attachment wp-att-5584\"><img decoding=\"async\" loading=\"lazy\" class=\" wp-image-5584\" alt=\"img_0915\" src=\"http:\/\/www.moravecteam.cz\/wp-content\/uploads\/2016\/09\/IMG_0915.jpg\" width=\"1794\" height=\"940\" srcset=\"https:\/\/www.moravecteam.cz\/wp-content\/uploads\/2016\/09\/IMG_0915.jpg 1794w, https:\/\/www.moravecteam.cz\/wp-content\/uploads\/2016\/09\/IMG_0915-300x157.jpg 300w, https:\/\/www.moravecteam.cz\/wp-content\/uploads\/2016\/09\/IMG_0915-1024x536.jpg 1024w\" sizes=\"(max-width: 1794px) 100vw, 1794px\" \/><\/a><figcaption id=\"caption-attachment-5584\" class=\"wp-caption-text\">Lucka Koudelkov\u00e1 \u00fato\u010dila na \u010delo ze zadn\u00edch pozic.<\/figcaption><\/figure>\n<p style=\"text-align: justify;\">U\u017e ve startu odr\u00e1\u017eedel &#8211; d\u00edvek jsme ma\u010dkali pale\u010dky usm\u011bvav\u00e9 Ad\u00e9lce V\u011brn\u00e9, kter\u00e1 m\u00e1 mezi n\u00e1s nakro\u010deno a absolvovala ji\u017e n\u011bkolik tr\u00e9nink\u016f pod veden\u00edm \u0161\u00e9fa MORAVEC Junior Teamu &#8211; Milana Tlamky. A v dramatick\u00e9m z\u00e1vod\u011b prok\u00e1zala Ad\u00e9lka v\u00edt\u011bzstv\u00edm sv\u016fj nesporn\u00fd cyklistick\u00fd talent! Na\u0161e srdce pak pook\u0159\u00e1la p\u0159i startu d\u00edvek do 6 let. Byla to <span style=\"color: #800000;\"><strong>Magdal\u00e9nka Barto\u0161ov\u00e1<\/strong><\/span>, kdo ud\u011blala z\u00e1vod, by\u0165 ve fini\u0161i podlehla v boji o zlato Lucince Gottwaldov\u00e9 (mimo chodem Lucinka spolu se svoj\u00ed sastrou Am\u00e1lkou, jsou dal\u0161\u00edmi \u010derstv\u00fdmi posilami MORAVEC Junior Teamu). Na bronzov\u00e9 pozici pak svoji sestru jistila dal\u0161\u00ed na\u0161e spolehliv\u00e1 reprezentantka &#8211; <span style=\"color: #800000;\"><strong>Maru\u0161ka Barto\u0161ov\u00e1.\u00a0<\/strong><span style=\"color: #000000;\">I start kluk\u016f kategori 7-8 let n\u00e1s eminentn\u011b zaj\u00edmal. <strong><span style=\"color: #800000;\">Matou\u0161ek Lipensk\u00fd<\/span><\/strong> mohl toti\u017e u\u017e ve Velenov\u011b s p\u0159edstihem rozhodnout o sv\u00e9m celkov\u00e9m prvenstv\u00ed. A \u0161ikovn\u00fd biker ze Sk\u0159\u00edpova to dok\u00e1zal, kdy\u017e mu k tomu sta\u010dila v z\u00e1vod\u011b vybojovan\u00e1 t\u0159et\u00ed &#8222;bedna&#8220;! Dal\u0161\u00ed supr z\u00e1\u017eitek n\u00e1m p\u0159ipravila ve startu d\u00edvek 7-8 let <strong><span style=\"color: #800000;\">Lucinka Koudelkov\u00e1<\/span><\/strong>, kter\u00e1 zv\u00edt\u011bzila po dech berouc\u00edm souboji s letos skv\u011ble z\u00e1vod\u00edc\u00ed \u017danetou Kupskou z Brna.<\/span><\/span><\/p>\n<figure id=\"attachment_5578\" aria-describedby=\"caption-attachment-5578\" style=\"width: 2000px\" class=\"wp-caption alignnone\"><a href=\"http:\/\/www.moravecteam.cz\/?attachment_id=5578\" rel=\"attachment wp-att-5578\"><img decoding=\"async\" loading=\"lazy\" class=\" wp-image-5578\" alt=\"img_1131\" src=\"http:\/\/www.moravecteam.cz\/wp-content\/uploads\/2016\/09\/IMG_1131.jpg\" width=\"2000\" height=\"1500\" srcset=\"https:\/\/www.moravecteam.cz\/wp-content\/uploads\/2016\/09\/IMG_1131.jpg 2000w, https:\/\/www.moravecteam.cz\/wp-content\/uploads\/2016\/09\/IMG_1131-300x225.jpg 300w, https:\/\/www.moravecteam.cz\/wp-content\/uploads\/2016\/09\/IMG_1131-1024x768.jpg 1024w\" sizes=\"(max-width: 2000px) 100vw, 2000px\" \/><\/a><figcaption id=\"caption-attachment-5578\" class=\"wp-caption-text\">&#8222;Contador&#8220; p\u0159eb\u00edr\u00e1 spou s Kubou Tesa\u0159em ocen\u011bn\u00ed z rukou nejpovolovan\u011bj\u0161\u00edch!<\/figcaption><\/figure>\n<p style=\"text-align: justify;\"><span style=\"color: #800000;\"><span style=\"color: #000000;\">I br\u00e1cha Lucie svedl ve druh\u00e9m bloku start\u016f vyrovnan\u00fd souboj o zlato, tentokr\u00e1t ale s opa\u010dn\u00fdm koncem. St\u0159\u00edbro z Velenova \u00a0po bojovn\u00e9m v\u00fdkonu &#8222;na krev&#8220; ale\u00a0<span style=\"color: #800000;\"><strong>Maty\u00e1\u0161ovi Koudelkovi<\/strong><\/span> \u00a0moc slu\u0161elo, nav\u00edc ho tento v\u00fdsledek st\u00e1le dr\u017e\u00ed ve h\u0159e o celkovou &#8222;velkou zlatou hroudu&#8220;. Po dv\u00e1t\u00e9 vyrazil na tra\u0165 z\u00e1vodu MTB &#8222;Vrchoviny&#8220; star\u0161\u00ed \u017e\u00e1\u00a0<strong><span style=\"color: #800000;\">Tom\u00e1\u0161 Tlamka &#8222;Contador&#8220;<\/span><\/strong> a po dev\u00e1t\u00e9 se v c\u00edli radoval z v\u00edt\u011bzstv\u00ed! Tomova leto\u0161n\u00ed spanil\u00e1 j\u00edzda jenom podtrhuje, jak v\u00fdsledkov\u011b v\u00fdbornou sez\u00f3nu tento hoch m\u00e1: mistr \u010cR v MTB XCE, druh\u00fd v\u00edcemistr \u010cR v MTB XCO, v\u00edt\u011bz z Langenlois, krajsk\u00fd \u0161ampion na silnici a 12. biker z ME v rakousk\u00e9m Grazu si tedy m\u016f\u017ee po sobot\u011b p\u0159ipsat dal\u0161\u00ed leto\u0161n\u00ed cenn\u00fd \u00fasp\u011bch&#8230; Nav\u00edc ho na stupn\u011b v\u00edt\u011bz\u016f doprovodil v c\u00edli bronzov\u00fd <span style=\"color: #800000;\"><strong>Jakub Tesa\u0159<\/strong><\/span>! Prvn\u00ed &#8222;bednou&#8220; &#8222;Contadora&#8220; ve Velenov\u011b okop\u00edrovala jemu v\u011bkem rovn\u00e1 <span style=\"color: #800000;\"><strong>Krist\u00fdna Kol\u00e1\u0159ov\u00e1<\/strong><\/span>. Ta jako by cht\u011bla na pastvin\u00e1ch uk\u00e1zat, \u017ee titul v d\u00edv\u010d\u00ed presti\u017en\u00ed kategorii je ve spr\u00e1vn\u00fdch rukou!<\/span><\/span><\/p>\n<figure id=\"attachment_5579\" aria-describedby=\"caption-attachment-5579\" style=\"width: 2000px\" class=\"wp-caption alignnone\"><a href=\"http:\/\/www.moravecteam.cz\/?attachment_id=5579\" rel=\"attachment wp-att-5579\"><img decoding=\"async\" loading=\"lazy\" class=\" wp-image-5579\" alt=\"img_1142\" src=\"http:\/\/www.moravecteam.cz\/wp-content\/uploads\/2016\/09\/IMG_1142.jpg\" width=\"2000\" height=\"1220\" srcset=\"https:\/\/www.moravecteam.cz\/wp-content\/uploads\/2016\/09\/IMG_1142.jpg 2000w, https:\/\/www.moravecteam.cz\/wp-content\/uploads\/2016\/09\/IMG_1142-300x183.jpg 300w, https:\/\/www.moravecteam.cz\/wp-content\/uploads\/2016\/09\/IMG_1142-1024x624.jpg 1024w\" sizes=\"(max-width: 2000px) 100vw, 2000px\" \/><\/a><figcaption id=\"caption-attachment-5579\" class=\"wp-caption-text\">Kadeti \/ junio\u0159i n\u00e1m ud\u011blali v z\u00e1vod\u011b velkou radst.<\/figcaption><\/figure>\n<p style=\"text-align: justify;\">Pro MORAVEC medailov\u011b nej\u00fasp\u011b\u0161n\u011bj\u0161\u00ed byl posledn\u00ed, odpoledn\u00ed start juniorsk\u00fdch, kadetsk\u00fdch a dosp\u011bl\u00fdch kategori\u00ed. Radost n\u00e1m ud\u011blali ziskem hattricku juniorky \/ kadetky, kdy\u017e se v c\u00edli se\u0159adili v po\u0159ad\u00ed <strong><span style=\"color: #800000;\">Anna Zem\u00e1nkov\u00e1<\/span><\/strong> &#8211; <span style=\"color: #800000;\"><strong>Jana Tesa\u0159ov\u00e1<\/strong><\/span> &#8211; <strong><span style=\"color: #800000;\">Monika Kone\u010dn\u00e1<\/span><\/strong>. Jejich t\u00fdmov\u00ed vrstevn\u00edci nem\u011bli k analogick\u00e9mu v\u00fdsledku daleko. Zlato vybojoval suver\u00e9nn\u011b <span style=\"color: #800000;\"><strong>Dominik Prudek<\/strong><\/span>, kter\u00e9mu v pr\u016fb\u011bhu \u010dty\u0159 kol dok\u00e1zal odolat pouze v\u00edt\u011bz kategorie mu\u017e\u016f ELITE &#8211; Roman Kubica (ten ale startoval o minutu d\u0159\u00edve). Tak\u017ee Dom\u010d\u016fv sobotn\u00ed v\u00fdkon &#8211; super! Na &#8222;bedenu&#8220; ho doprovodil v soboti v c\u00edli st\u0159\u00edbrn\u00fd <span style=\"color: #800000;\"><strong>Karel Vinick\u00fd<\/strong><\/span> a zmi\u0148ovan\u00fd hattrick m\u00e1lem zkompletoval ve Velenov\u011b skv\u011ble jedouc\u00ed <span style=\"color: #800000;\"><strong>V\u00ed\u0165a Such\u00e1nek<\/strong><\/span>. Ve state\u010dn\u00e9m \u00a0boji o bronz ale nakonec v c\u00edli \u00a0podlehl hul\u00ednsk\u00e9m Jakubu Letevovi, Kdy\u017e &#8222;nezacinkal&#8220; druh\u00fd hattric, zacinkalo alespo\u0148 &#8222;double&#8220; v z\u00e1vod\u011b Masters III d\u00edky <span style=\"color: #800000;\"><strong>V\u00ed\u0165ovi Prudkovi<\/strong><\/span> (vyhr\u00e1l Velenov u\u017e po \u010dtvrt\u00e9), a <span style=\"color: #800000;\"><strong>Jirlkovi \u0160t\u011bpan\u00edkovi st.<\/strong><\/span>, kter\u00fd si ziskem st\u0159\u00edbra hodn\u011b p\u0159ibl\u00ed\u017eil p\u00f3diov\u00e9 um\u00edst\u011bn\u00ed v r\u00e1mci celkov\u00e9ho po\u0159ad\u00ed. Dal\u0161\u00ed z fantastick\u00fdch souboj\u016f p\u0159edvedli ve Velenov\u011b n\u00e1\u0161 <span style=\"color: #800000;\"><strong>Martin Gottwald<\/strong><\/span> s Davidem Soukupem. Ke zlatu v z\u00e1vod\u011b chyb\u011blo Martinovi. \u00a0m\u00e1lo&#8230; P\u0159esto &#8211; \u00a0zisk st\u0159\u00edbra ho s p\u0159edstihem p\u0159edur\u010dil jako celkov\u00e9ho v\u00edt\u011bze sv\u00e9 kategorie. Zde si odkontrolujte na\u0161e sobotn\u00ed &#8222;r\u00fd\u017eov\u00e1n\u00ed&#8220; na velenovsk\u00fdch pastvin\u00e1ch:<\/p>\n<ul>\n<li>D\u00edvky do 6 let\u00a0&#8211;\u00a0<span style=\"color: #808080;\"><strong>2. Magdalenka Barto\u0161ov\u00e1,<\/strong><\/span>\u00a0<strong><span style=\"color: #800000;\">3. Maru\u0161ka Barto\u0161ov\u00e1<\/span><\/strong><\/li>\n<li>D\u00edvky 7-8 let &#8211; <span style=\"color: #ff6600;\"><strong>1. Lucie Koudelkov\u00e1<\/strong><\/span><\/li>\n<li>Chlapci 7-8 let &#8211; <strong><span style=\"color: #800000;\">3. Matou\u0161 Lipensk\u00fd<\/span><\/strong><\/li>\n<li>Chlapci 9-10 let &#8211; <strong><span style=\"color: #808080;\">2. Maty\u00e1\u0161 Koudelka<\/span><\/strong><\/li>\n<li>Star\u0161\u00ed \u017e\u00e1ci \u2013 <strong><span style=\"color: #ff6600;\">1. Tom\u00e1\u0161 Tlamka &#8222;Contador&#8220;,<\/span><\/strong>\u00a0<span style=\"color: #800000;\"><strong>3. Jakub Tesa\u0159<\/strong><\/span><\/li>\n<li>Star\u0161\u00ed \u017e\u00e1kyn\u011b &#8211; <strong><span style=\"color: #ff6600;\">1. Krist\u00fdna Kol\u00e1\u0159ov\u00e1<\/span><\/strong><\/li>\n<li>Juniorky, kadetky \u2013 <strong><span style=\"color: #ff6600;\">1. Anna Zem\u00e1nkov\u00e1<\/span><\/strong>, <strong><span style=\"color: #808080;\">2. Jana Tesa\u0159ov\u00e1<\/span><\/strong>, <span style=\"color: #800000;\"><strong>3.\u00a0Monika Kone\u010dn\u00e1<\/strong><\/span><\/li>\n<li>Junio\u0159i, kadeti \u00a0<strong><span style=\"color: #ff6600;\">1. Dominik Prudek<\/span><\/strong>, <strong><span style=\"color: #808080;\">2. Karel Vinick\u00fd<\/span><\/strong><\/li>\n<li>Mu\u017ei Masters II &#8211;\u00a0<strong><span style=\"color: #808080;\">2. Martin Gottwald<\/span><\/strong><\/li>\n<li>Mu\u017ei Masters III &#8211; <strong><span style=\"color: #ff6600;\">1. V\u00edt\u0165a Prudek<\/span><\/strong>, <strong><span style=\"color: #808080;\">2. Jirka \u0160t\u011bpan\u00edk st.<\/span><\/strong><\/li>\n<\/ul>\n<figure id=\"attachment_5585\" aria-describedby=\"caption-attachment-5585\" style=\"width: 1246px\" class=\"wp-caption alignnone\"><a href=\"http:\/\/www.moravecteam.cz\/?attachment_id=5585\" rel=\"attachment wp-att-5585\"><img decoding=\"async\" loading=\"lazy\" class=\" wp-image-5585\" alt=\"img_1241\" src=\"http:\/\/www.moravecteam.cz\/wp-content\/uploads\/2016\/09\/IMG_1241.jpg\" width=\"1246\" height=\"1461\" srcset=\"https:\/\/www.moravecteam.cz\/wp-content\/uploads\/2016\/09\/IMG_1241.jpg 1246w, https:\/\/www.moravecteam.cz\/wp-content\/uploads\/2016\/09\/IMG_1241-255x300.jpg 255w, https:\/\/www.moravecteam.cz\/wp-content\/uploads\/2016\/09\/IMG_1241-873x1024.jpg 873w\" sizes=\"(max-width: 1246px) 100vw, 1246px\" \/><\/a><figcaption id=\"caption-attachment-5585\" class=\"wp-caption-text\">Ani ne tak boj Leo\u0161e Bal\u00e1ka se soupe\u0159i, jako s neovladateln\u00fdm kolem..<\/figcaption><\/figure>\n<div style=\"text-align: justify;\">A je\u0161t\u011b jeden post\u0159eh: jedn\u00edm z favorit\u016f z\u00e1vodu Masters II byl i n\u00e1\u0161 Leo\u0161 Bal\u00e1k, z\u00e1vod\u00edc\u00ed na zbrusu nov\u00e9 technice. Nov\u00fd bik se v\u0161ak hodn\u011b po technick\u00e9 str\u00e1nce podobal SOYUZU 1, kter\u00fd m\u011bl kdysi svoji vesm\u00edrnou premi\u00e9ru za pilot\u00e1\u017ee Vladimira Komarova v r.1966. Moc nefungoval&#8230; Zat\u00edm co ale vrtochy techniky st\u00e1ly Komarova \u017eivot, Leo\u0161 samoz\u0159ejm\u011b Velenov p\u0159e\u017eil. Nav\u00edc v\u0161em uk\u00e1zal, jak bojuje MORAVEC: s nefunk\u010d\u00edm kolem nejen \u017ee nevzdal, ale poklusem s n\u00edm p\u0159ib\u011bhnul do c\u00edle&#8230; Hv\u011bzdou prost\u0159edn\u00edho bloku vyhla\u0161ov\u00e1n\u00ed v\u00edt\u011bz\u016f byla b\u00fdval\u00e1 \u00fasp\u011b\u0161n\u00e1 olympioni\u010dka (7. m\u00edsto ve sprintu \u017een na 100 m na LOH v Lond\u00fdn\u011b 2012) Olga Old\u0159ichov\u00e1 &#8211; \u0160icnerov\u00e1. A tak si Tom\u00e1\u0161 Tlamka &#8222;Contador&#8220; spolu s Kubou Tesa\u0159em, Maty\u00e1\u0161em Koudelkou a Krist\u00fdnou Kol\u00e1\u0159ovou mohli u\u017e\u00edt dekorace na stupn\u00edch v\u00edt\u011bz\u016f \u00a0od t\u00e9to v\u00fdjime\u010dn\u00e9 sportovkyn\u011b. Za Velenov pat\u0159\u00ed v\u0161em velk\u00fd d\u00edk za p\u0159edveden\u00e9 v\u00fdkony a k medailist\u016fm let\u00ed na\u0161e gratulova\u010dkas p\u0159\u00e1n\u00edm, a\u0165 se formu poda\u0159\u00ed z\u00faro\u010dit i p\u0159i fin\u00e1le za t\u00fdden v Boskovic\u00edch! Zde mrkn\u011bte na\u00a0<strong><a href=\"http:\/\/moravecteam.rajce.idnes.cz\/\">dv\u011b fotogalerie<\/a>\u00a0<\/strong>a tu\u0165 zase na kompletn\u00ed\u00a0<strong><a href=\"http:\/\/vysledky.pohardrahanskevrchoviny.cz\/2016\/?page=vysledky\">v\u00fdsledkov\u00fd servis<\/a>&#8230;<\/strong><\/div>\n<p>&nbsp;<\/p>\n<p>&nbsp;<\/p>\n","protected":false},"excerpt":{"rendered":"<p>T\u011bmi &#8222;plackami&#8220; nemysl\u00edme ty na plotn\u011b maminkou pe\u010den\u00e9, ale tentokr\u00e1t ty kovov\u00e9, a rovnou ty vykut\u00e9 z kov\u016f, kter\u00e9 jsou v\u0161eobecn\u011b cen\u011bny jako vz\u00e1cn\u00e9. Na velenovsk\u00fdch pastvin\u00e1ch jsme jich p\u0159i p\u0159edposledn\u00edm z\u00e1vod\u011b MTB Poh\u00e1ru Drahansk\u00e9 vrchoviny 2016 posb\u00edrali \u00factyhodn\u00fdch 16, p\u0159i\u010dem\u017e jejich skladba je v po\u010dtu \u0161est zlat\u00fdch, \u0161est st\u0159\u00edbrn\u00fdch a \u010dty\u0159i bronzov\u00e9! A kdy\u017e &hellip; <a href=\"https:\/\/www.moravecteam.cz\/?p=5562\" class=\"more-link\">Pokra\u010dov\u00e1n\u00ed textu <span class=\"screen-reader-text\">Pastviny pln\u00e9 &#8222;placek&#8220;!<\/span> <span class=\"meta-nav\">&rarr;<\/span><\/a><\/p>\n","protected":false},"author":3,"featured_media":5581,"comment_status":"open","ping_status":"closed","sticky":false,"template":"","format":"standard","meta":[],"categories":[1],"tags":[],"_links":{"self":[{"href":"https:\/\/www.moravecteam.cz\/index.php?rest_route=\/wp\/v2\/posts\/5562"}],"collection":[{"href":"https:\/\/www.moravecteam.cz\/index.php?rest_route=\/wp\/v2\/posts"}],"about":[{"href":"https:\/\/www.moravecteam.cz\/index.php?rest_route=\/wp\/v2\/types\/post"}],"author":[{"embeddable":true,"href":"https:\/\/www.moravecteam.cz\/index.php?rest_route=\/wp\/v2\/users\/3"}],"replies":[{"embeddable":true,"href":"https:\/\/www.moravecteam.cz\/index.php?rest_route=%2Fwp%2Fv2%2Fcomments&post=5562"}],"version-history":[{"count":11,"href":"https:\/\/www.moravecteam.cz\/index.php?rest_route=\/wp\/v2\/posts\/5562\/revisions"}],"predecessor-version":[{"id":5582,"href":"https:\/\/www.moravecteam.cz\/index.php?rest_route=\/wp\/v2\/posts\/5562\/revisions\/5582"}],"wp:featuredmedia":[{"embeddable":true,"href":"https:\/\/www.moravecteam.cz\/index.php?rest_route=\/wp\/v2\/media\/5581"}],"wp:attachment":[{"href":"https:\/\/www.moravecteam.cz\/index.php?rest_route=%2Fwp%2Fv2%2Fmedia&parent=5562"}],"wp:term":[{"taxonomy":"category","embeddable":true,"href":"https:\/\/www.moravecteam.cz\/index.php?rest_route=%2Fwp%2Fv2%2Fcategories&post=5562"},{"taxonomy":"post_tag","embeddable":true,"href":"https:\/\/www.moravecteam.cz\/index.php?rest_route=%2Fwp%2Fv2%2Ftags&post=5562"}],"curies":[{"name":"wp","href":"https:\/\/api.w.org\/{rel}","templated":true}]}}