{"id":5566,"date":"2016-09-20T00:59:12","date_gmt":"2016-09-19T22:59:12","guid":{"rendered":"http:\/\/www.moravecteam.cz\/?p=5566"},"modified":"2016-09-21T08:23:35","modified_gmt":"2016-09-21T06:23:35","slug":"dvakrat-zlate-brno","status":"publish","type":"post","link":"https:\/\/www.moravecteam.cz\/?p=5566","title":{"rendered":"Dvakr\u00e1t zlat\u00e9 Brno!"},"content":{"rendered":"<p style=\"text-align: justify;\"><span style=\"color: #800000;\"><strong>V\u011bru, \u017ee na v\u00fdznamn\u00e9 cyklistick\u00e9 akce byl hodn\u011b bohat\u00fd minul\u00fd v\u00edkend&#8230; Krom\u011b silni\u010dn\u00edho Mistrovstv\u00ed Evropy ve Francii (zaj\u00edmalo n\u00e1s d\u00edky p\u0159\u00edm\u00e9 \u00fa\u010dasti Ad\u00e9ly \u0160af\u00e1\u0159ov\u00e9), se jela v sobotu ve Velenov\u011b p\u0159edposledn\u00ed MTB &#8222;Vrchovina&#8220; a n\u00e1vdavkem bylo pro z\u00e1vod\u011bn\u00ed neust\u00e1le la\u010dn\u00e9 bikery i brn\u011bnsk\u00e9\u00a0\u00a0Cannondale MTB krit\u00e9rium, kter\u00e9 se v centru jihomoravsk\u00e9 metropole jelo v ned\u011bli. Barvy MORAVEC Teamu nechyb\u011bly a oba starty na\u0161ich dvou reprezentant\u016f m\u011bli po z\u00e1vod\u011b na stupn\u00edch v\u00edt\u011bz\u016f kr\u00e1snou zlatou dohru!<\/strong><\/span><\/p>\n<figure id=\"attachment_5608\" aria-describedby=\"caption-attachment-5608\" style=\"width: 607px\" class=\"wp-caption alignnone\"><a href=\"http:\/\/www.moravecteam.cz\/?attachment_id=5608\" rel=\"attachment wp-att-5608\"><img decoding=\"async\" loading=\"lazy\" class=\" wp-image-5608\" alt=\"20160918_161345\" src=\"http:\/\/www.moravecteam.cz\/wp-content\/uploads\/2016\/09\/20160918_1613451.jpg\" width=\"607\" height=\"488\" srcset=\"https:\/\/www.moravecteam.cz\/wp-content\/uploads\/2016\/09\/20160918_1613451.jpg 607w, https:\/\/www.moravecteam.cz\/wp-content\/uploads\/2016\/09\/20160918_1613451-300x241.jpg 300w\" sizes=\"(max-width: 607px) 100vw, 607px\" \/><\/a><figcaption id=\"caption-attachment-5608\" class=\"wp-caption-text\">Jana Tesa\u0159ov\u00e1 zn\u00e1 brn\u011bnsk\u00fd m\u011bstsk\u00fd okruh d\u016fv\u011brn\u011b ji\u017e z minul\u00e9ho roku. A tuto zku\u0161enost dok\u00e1zala p\u0159i ned\u011bln\u00edm z\u00e1vod\u011b v\u00fdborn\u011b z\u00faro\u010dit!<\/figcaption><\/figure>\n<p style=\"text-align: justify;\">Na rozd\u00edl od &#8222;velk\u00e9ho Jardy&#8220;, kter\u00fd si medailov\u011b v Brn\u011b &#8211; k asi dost velk\u00e9mu zklam\u00e1n\u00ed fanou\u0161k\u016f &#8211; zdaleka &#8222;ani ne\u0161ktnul&#8220;, na\u0161i dva &#8222;repro\u0161i&#8220;, toho \u010dasu trvale soustavn\u011b v tr\u00e9ninku, na tom byli v\u00fdsledkov\u011b diametr\u00e1ln\u011b dost odli\u0161n\u011b&#8230; Z nemoci se postupn\u011b zotavuj\u00edc\u00ed <span style=\"color: #800000;\"><strong>Jana Tesa\u0159ov\u00e1<\/strong><\/span> ovl\u00e1dla s p\u0159ehledem kategori juniorek stylem start &#8211; c\u00edl, p\u0159i\u010dem\u017e v absolutn\u00edm po\u0159ad\u00ed mezi \u017eenami brala\u00a0v\u00fdborn\u00e9, \u00a04. m\u00edsto!<\/p>\n<p style=\"text-align: justify;\"><a href=\"http:\/\/www.moravecteam.cz\/?attachment_id=5599\" rel=\"attachment wp-att-5599\"><img decoding=\"async\" loading=\"lazy\" class=\"alignnone size-full wp-image-5599\" alt=\"20160918_161730\" src=\"http:\/\/www.moravecteam.cz\/wp-content\/uploads\/2016\/09\/20160918_161730.jpg\" width=\"1253\" height=\"935\" srcset=\"https:\/\/www.moravecteam.cz\/wp-content\/uploads\/2016\/09\/20160918_161730.jpg 1253w, https:\/\/www.moravecteam.cz\/wp-content\/uploads\/2016\/09\/20160918_161730-300x223.jpg 300w, https:\/\/www.moravecteam.cz\/wp-content\/uploads\/2016\/09\/20160918_161730-1024x764.jpg 1024w\" sizes=\"(max-width: 1253px) 100vw, 1253px\" \/><\/a><\/p>\n<p style=\"text-align: justify;\">Obdobn\u011b v\u00fdte\u010dn\u011b si vedl i dal\u0161\u00ed n\u00e1\u0161 junior, zku\u0161en\u00fd reprezentant, <span style=\"color: #800000;\"><strong>Dominik Prudek, <\/strong><span style=\"color: #000000;\">za\u017e\u00edvaj\u00edc\u00ed letos v pravd\u011b TOP sez\u00f3nu<\/span><\/span>. I on svoji kategorii suver\u00e9nn\u011b ovl\u00e1dl a v absolutn\u00edm po\u0159ad\u00ed v hlavn\u00edm z\u00e1vod\u011b\u00a0velmi razantn\u011b nakukovak do TOP 10! Bravo Bravo Dominik Prudek, bravo Jana &#8222;D\u017eejn&#8220; Tesa\u0159ov\u00e1! D\u00edky ob\u011bma za vzorn\u00e9 repre MORAVCE, a tak\u00e9 tak samoz\u0159ejm\u011b i podp\u016frn\u00fdm rodinn\u00fdm t\u00fdm\u016fm&#8230;. Zde jsou\u00a0<strong><a href=\"http:\/\/www.mtbkriterium.cz\/\">kompletn\u00ed v\u00fdsledky<\/a><\/strong><a href=\"http:\/\/www.mtbkriterium.cz\/\">\u00a0<\/a>.<\/p>\n<p>&nbsp;<\/p>\n","protected":false},"excerpt":{"rendered":"<p>V\u011bru, \u017ee na v\u00fdznamn\u00e9 cyklistick\u00e9 akce byl hodn\u011b bohat\u00fd minul\u00fd v\u00edkend&#8230; Krom\u011b silni\u010dn\u00edho Mistrovstv\u00ed Evropy ve Francii (zaj\u00edmalo n\u00e1s d\u00edky p\u0159\u00edm\u00e9 \u00fa\u010dasti Ad\u00e9ly \u0160af\u00e1\u0159ov\u00e9), se jela v sobotu ve Velenov\u011b p\u0159edposledn\u00ed MTB &#8222;Vrchovina&#8220; a n\u00e1vdavkem bylo pro z\u00e1vod\u011bn\u00ed neust\u00e1le la\u010dn\u00e9 bikery i brn\u011bnsk\u00e9\u00a0\u00a0Cannondale MTB krit\u00e9rium, kter\u00e9 se v centru jihomoravsk\u00e9 metropole jelo v ned\u011bli. Barvy &hellip; <a href=\"https:\/\/www.moravecteam.cz\/?p=5566\" class=\"more-link\">Pokra\u010dov\u00e1n\u00ed textu <span class=\"screen-reader-text\">Dvakr\u00e1t zlat\u00e9 Brno!<\/span> <span class=\"meta-nav\">&rarr;<\/span><\/a><\/p>\n","protected":false},"author":3,"featured_media":5597,"comment_status":"open","ping_status":"closed","sticky":false,"template":"","format":"standard","meta":[],"categories":[1],"tags":[],"_links":{"self":[{"href":"https:\/\/www.moravecteam.cz\/index.php?rest_route=\/wp\/v2\/posts\/5566"}],"collection":[{"href":"https:\/\/www.moravecteam.cz\/index.php?rest_route=\/wp\/v2\/posts"}],"about":[{"href":"https:\/\/www.moravecteam.cz\/index.php?rest_route=\/wp\/v2\/types\/post"}],"author":[{"embeddable":true,"href":"https:\/\/www.moravecteam.cz\/index.php?rest_route=\/wp\/v2\/users\/3"}],"replies":[{"embeddable":true,"href":"https:\/\/www.moravecteam.cz\/index.php?rest_route=%2Fwp%2Fv2%2Fcomments&post=5566"}],"version-history":[{"count":8,"href":"https:\/\/www.moravecteam.cz\/index.php?rest_route=\/wp\/v2\/posts\/5566\/revisions"}],"predecessor-version":[{"id":5610,"href":"https:\/\/www.moravecteam.cz\/index.php?rest_route=\/wp\/v2\/posts\/5566\/revisions\/5610"}],"wp:featuredmedia":[{"embeddable":true,"href":"https:\/\/www.moravecteam.cz\/index.php?rest_route=\/wp\/v2\/media\/5597"}],"wp:attachment":[{"href":"https:\/\/www.moravecteam.cz\/index.php?rest_route=%2Fwp%2Fv2%2Fmedia&parent=5566"}],"wp:term":[{"taxonomy":"category","embeddable":true,"href":"https:\/\/www.moravecteam.cz\/index.php?rest_route=%2Fwp%2Fv2%2Fcategories&post=5566"},{"taxonomy":"post_tag","embeddable":true,"href":"https:\/\/www.moravecteam.cz\/index.php?rest_route=%2Fwp%2Fv2%2Ftags&post=5566"}],"curies":[{"name":"wp","href":"https:\/\/api.w.org\/{rel}","templated":true}]}}