{"id":5569,"date":"2016-09-20T01:22:14","date_gmt":"2016-09-19T23:22:14","guid":{"rendered":"http:\/\/www.moravecteam.cz\/?p=5569"},"modified":"2016-09-20T22:14:11","modified_gmt":"2016-09-20T20:14:11","slug":"ce-se-bude-dit-st38","status":"publish","type":"post","link":"https:\/\/www.moravecteam.cz\/?p=5569","title":{"rendered":"Ce se bude d\u00edt? (ST38)"},"content":{"rendered":"<h5><span style=\"color: #800000;\">St\u0159eda 21.9. 2016<\/span><\/h5>\n<p style=\"text-align: justify;\">Tr\u00e9nink mlad\u00fdch cyklist\u016f druh\u00e9 vlny venku na kolech s tren\u00e9rem <span style=\"color: #800000;\"><strong>Milanem Tlamkou (776 108 046)<\/strong><\/span> a jeho asistenty.\u00a0Sraz v 17.00 na brokov\u00e9 st\u0159elnici v Boskovic\u00edch. \u00c1\u010dko MORAVCE v t\u00fddnu potr\u00e9nuje dle pokyn\u016f tren\u00e9ra\u00a0<strong><span style=\"color: #800000;\">V\u00edti Prudka (731 180 096)<\/span><\/strong>.<\/p>\n<h5><span style=\"color: #800000;\">Sobota 24.9. 2016<\/span><\/h5>\n<ul>\n<li style=\"text-align: justify;\">P\u0159\u00edprava trat\u00ed fin\u00e1lov\u00e9ho z\u00e1vodu v Boskovic\u00edch. Sraz ve 13.30 v prostoru startu a c\u00edle (brokov\u00e1 st\u0159elnice).<\/li>\n<li style=\"text-align: justify;\">Od 17.00 hodin tr\u00e9nink MORAVC\u016e na trat\u00edch fin\u00e1lov\u00e9ho z\u00e1vodu MTB Poh\u00e1ru Drahansk\u00e9 vrchoviny, v Boskovic\u00edch.<\/li>\n<\/ul>\n<h5><span style=\"color: #800000;\"><strong>Ned\u011ble 25.9. 2016<\/strong><\/span><\/h5>\n<p style=\"text-align: justify;\">Finlov\u00fd \u00a0z\u00e1vod 15. ro\u010dn\u00edku MTB Poh\u00e1ru Drahansk\u00e9 Vrchoviny v Boskovic\u00edch. Sraz MORAVC\u016e, kte\u0159\u00ed budou pom\u00e1hat s organizac\u00ed z\u00e1vodu je v 7.45 hodin v prostoru startu a c\u00edle z\u00e1vodu (brokov\u00e1 st\u0159elnice &#8211; Boskovice, \u0160melcovna). Ostatn\u00ed si \u00fa\u010dast a dopravu na z\u00e1vod zaji\u0161\u0165uj\u00ed individu\u00e1ln\u011b.\u00a0\u00a0Zde studujte\u00a0<strong><a href=\"http:\/\/www.pohardrahanskevrchoviny.cz\/strelnice-ozije\/\">propozice<\/a><\/strong>\u00a0a pl\u00e1nky trat\u00ed.<\/p>\n<h5><\/h5>\n<p>&nbsp;<\/p>\n","protected":false},"excerpt":{"rendered":"<p>St\u0159eda 21.9. 2016 Tr\u00e9nink mlad\u00fdch cyklist\u016f druh\u00e9 vlny venku na kolech s tren\u00e9rem Milanem Tlamkou (776 108 046) a jeho asistenty.\u00a0Sraz v 17.00 na brokov\u00e9 st\u0159elnici v Boskovic\u00edch. \u00c1\u010dko MORAVCE v t\u00fddnu potr\u00e9nuje dle pokyn\u016f tren\u00e9ra\u00a0V\u00edti Prudka (731 180 096). Sobota 24.9. 2016 P\u0159\u00edprava trat\u00ed fin\u00e1lov\u00e9ho z\u00e1vodu v Boskovic\u00edch. Sraz ve 13.30 v prostoru startu &hellip; <a href=\"https:\/\/www.moravecteam.cz\/?p=5569\" class=\"more-link\">Pokra\u010dov\u00e1n\u00ed textu <span class=\"screen-reader-text\">Ce se bude d\u00edt? (ST38)<\/span> <span class=\"meta-nav\">&rarr;<\/span><\/a><\/p>\n","protected":false},"author":3,"featured_media":5588,"comment_status":"open","ping_status":"closed","sticky":false,"template":"","format":"standard","meta":[],"categories":[11],"tags":[],"_links":{"self":[{"href":"https:\/\/www.moravecteam.cz\/index.php?rest_route=\/wp\/v2\/posts\/5569"}],"collection":[{"href":"https:\/\/www.moravecteam.cz\/index.php?rest_route=\/wp\/v2\/posts"}],"about":[{"href":"https:\/\/www.moravecteam.cz\/index.php?rest_route=\/wp\/v2\/types\/post"}],"author":[{"embeddable":true,"href":"https:\/\/www.moravecteam.cz\/index.php?rest_route=\/wp\/v2\/users\/3"}],"replies":[{"embeddable":true,"href":"https:\/\/www.moravecteam.cz\/index.php?rest_route=%2Fwp%2Fv2%2Fcomments&post=5569"}],"version-history":[{"count":5,"href":"https:\/\/www.moravecteam.cz\/index.php?rest_route=\/wp\/v2\/posts\/5569\/revisions"}],"predecessor-version":[{"id":5596,"href":"https:\/\/www.moravecteam.cz\/index.php?rest_route=\/wp\/v2\/posts\/5569\/revisions\/5596"}],"wp:featuredmedia":[{"embeddable":true,"href":"https:\/\/www.moravecteam.cz\/index.php?rest_route=\/wp\/v2\/media\/5588"}],"wp:attachment":[{"href":"https:\/\/www.moravecteam.cz\/index.php?rest_route=%2Fwp%2Fv2%2Fmedia&parent=5569"}],"wp:term":[{"taxonomy":"category","embeddable":true,"href":"https:\/\/www.moravecteam.cz\/index.php?rest_route=%2Fwp%2Fv2%2Fcategories&post=5569"},{"taxonomy":"post_tag","embeddable":true,"href":"https:\/\/www.moravecteam.cz\/index.php?rest_route=%2Fwp%2Fv2%2Ftags&post=5569"}],"curies":[{"name":"wp","href":"https:\/\/api.w.org\/{rel}","templated":true}]}}