{"id":5615,"date":"2016-09-24T22:22:28","date_gmt":"2016-09-24T20:22:28","guid":{"rendered":"http:\/\/www.moravecteam.cz\/?p=5615"},"modified":"2016-09-24T22:39:07","modified_gmt":"2016-09-24T20:39:07","slug":"bleskovky","status":"publish","type":"post","link":"https:\/\/www.moravecteam.cz\/?p=5615","title":{"rendered":"Bleskovky&#8230;"},"content":{"rendered":"<h5><span style=\"color: #800000;\">Boskovice hl\u00e1s\u00ed: p\u0159ipraveno!<\/span><\/h5>\n<p style=\"text-align: justify;\">Po\u010detn\u00e1 brig\u00e1da MORAVC\u016e dnes &#8222;poladila&#8220; v\u0161e pot\u0159ebn\u00e9 na ned\u011bln\u00ed fin\u00e1le MTB PDV v Boskovic\u00edch. Start ohl\u00e1sila nap\u0159\u00edklad opravdu docela po\u010detn\u00e1 skupina novic\u016f, kter\u00e9 jsme letos na &#8222;Vrchovin\u011b&#8220; sout\u011b\u017eit je\u0161t\u011b nevid\u011bli, v p\u0159edstihem p\u0159ijeli \u010dlenov\u00e9 t\u00fdmu TUFO CZ Otrokovice, tr\u00e9novali zde i rajd\u0159i Favoritu Brno \u010di Road Cross Teamu Blansko, Drahansk\u00e9ho Sportt\u00fdmu&#8230; Vypad\u00e1 to, \u017ee \u00fa\u010dastnicky Boskovice z leto\u0161n\u00edch vydatn\u00fdch \u00a0nadpr\u016fm\u011brn\u00fdch \u010d\u00edsel nijalk nevybo\u010d\u00ed&#8230; \u00a0A \u017ee jsme se p\u0159i pr\u00e1ci op\u011bt &#8211; jak jinak &#8211; bavili, to si ov\u011b\u0159te na t\u00e9to <strong><a href=\"http:\/\/moravecteam.rajce.idnes.cz\/2016.09.24._Priprava_finale_MTB_PDV_v_Boskovicich\/\">fotogalerii&#8230;<\/a><\/strong><\/p>\n<h5><span style=\"color: #800000;\">Cyklokros Ko\u0161umberk &#8211; MORAVCI na &#8222;bedn\u011b&#8220;!<\/span><\/h5>\n<p style=\"text-align: justify;\">&#8222;Rozplavba&#8220; na st\u0159ede\u010dn\u00ed <strong>prvn\u00ed<\/strong> Toi Toi Cup v T\u00e1bo\u0159e dopadla nad o\u010dek\u00e1v\u00e1n\u00ed! Posu\u010fte sami: \u017e\u00e1ci . <strong><span style=\"color: #800000;\">1. <\/span><\/strong><span style=\"color: #800000;\"><strong>Jakub Tesa\u0159<\/strong>,<\/span> kadeti &#8211; <span style=\"color: #800000;\"><strong>1. Tom\u00e1\u0161 Tlamka &#8222;Contador&#8220;<\/strong><\/span>&#8230;., <span style=\"color: #800000;\"><strong>3. Honza &#8222;D\u017eony&#8220; \u0160indel\u00e1\u0159<\/strong>,<\/span> kadetky &#8211; <span style=\"color: #800000;\"><strong>1. Anna Zem\u00e1nkov\u00e1<\/strong><\/span>, \u017eeny &#8211; <strong><span style=\"color: #800000;\">3. Jana Tesa\u0159ov\u00e1<\/span><\/strong>, mu\u017ei &#8211; 2. <span style=\"color: #800000;\"><strong>Dominik Prudek<\/strong><\/span>, veter\u00e1ni &#8211; <span style=\"color: #800000;\"><strong>2. Leo\u0161 Bal\u00e1k<\/strong><\/span>, <span style=\"color: #800000;\"><strong>3. Pavel Bal\u00e1k<\/strong><\/span>. Dost dobr\u00fd&#8230; Zde omrkn\u011bte v\u00fdraznou, <strong><a href=\"http:\/\/moravecteam.rajce.idnes.cz\/2016.09.24_Cyklokros_Luze_-_Kosumberk\/\">pr\u016fkaznou fotogalerii&#8230;<\/a><\/strong><\/p>\n<h5 style=\"text-align: justify;\"><span style=\"color: #800000;\">M\u010cR v\u00a0<\/span><span style=\"color: #800000;\">duatlonu &#8211; \u017damberk &#8211; supr kluci Lipen\u0161t\u00ed!<\/span><\/h5>\n<p style=\"text-align: justify;\">Ve sv\u00fdch kategori\u00edch zaz\u00e1\u0159ili brat\u0159i Lipen\u0161t\u00ed: <span style=\"color: #800000;\"><strong>Matou\u0161 Lipensk\u00fd<\/strong><\/span> \u00a0je vicemistrem (2. m\u00edsto), <strong><span style=\"color: #800000;\">V\u00edtek Lipensk\u00fd<\/span><\/strong> bral &#8222;bramboru&#8220; (4. m\u00edsto). Taky dost dobr\u00fd&#8230;<\/p>\n","protected":false},"excerpt":{"rendered":"<p>Boskovice hl\u00e1s\u00ed: p\u0159ipraveno! Po\u010detn\u00e1 brig\u00e1da MORAVC\u016e dnes &#8222;poladila&#8220; v\u0161e pot\u0159ebn\u00e9 na ned\u011bln\u00ed fin\u00e1le MTB PDV v Boskovic\u00edch. Start ohl\u00e1sila nap\u0159\u00edklad opravdu docela po\u010detn\u00e1 skupina novic\u016f, kter\u00e9 jsme letos na &#8222;Vrchovin\u011b&#8220; sout\u011b\u017eit je\u0161t\u011b nevid\u011bli, v p\u0159edstihem p\u0159ijeli \u010dlenov\u00e9 t\u00fdmu TUFO CZ Otrokovice, tr\u00e9novali zde i rajd\u0159i Favoritu Brno \u010di Road Cross Teamu Blansko, Drahansk\u00e9ho Sportt\u00fdmu&#8230; Vypad\u00e1 &hellip; <a href=\"https:\/\/www.moravecteam.cz\/?p=5615\" class=\"more-link\">Pokra\u010dov\u00e1n\u00ed textu <span class=\"screen-reader-text\">Bleskovky&#8230;<\/span> <span class=\"meta-nav\">&rarr;<\/span><\/a><\/p>\n","protected":false},"author":3,"featured_media":5621,"comment_status":"open","ping_status":"closed","sticky":false,"template":"","format":"standard","meta":[],"categories":[1],"tags":[],"_links":{"self":[{"href":"https:\/\/www.moravecteam.cz\/index.php?rest_route=\/wp\/v2\/posts\/5615"}],"collection":[{"href":"https:\/\/www.moravecteam.cz\/index.php?rest_route=\/wp\/v2\/posts"}],"about":[{"href":"https:\/\/www.moravecteam.cz\/index.php?rest_route=\/wp\/v2\/types\/post"}],"author":[{"embeddable":true,"href":"https:\/\/www.moravecteam.cz\/index.php?rest_route=\/wp\/v2\/users\/3"}],"replies":[{"embeddable":true,"href":"https:\/\/www.moravecteam.cz\/index.php?rest_route=%2Fwp%2Fv2%2Fcomments&post=5615"}],"version-history":[{"count":8,"href":"https:\/\/www.moravecteam.cz\/index.php?rest_route=\/wp\/v2\/posts\/5615\/revisions"}],"predecessor-version":[{"id":5624,"href":"https:\/\/www.moravecteam.cz\/index.php?rest_route=\/wp\/v2\/posts\/5615\/revisions\/5624"}],"wp:featuredmedia":[{"embeddable":true,"href":"https:\/\/www.moravecteam.cz\/index.php?rest_route=\/wp\/v2\/media\/5621"}],"wp:attachment":[{"href":"https:\/\/www.moravecteam.cz\/index.php?rest_route=%2Fwp%2Fv2%2Fmedia&parent=5615"}],"wp:term":[{"taxonomy":"category","embeddable":true,"href":"https:\/\/www.moravecteam.cz\/index.php?rest_route=%2Fwp%2Fv2%2Fcategories&post=5615"},{"taxonomy":"post_tag","embeddable":true,"href":"https:\/\/www.moravecteam.cz\/index.php?rest_route=%2Fwp%2Fv2%2Ftags&post=5615"}],"curies":[{"name":"wp","href":"https:\/\/api.w.org\/{rel}","templated":true}]}}