{"id":5625,"date":"2016-09-26T23:15:21","date_gmt":"2016-09-26T21:15:21","guid":{"rendered":"http:\/\/www.moravecteam.cz\/?p=5625"},"modified":"2016-09-29T08:09:50","modified_gmt":"2016-09-29T06:09:50","slug":"voko-bere","status":"publish","type":"post","link":"https:\/\/www.moravecteam.cz\/?p=5625","title":{"rendered":"Bereme &#8222;voko&#8220;..!"},"content":{"rendered":"<p style=\"text-align: justify;\">\u00a0<span style=\"color: #800000;\"><strong>Pod podstatn\u00fdm jm\u00e9nem rodu st\u0159edn\u00edho &#8222;voko&#8220; se v\u011bt\u0161in\u011b \u010dten\u00e1\u0159\u016f vybav\u00ed klasick\u00e1 &#8222;karbanick\u00e1&#8220; \u010d\u00edslovka: 21. Z karetn\u00ed hry zvan\u00e9\u00a0stejn\u00fdm n\u00e1zvem\u00a0je toto numero p\u0159edev\u0161\u00edm zn\u00e1mo a\u00a0p\u0159esn\u011b v\u00a0\u00a0tomto \u00factyhodn\u00edm mno\u017estv\u00ed z\u00edskali borci a borky z MORAVEC Teamu poh\u00e1ry v r\u00e1mci celkov\u00e9ho um\u00edst\u011bn\u00ed po\u0159ad\u00ed OPEN \u00a0v leto\u0161n\u00edm MTB Poh\u00e1ru Drahansk\u00e9 vrchoviny! P\u0159i\u010dem o zalt\u00e1, st\u0159\u00edbrn\u00e1 a bronzov\u00e1 ocen\u011bn\u00ed de pod\u011blili zcela rovnom\u011brn\u011b&#8230; Z osmn\u00e1cti vypsan\u00fdch kategori\u00ed leto\u0161n\u00ed &#8222;Vrchoviny&#8220; jich rajd\u0159i MORAVEC Teamu ovl\u00e1dli\u00a0 hned sedm! No a jak u\u017e bylo nazn\u010deno, stejn\u00e9 mno\u017estv\u00ed ocen\u011bn\u00ed v absolutn\u00edm po\u0159ad\u00ed OPEN berou za druh\u00e1 a t\u0159et\u00ed m\u00edsta&#8230; Bravo MORAVEC! Vele\u00fasp\u011b\u0161n\u00e1 bikov\u00e1 sez\u00f3na je t\u011bmito v\u00fdsledky z letos hodn\u011b presti\u017en\u00ed &#8222;Vrchoviny&#8220;\u00a0potvrzena!<\/strong><\/span><\/p>\n<figure id=\"attachment_5655\" aria-describedby=\"caption-attachment-5655\" style=\"width: 654px\" class=\"wp-caption alignnone\"><a href=\"http:\/\/www.moravecteam.cz\/?attachment_id=5655\" rel=\"attachment wp-att-5655\"><img decoding=\"async\" loading=\"lazy\" class=\" wp-image-5655\" alt=\"img_1322\" src=\"http:\/\/www.moravecteam.cz\/wp-content\/uploads\/2016\/09\/IMG_1322.jpg\" width=\"654\" height=\"375\" srcset=\"https:\/\/www.moravecteam.cz\/wp-content\/uploads\/2016\/09\/IMG_1322.jpg 654w, https:\/\/www.moravecteam.cz\/wp-content\/uploads\/2016\/09\/IMG_1322-300x172.jpg 300w\" sizes=\"(max-width: 654px) 100vw, 654px\" \/><\/a><figcaption id=\"caption-attachment-5655\" class=\"wp-caption-text\">Celkem 21 hlavn\u00edch trofej\u00ed si odvezli rajd\u0159i MORAVEC Teamu z Boskovic v r\u00e1mci celkov\u00e9ho po\u0159ad\u00ed OPEN MTB Poh\u00e1ru Drahansk\u00e9 vrchoviny 2016!<\/figcaption><\/figure>\n<p style=\"text-align: justify;\">Slu\u0161\u00ed se podotknout, \u017ee tentokr\u00e1t se nud\u011blovali v presti\u017en\u00edm po\u0159ad\u00ed OPEN nejlep\u0161\u00edm rajdr\u016fm poh\u00e1ry. Pro tentokr\u00e1t to byly velice origin\u00e1ln\u00ed trofeje, kdy\u017e na lakovan\u00fd kamenn\u00fd \u017eulov\u00fd z\u00e1klad (k\u00e1men &#8211; co by symbol Drahansk\u00e9 vrchoviny) byly osazeny zcela jednodu\u0161e medaile, kter\u00e9 nejlep\u0161\u00ed \u00a0z\u00e1vodn\u00edky po cel\u00fd rok prov\u00e1zeli a kter\u00e9 se tak l\u00edbily&#8230; A n\u00e1pad design\u00e9ra PDV Libora Barto\u0161e se setkal s pozitivn\u00ed odezvou! Nav\u00edc byli ocen\u011bni t\u0159i z\u00e1vodn\u00edci zlatou p\u0159ilbou, premi\u00e9rov\u011b byl vyhl\u00e1\u0161en i v\u00edt\u011bz s\u00e9rie Grand Slam a l\u00edbily se i hodnotn\u00e9, slavnostn\u00ed diplomy&#8230; Poj\u010fme se \u00a0ale vr\u00e1tit k \u00fa\u010dinkov\u00e1n\u00ed borc\u016f MORAVEC Teamu p\u0159i z\u00e1v\u011bre\u010dn\u00e9 boskovick\u00e9 &#8222;race&#8220;&#8230; Kompletn\u00ed &#8222;man\u010daft&#8220; se v\u0161emi sv\u00fdmi hv\u011bzdami a hv\u011bzdi\u010dkami se op\u011bt p\u0159ekon\u00e1val..<\/p>\n<figure id=\"attachment_5656\" aria-describedby=\"caption-attachment-5656\" style=\"width: 2000px\" class=\"wp-caption alignnone\"><a href=\"http:\/\/www.moravecteam.cz\/?attachment_id=5656\" rel=\"attachment wp-att-5656\"><img decoding=\"async\" loading=\"lazy\" class=\" wp-image-5656\" alt=\"img_1482\" src=\"http:\/\/www.moravecteam.cz\/wp-content\/uploads\/2016\/09\/IMG_1482.jpg\" width=\"2000\" height=\"1500\" srcset=\"https:\/\/www.moravecteam.cz\/wp-content\/uploads\/2016\/09\/IMG_1482.jpg 2000w, https:\/\/www.moravecteam.cz\/wp-content\/uploads\/2016\/09\/IMG_1482-300x225.jpg 300w, https:\/\/www.moravecteam.cz\/wp-content\/uploads\/2016\/09\/IMG_1482-1024x768.jpg 1024w\" sizes=\"(max-width: 2000px) 100vw, 2000px\" \/><\/a><figcaption id=\"caption-attachment-5656\" class=\"wp-caption-text\">St\u0159\u00edbrn\u00fd z presti\u017en\u00edch fin\u00e1lov\u00fdch Boskovic v kategorii chlapc\u016f 7-8 let Jirka Zav\u0159el n\u00e1m sv\u00fdm v\u00fdkonem a v\u00fdsledkem ud\u011blal velkou radost!<\/figcaption><\/figure>\n<p style=\"text-align: justify;\">Do medailov\u00e9ho t\u00f3nu n\u00e1s naladila hned po r\u00e1nu <strong><span style=\"color: #800000;\">Ja\u0148ula Maru\u0161ka Lipensk\u00e1<\/span><\/strong>, kter\u00e1 se \u00a0v \u00fa\u017easn\u011b bou\u0159liv\u00e9 atmosf\u00e9\u0159e druh\u00e9ho startu proodr\u00e1\u017eela v t\u011b\u017ek\u00e9 konkurenci \u0161estn\u00e1cti soupe\u0159ek k bronzov\u00e9 medaili! La\u0165ku pak je\u0161t\u011b\u00a0 v\u00fd\u0161e pozvedla v z\u00e1vod\u011b d\u00edvek do 6 let <span style=\"color: #ff6600;\"><strong>Magdal\u00e9nka Barto\u0161ov\u00e1<\/strong><\/span>, ta se letos radovala u\u017e ze t\u0159et\u00edho prvenstv\u00ed! &#8222;Brambor\u00e1\u0159kou&#8220; se tentokr\u00e1t stala jej\u00ed sestra Maru\u0161ka, ale i ona si za state\u010dn\u00fd v\u00fdkon zaslou\u017e\u00ed palec na horu! Stejn\u011b jako \u00fapln\u00e1 debutantka na &#8222;Vrchovin\u011b&#8220; &#8211; Verunka \u0160af\u00e1\u0159ov\u00e1. P\u0159i sv\u00e9m prvn\u00edm z\u00e1vod\u011b se dok\u00e1zala prosadit hned na 6. m\u00edsto! V bronzov\u00e9 t\u00f3nin\u011b n\u00e1m zanotovala ve startu d\u00edvek 7-8 let\u00a0zku\u0161en\u00e1 reprezentantka <span style=\"color: #800000;\"><strong>Lucinka Koudelkov\u00e1<\/strong><\/span>, kter\u00e9 toto um\u00edst\u011bn\u00ed sta\u010dilo v jej\u00ed kategorii v pohod\u011b k celkov\u00e9mu prvenstv\u00ed.<\/p>\n<figure id=\"attachment_5671\" aria-describedby=\"caption-attachment-5671\" style=\"width: 740px\" class=\"wp-caption alignnone\"><a href=\"http:\/\/www.moravecteam.cz\/?attachment_id=5671\" rel=\"attachment wp-att-5671\"><img decoding=\"async\" loading=\"lazy\" class=\" wp-image-5671\" alt=\"img_1519\" src=\"http:\/\/www.moravecteam.cz\/wp-content\/uploads\/2016\/09\/IMG_1519.jpg\" width=\"740\" height=\"747\" srcset=\"https:\/\/www.moravecteam.cz\/wp-content\/uploads\/2016\/09\/IMG_1519.jpg 740w, https:\/\/www.moravecteam.cz\/wp-content\/uploads\/2016\/09\/IMG_1519-25x25.jpg 25w, https:\/\/www.moravecteam.cz\/wp-content\/uploads\/2016\/09\/IMG_1519-297x300.jpg 297w\" sizes=\"(max-width: 740px) 100vw, 740px\" \/><\/a><figcaption id=\"caption-attachment-5671\" class=\"wp-caption-text\">Jana Marie Lipensk\u00e1 vybojovala v dramatick\u00e9m z\u00e1vod\u011b odr\u00e1\u017eedel v t\u011b\u017ek\u00e9 konkurenci bronz!<\/figcaption><\/figure>\n<p style=\"text-align: justify;\">Aby jsme byli v Boskovic\u00edch medailov\u011b kompletn\u00ed, chyb\u011bl n\u00e1m v tu chv\u00edli \u00a0je\u0161t\u011b st\u0159\u00edbrn\u00fd kov. A nemuseli jsme na n\u011bj \u010dekat dlouho&#8230; V kategorii chlapc\u016f 7-8 let ho pro MORAVEC vyjel po \u017eivotn\u00edm v\u00fdkonu <strong><span style=\"color: #808080;\">Jirka Zav\u0159el<\/span><\/strong>! A stejn\u00e9ho v\u00fdsledku dos\u00e1hl o kategorii v\u00fd\u0161e i <strong><span style=\"color: #808080;\">Maty\u00e1\u0161 Koudelka<\/span><\/strong>, \u010del\u00edc\u00ed ve sv\u00e9m startu neb\u00fdval\u00e9 konkurenci 21(!) soupe\u0159\u016f&#8230; To ale st\u00e1le nebylo v dopoledn\u00edm bloku d\u011btsk\u00fdch start\u016f pro n\u00e1s je\u0161t\u011b v\u0161echno&#8230; Pro &#8222;double&#8220; si jist\u011b dojeli (po kolik\u00e1t\u00e9 u\u017e letos?) na\u0161i v\u00fdborn\u00ed star\u0161\u00ed \u017e\u00e1ci <span style=\"color: #ff6600;\"><strong>Tom\u00e1\u0161 Tlamka &#8222;Contador&#8220;<\/strong><\/span> s <strong><span style=\"color: #808080;\">Honzou &#8222;D\u017eony&#8220; \u0160indel\u00e1\u0159em<\/span><\/strong>! Nav\u00edc &#8222;bramborov\u00fdm&#8220; se v tomto startu stal Jakub Tesa\u0159, stejn\u011b jako Krist\u00fdna Kol\u00e1\u0159ov\u00e1 ve startu d\u00edv\u010d\u00edho ekvivalentu t\u00e9to kategorie&#8230;<\/p>\n<figure id=\"attachment_5672\" aria-describedby=\"caption-attachment-5672\" style=\"width: 730px\" class=\"wp-caption alignnone\"><a href=\"http:\/\/www.moravecteam.cz\/?attachment_id=5672\" rel=\"attachment wp-att-5672\"><img decoding=\"async\" loading=\"lazy\" class=\" wp-image-5672\" alt=\"img_1527\" src=\"http:\/\/www.moravecteam.cz\/wp-content\/uploads\/2016\/09\/IMG_1527.jpg\" width=\"730\" height=\"782\" srcset=\"https:\/\/www.moravecteam.cz\/wp-content\/uploads\/2016\/09\/IMG_1527.jpg 730w, https:\/\/www.moravecteam.cz\/wp-content\/uploads\/2016\/09\/IMG_1527-280x300.jpg 280w\" sizes=\"(max-width: 730px) 100vw, 730px\" \/><\/a><figcaption id=\"caption-attachment-5672\" class=\"wp-caption-text\">Magdal\u00e9nka Barto\u0161ov\u00e1, nejlep\u0161\u00ed ve startu d\u00edvek do 6 let. Na &#8222;bedn\u011b&#8220; j\u00ed d\u011blaj\u00ed &#8222;garde&#8220; t\u00fdmov\u00e9 par\u0165a\u010dky: Maru\u0161ka Barto\u0161ov\u00e1 (4. m\u00edsto) a Ver\u010da \u0160af\u00e1\u0159ov\u00e1 (6. m\u00edsto).<\/figcaption><\/figure>\n<p style=\"text-align: justify;\">Medaile za boskovick\u00fd z\u00e1vod (a za dopoledne jich bylo celkem sedm),\u00a0kter\u00e9 na\u0161im medailist\u016fm p\u0159ed\u00e1vali mimo jin\u00fdch i\u00a0na\u0161i mil\u00ed host\u00e9 z Brna (Eva MORAVCOV\u00c1, Rudolf Labus, Jaroslav Bl\u00e1ha a Miroslav Faksa), moc, moc slu\u0161eli a slu\u0161\u00ed..! U\u017e jsme si ale letos zvykli, \u017ee krom\u011b d\u011bt\u00ed p\u0159ich\u00e1z\u00ed s vydatnou medajlovou &#8222;tro\u0161kou do ml\u00fdna&#8220; i dorost MORAVCE, dosp\u011bl\u00e9 nevyj\u00edmaje. Boskovice samoz\u0159ejm\u011b nebyly v\u00fdjimkou&#8230; Z\u00e1vod juniorek a kadetek byl tak\u0159ka v\u00fdhradn\u011b v re\u017eii na\u0161ich barev, kdy\u017e na bednu se holky poskl\u00e1daly v po\u0159ad\u00ed <strong><span style=\"color: #ff6600;\">Ad\u00e9la \u0160af\u00e1\u0159ov\u00e1<\/span><\/strong>, <strong><span style=\"color: #808080;\">Jana Tesa\u0159ov\u00e1<\/span><\/strong>, <strong><span style=\"color: #800000;\">Anna Zem\u00e1nkov\u00e1<\/span><\/strong>,\u00a0 t\u011bsn\u011b pod bednou pak na n\u011b pokukovali dal\u0161\u00ed dv\u011b na\u0161e spolehliv\u00e9 reprezentantky Krist\u00fdna Haasov\u00e1 s Monikou Kone\u010dnou. Druh\u00e9 &#8222;double&#8220; toho dne pro MORAVEC za\u0159\u00eddili ve startu junior\u016f &#8211; kadet\u016f <strong><span style=\"color: #ff6600;\">Dominik Prudek<\/span> <\/strong>s <strong><span style=\"color: #808080;\">Karlem Vinick\u00fdm<\/span><\/strong>, kte\u0159\u00ed tak definitivn\u011b podtrhli n\u00e1\u0161 kone\u010dn\u00fd, ur\u010dit\u011b \u00factyhodn\u00fd\u00a0medailov\u00fd \u00fa\u010det z leto\u0161n\u00ed MTB &#8222;Vrchoviny&#8220; v d\u011btsk\u00fdch kategori\u00edch!<\/p>\n<figure id=\"attachment_5673\" aria-describedby=\"caption-attachment-5673\" style=\"width: 1045px\" class=\"wp-caption alignnone\"><a href=\"http:\/\/www.moravecteam.cz\/?attachment_id=5673\" rel=\"attachment wp-att-5673\"><img decoding=\"async\" loading=\"lazy\" class=\" wp-image-5673\" alt=\"img_1531\" src=\"http:\/\/www.moravecteam.cz\/wp-content\/uploads\/2016\/09\/IMG_1531.jpg\" width=\"1045\" height=\"752\" srcset=\"https:\/\/www.moravecteam.cz\/wp-content\/uploads\/2016\/09\/IMG_1531.jpg 1045w, https:\/\/www.moravecteam.cz\/wp-content\/uploads\/2016\/09\/IMG_1531-300x215.jpg 300w, https:\/\/www.moravecteam.cz\/wp-content\/uploads\/2016\/09\/IMG_1531-1024x736.jpg 1024w\" sizes=\"(max-width: 1045px) 100vw, 1045px\" \/><\/a><figcaption id=\"caption-attachment-5673\" class=\"wp-caption-text\">Lucinka Koudelkov\u00e1 si v Boskovic\u00edch dojela pro bronz. V\u00fdborn\u00fd v\u00fdkon podala i Bar\u010da Janovsk\u00e1 (zcela vlevo).<\/figcaption><\/figure>\n<p style=\"text-align: justify;\">Pozadu nez\u016fstali ani dosp\u011bl\u00ed MORAVCI,\u00a0\u0159ad\u00edc\u00ed se na start ve sv\u00fdch kategori\u00edch\u00a0tentokr\u00e1t v neb\u00fdval\u00e9m po\u010dtu! P\u0159edev\u0161\u00edm\u00a0&#8222;ostr\u00e1&#8220; \u00fa\u010dast Jirky Va\u0161\u00ed\u010dka, Vlast\u00edka Odehnala ( v c\u00edli 4. m\u00edsto!) a Radima Petr\u016f, v dresu MORAVEC Teamu moc pot\u011b\u0161ila! Stejn\u011b jako medailov\u00fd n\u00e1vrat <strong><span style=\"color: #800000;\">Mark\u00e9ty \u0160af\u00e1\u0159ov\u00e9<\/span><\/strong>, spurtuj\u00edc do c\u00edle jako t\u0159et\u00ed v kategorii \u017een! St\u0159\u00edbro a bronz brali pro MORAVEC Mast\u0159i &#8222;dvojka\u0159i&#8220; <strong><span style=\"color: #808080;\">Martin Gottwald<\/span><\/strong> a <strong><span style=\"color: #800000;\">Leo\u0161 Bal\u00e1k <\/span><\/strong><span style=\"color: #000000;\">a<\/span>\u00a0p\u0159edev\u0161\u00edm pro Leo\u0161e byly Boskovice satisfakc\u00ed za sm\u016flovit\u00fd Velenov&#8230; Bronzem to pro n\u00e1s po r\u00e1nu za\u010dalo a bronzem to &#8211; d\u00edk <span style=\"color: #800000;\"><strong>V\u00ed\u0165ovi Prudkovi<\/strong> <span style=\"color: #000000;\">(kategorie Masters III)\u00a0 <\/span><\/span><span style=\"color: #000000;\">&#8211; <\/span>kr\u00e1tce po patn\u00e1ct\u00e9 hodin\u011b odpoledn\u00ed, grandi\u00f3zn\u011b skon\u010dilo! Se\u010dteno &#8211; podtr\u017eeno, MORAVCI vybojovali na jedn\u00e9 z nejt\u011b\u017e\u0161\u00edch trat\u00ed seri\u00e1lu (ne-li nejt\u011b\u017e\u0161\u00ed) 4 zlat\u00e9, 6 st\u0159\u00edbrn\u00fdch a 6 bronzov\u00fdch! Zde je uveden\u00e9ho oku lib\u00e1 rekapitulace:<\/p>\n<ul>\n<li>Odr\u00e1\u017eedla &#8211; <strong><span style=\"color: #800000;\">3. Jana Marie Lipensk\u00e1<\/span><\/strong><\/li>\n<li>D\u00edvky do 6 let\u00a0&#8211;\u00a0<strong><span style=\"color: #ff6600;\">1. Magdalenka Barto\u0161ov\u00e1<\/span><\/strong><\/li>\n<li>D\u00edvky 7-8 let &#8211; <strong><span style=\"color: #800000;\">3. Lucie Koudelkov\u00e1<\/span><\/strong><\/li>\n<li>Chlapci 7-8 let &#8211; <span style=\"color: #808080;\"><strong>2. Jirka Zav\u0159el<\/strong><\/span><\/li>\n<li>Chlapci 9-10 let &#8211;\u00a0<strong><span style=\"color: #808080;\">2. Maty\u00e1\u0161 Koudelka<\/span><\/strong><\/li>\n<li>Star\u0161\u00ed \u017e\u00e1ci \u2013\u00a0<strong><span style=\"color: #ff6600;\">1. Tom\u00e1\u0161 Tlamka &#8222;Contador&#8220;<\/span><\/strong>, <span style=\"color: #808080;\"><strong>2. Honza &#8222;D\u017eony&#8220; \u0160indel\u00e1\u0159<\/strong><\/span><\/li>\n<li>Juniorky, kadetky \u2013 <span style=\"color: #ff6600;\"><strong>1. Ad\u00e9la \u0160af\u00e1\u0159ov\u00e1<\/strong><\/span>, <strong><span style=\"color: #808080;\">2.Jana Tesa\u0159ov\u00e1,<\/span><\/strong>\u00a0\u00a0<strong><span style=\"color: #800000;\">3. Anna Zem\u00e1nkov\u00e1<\/span><\/strong><\/li>\n<li>Junio\u0159i, kadeti \u00a0<strong><span style=\"color: #ff6600;\">1. Dominik Prudek<\/span><\/strong>,\u00a0<strong><span style=\"color: #808080;\">2. Karel Vinick\u00fd<\/span><\/strong><\/li>\n<li>Masters II &#8211; <strong><span style=\"color: #808080;\">2. Martin Gottwald<\/span><\/strong>, <strong><span style=\"color: #800000;\">3. Leo\u0161 Bal\u00e1k<\/span><\/strong><\/li>\n<li>Masters III &#8211; <strong><span style=\"color: #800000;\">3.\u00a0V\u00edt\u011bzslav Prudek<\/span><\/strong><\/li>\n<li>\u017deny &#8211; <span style=\"color: #800000;\"><strong>3. Mark\u00e9ta \u0160af\u00e1\u0159ov\u00e1<\/strong><\/span><\/li>\n<\/ul>\n<figure id=\"attachment_5674\" aria-describedby=\"caption-attachment-5674\" style=\"width: 764px\" class=\"wp-caption alignnone\"><a href=\"http:\/\/www.moravecteam.cz\/?attachment_id=5674\" rel=\"attachment wp-att-5674\"><img decoding=\"async\" loading=\"lazy\" class=\" wp-image-5674\" alt=\"finleboskovicekola11\" src=\"http:\/\/www.moravecteam.cz\/wp-content\/uploads\/2016\/09\/FinleBoskoviceKola11.jpg\" width=\"764\" height=\"860\" srcset=\"https:\/\/www.moravecteam.cz\/wp-content\/uploads\/2016\/09\/FinleBoskoviceKola11.jpg 764w, https:\/\/www.moravecteam.cz\/wp-content\/uploads\/2016\/09\/FinleBoskoviceKola11-266x300.jpg 266w\" sizes=\"(max-width: 764px) 100vw, 764px\" \/><\/a><figcaption id=\"caption-attachment-5674\" class=\"wp-caption-text\">Maty\u00e1\u0161 Koudelka, st\u0159\u00edbrn\u00fd mezi chlapci v kategori 9-10 let. Nesta\u010di pouze na Tom\u00e1\u0161e Jel\u00ednka, bronz si z Boskovic odvezl brn\u011bnsk\u00fd Kristy\u00e1n Vavro.<\/figcaption><\/figure>\n<p style=\"text-align: justify;\"><span style=\"text-align: justify;\">V\u0161em d\u00edky moc za v\u00fdkony &#8222;na doraz&#8220; nejen v ned\u011bln\u00edch Doubrav\u00e1ch, ale i v cel\u00e9m leto\u0161n\u00edm MTB seri\u00e1lu! Pochvala pat\u0159\u00ed\u00a0 samoz\u0159ejm\u011b i t\u011bm MORAVC\u016eM, pro kter\u00e9 vytou\u017een\u00e9 &#8222;placky&#8220; letos visely je\u0161t\u011b tro\u0161ku v\u00fd\u0161&#8230; V\u011b\u0159te, \u017ee je jen ot\u00e1zkou \u010dasu, kdy i oni za\u010dnou &#8222;o\u0161lap\u00e1vat bednu&#8220; pravideln\u011b&#8230; D\u011bkovn\u00fd kompliment je t\u0159eba slo\u017eit i na\u0161im tren\u00e9r\u016fm, kte\u0159\u00ed za skv\u011bl\u00fdmi v\u00fdsledkov\u00fdmi \u00fa\u010dty na\u0161ich stoj\u00ed&#8230; V\u017edy\u0165 je\u0161t\u011b radostn\u011bj\u0161\u00ed pohled je na celkov\u00e9 hodnocen\u00ed MORAVC\u016e v leto\u0161n\u00ed jubilejn\u00ed &#8222;Vrchovin\u011b&#8220;, kter\u00e9 ukazuje, jak\u00e9 \u017ee to cyklistick\u00e9 uskupen\u00ed hraje v regionu\u00a0dominantn\u00ed &#8222;prvn\u00ed housle&#8220;?<\/span><\/p>\n<ul>\n<li>Odr\u00e1\u017eedla &#8211;\u00a0<span style=\"color: #800000;\"><strong>3. Jana Marie Lipensk\u00e1<\/strong><\/span><\/li>\n<li>D\u00edvky do 6 let\u00a0&#8211; <span style=\"color: #808080;\"><strong>2. Magdalenka Barto\u0161ov\u00e1,<\/strong><\/span> <strong><span style=\"color: #800000;\">3. Maru\u0161ka Barto\u0161ov\u00e1<\/span><\/strong><\/li>\n<li>D\u00edvky 7-8 let &#8211; <strong><span style=\"color: #ff6600;\">1. Lucie Koudelkov\u00e1<\/span><\/strong><\/li>\n<li>Chlapci 7-8 let &#8211;\u00a0<span style=\"color: #ff6600;\"><strong>1. Matou\u0161 Lipensk\u00fd<\/strong><\/span><\/li>\n<li>Chlapci 9-10 let &#8211;\u00a0<strong><span style=\"color: #808080;\">2. Maty\u00e1\u0161 Koudelka<\/span><\/strong><\/li>\n<li>Mlad\u0161\u00ed \u017e\u00e1ci &#8211; <span style=\"color: #800000;\"><strong>3. Roman \u0160indel\u00e1\u0159<\/strong><\/span><\/li>\n<li>Star\u0161\u00ed \u017e\u00e1ci \u2013\u00a0<strong><span style=\"color: #ff6600;\">1. Tom\u00e1\u0161 Tlamka &#8222;Contador&#8220;<\/span><\/strong>,\u00a0<strong><span style=\"color: #808080;\">2. Honza &#8222;D\u017eony&#8220; \u0160indel\u00e1\u0159, <span style=\"color: #800000;\">3.<\/span>\u00a0<span style=\"color: #800000;\">Jakub Tesa\u0159<\/span><\/span><\/strong><\/li>\n<li>Star\u0161\u00ed \u017e\u00e1kyn\u011b &#8211; <strong><span style=\"color: #ff6600;\">1. Krist\u00fdna Kol\u00e1\u0159ov\u00e1<\/span><\/strong><\/li>\n<li>Juniorky, kadetky \u2013 <strong><span style=\"color: #ff6600;\">1.Jana Tesa\u0159ov\u00e1<\/span><\/strong>, \u00a0<strong><span style=\"color: #808080;\">2. Anna Zem\u00e1nkov\u00e1<\/span><\/strong>, <strong><span style=\"color: #800000;\">3. Monika Kone\u010dn\u00e1<\/span><\/strong><\/li>\n<li>Junio\u0159i, kadeti \u00a0<strong><span style=\"color: #ff6600;\">1. Dominik Prudek<\/span><\/strong>, <strong><span style=\"color: #808080;\">2. Karel Vinick\u00fd<\/span><\/strong>, <strong><span style=\"color: #800000;\">3. Mat\u011bj Maz\u00e1nek<\/span><\/strong><\/li>\n<li>Masters III \u00a0&#8211;<strong><span style=\"color: #808080;\"> 2. Jirka \u0160t\u011bpan\u00edk st.<\/span><\/strong><\/li>\n<li>Masters II &#8211; <strong><span style=\"color: #ff6600;\">1. Martin Gottwald<\/span><\/strong>, <strong><span style=\"color: #800000;\">3. Honza \u0160indel\u00e1\u0159 st.<\/span><\/strong><\/li>\n<li>\u017deny &#8211; <strong><span style=\"color: #808080;\">2. Kate\u0159ina Gottwaldov\u00e1<\/span><\/strong><\/li>\n<\/ul>\n<figure id=\"attachment_5675\" aria-describedby=\"caption-attachment-5675\" style=\"width: 1156px\" class=\"wp-caption alignnone\"><a href=\"http:\/\/www.moravecteam.cz\/?attachment_id=5675\" rel=\"attachment wp-att-5675\"><img decoding=\"async\" loading=\"lazy\" class=\" wp-image-5675\" alt=\"p1080756\" src=\"http:\/\/www.moravecteam.cz\/wp-content\/uploads\/2016\/09\/P1080756.jpg\" width=\"1156\" height=\"865\" srcset=\"https:\/\/www.moravecteam.cz\/wp-content\/uploads\/2016\/09\/P1080756.jpg 1156w, https:\/\/www.moravecteam.cz\/wp-content\/uploads\/2016\/09\/P1080756-300x224.jpg 300w, https:\/\/www.moravecteam.cz\/wp-content\/uploads\/2016\/09\/P1080756-1024x766.jpg 1024w\" sizes=\"(max-width: 1156px) 100vw, 1156px\" \/><\/a><figcaption id=\"caption-attachment-5675\" class=\"wp-caption-text\">&#8222;Double&#8220;, kter\u00e9 pro MORAVEC za\u0159\u00eddili v kategorii star\u0161\u00edch \u017e\u00e1k\u016f v\u00edt\u011bz Tom\u00e1\u0161 Tlamka &#8222;Cntador&#8220; a v c\u00edli druh\u00fd Honza &#8222;D\u017eony&#8220; \u0160indel\u00e1\u0159, zavr\u0161ilo pro n\u00e1s v Boskovic\u00edch \u00fasp\u011b\u0161n\u00e9 starty v d\u011btsk\u00fdch kategori\u00edch.<\/figcaption><\/figure>\n<p style=\"text-align: justify;\"><span style=\"text-align: justify;\"><strong><a href=\"http:\/\/moravecteam.rajce.idnes.cz\/\">T\u0159i na\u0161e fotogalerie<\/a><\/strong> jsou tu\u0165, zde je\u00a0<\/span><a style=\"text-align: justify;\" href=\"http:\/\/cefra.rajce.idnes.cz\/PDV_-_Pohar_Drahanske_Vrchoviny_14_-_Boskovice_Finale_-_25._9._2016\/\">\u00a0<strong>jedna supr extern\u00ed \u00a0fotogalerie<\/strong>\u00a0&#8230; <\/a><span style=\"text-align: justify;\">No a taky\u00a0<\/span><a style=\"text-align: justify;\" href=\"http:\/\/vysledky.pohardrahanskevrchoviny.cz\/2016\/?page=vysledky\"><span style=\"color: #008000;\"><strong><span>netrp\u011bliv\u011b o\u010dek\u00e1van\u00e9 v\u00fdsledky<\/span><\/strong><\/span><\/a><span style=\"text-align: justify;\">&#8230; V Boskovic\u00edch na st\u0159elnici ale &#8222;nev\u00e1leli&#8220; v onu posledn\u00ed slune\u010dnou z\u00e1\u0159iovou ned\u011bli jen rajd\u0159i MORAVCE&#8230; O hladk\u00fd pr\u016fb\u011bh n\u00e1ro\u010dn\u00e9ho z\u00e1vodu se postaral i skv\u011ble &#8222;\u0161lapaj\u00edc\u00ed&#8220; (jako ony pov\u011bstn\u00e9 hodinky ROLEX) \u00a0organiza\u010dn\u00ed t\u00fdm, kter\u00e9mu bylo M\u011bstem Boskovice po\u0159adatelstv\u00ed sv\u011b\u0159eno. V\u0161em, kdo p\u0159ilo\u017eili ruku k d\u00edlu, pat\u0159\u00ed za v\u00fdte\u010dn\u011b odvedenou pr\u00e1ci velk\u00fd <\/span><strong style=\"text-align: justify;\"><span style=\"color: #ff6600;\">D\u00cd\u00cd\u00cd\u00cdK!!!<\/span> <\/strong><span style=\"text-align: justify;\">A <\/span><strong style=\"text-align: justify;\"><span style=\"color: #ff6600; text-decoration: underline;\">1*<\/span><\/strong><span style=\"text-align: justify;\"> na v\u00edc&#8230;<\/span><\/p>\n<figure id=\"attachment_5678\" aria-describedby=\"caption-attachment-5678\" style=\"width: 2000px\" class=\"wp-caption alignnone\"><a href=\"http:\/\/www.moravecteam.cz\/?attachment_id=5678\" rel=\"attachment wp-att-5678\"><img decoding=\"async\" loading=\"lazy\" class=\" wp-image-5678\" alt=\"p1080993\" src=\"http:\/\/www.moravecteam.cz\/wp-content\/uploads\/2016\/09\/P1080993.jpg\" width=\"2000\" height=\"1500\" srcset=\"https:\/\/www.moravecteam.cz\/wp-content\/uploads\/2016\/09\/P1080993.jpg 2000w, https:\/\/www.moravecteam.cz\/wp-content\/uploads\/2016\/09\/P1080993-300x225.jpg 300w, https:\/\/www.moravecteam.cz\/wp-content\/uploads\/2016\/09\/P1080993-1024x768.jpg 1024w\" sizes=\"(max-width: 2000px) 100vw, 2000px\" \/><\/a><figcaption id=\"caption-attachment-5678\" class=\"wp-caption-text\">Dal\u0161\u00ed &#8222;double&#8220; pro MORAVEC vybojovali Dominik Prudek a K\u00e1jou Vinick\u00fdm. Na p\u00f3diu je doplnil i V\u00ed\u0165a Such\u00e1nek (zcea vpravo).<\/figcaption><\/figure>\n<p style=\"text-align: justify;\"><strong><span style=\"color: #800000;\">\u00a0<\/span><\/strong><\/p>\n","protected":false},"excerpt":{"rendered":"<p>\u00a0Pod podstatn\u00fdm jm\u00e9nem rodu st\u0159edn\u00edho &#8222;voko&#8220; se v\u011bt\u0161in\u011b \u010dten\u00e1\u0159\u016f vybav\u00ed klasick\u00e1 &#8222;karbanick\u00e1&#8220; \u010d\u00edslovka: 21. Z karetn\u00ed hry zvan\u00e9\u00a0stejn\u00fdm n\u00e1zvem\u00a0je toto numero p\u0159edev\u0161\u00edm zn\u00e1mo a\u00a0p\u0159esn\u011b v\u00a0\u00a0tomto \u00factyhodn\u00edm mno\u017estv\u00ed z\u00edskali borci a borky z MORAVEC Teamu poh\u00e1ry v r\u00e1mci celkov\u00e9ho um\u00edst\u011bn\u00ed po\u0159ad\u00ed OPEN \u00a0v leto\u0161n\u00edm MTB Poh\u00e1ru Drahansk\u00e9 vrchoviny! P\u0159i\u010dem o zalt\u00e1, st\u0159\u00edbrn\u00e1 a bronzov\u00e1 ocen\u011bn\u00ed de &hellip; <a href=\"https:\/\/www.moravecteam.cz\/?p=5625\" class=\"more-link\">Pokra\u010dov\u00e1n\u00ed textu <span class=\"screen-reader-text\">Bereme &#8222;voko&#8220;..!<\/span> <span class=\"meta-nav\">&rarr;<\/span><\/a><\/p>\n","protected":false},"author":3,"featured_media":5654,"comment_status":"open","ping_status":"closed","sticky":false,"template":"","format":"standard","meta":[],"categories":[1],"tags":[],"_links":{"self":[{"href":"https:\/\/www.moravecteam.cz\/index.php?rest_route=\/wp\/v2\/posts\/5625"}],"collection":[{"href":"https:\/\/www.moravecteam.cz\/index.php?rest_route=\/wp\/v2\/posts"}],"about":[{"href":"https:\/\/www.moravecteam.cz\/index.php?rest_route=\/wp\/v2\/types\/post"}],"author":[{"embeddable":true,"href":"https:\/\/www.moravecteam.cz\/index.php?rest_route=\/wp\/v2\/users\/3"}],"replies":[{"embeddable":true,"href":"https:\/\/www.moravecteam.cz\/index.php?rest_route=%2Fwp%2Fv2%2Fcomments&post=5625"}],"version-history":[{"count":27,"href":"https:\/\/www.moravecteam.cz\/index.php?rest_route=\/wp\/v2\/posts\/5625\/revisions"}],"predecessor-version":[{"id":5686,"href":"https:\/\/www.moravecteam.cz\/index.php?rest_route=\/wp\/v2\/posts\/5625\/revisions\/5686"}],"wp:featuredmedia":[{"embeddable":true,"href":"https:\/\/www.moravecteam.cz\/index.php?rest_route=\/wp\/v2\/media\/5654"}],"wp:attachment":[{"href":"https:\/\/www.moravecteam.cz\/index.php?rest_route=%2Fwp%2Fv2%2Fmedia&parent=5625"}],"wp:term":[{"taxonomy":"category","embeddable":true,"href":"https:\/\/www.moravecteam.cz\/index.php?rest_route=%2Fwp%2Fv2%2Fcategories&post=5625"},{"taxonomy":"post_tag","embeddable":true,"href":"https:\/\/www.moravecteam.cz\/index.php?rest_route=%2Fwp%2Fv2%2Ftags&post=5625"}],"curies":[{"name":"wp","href":"https:\/\/api.w.org\/{rel}","templated":true}]}}