{"id":5631,"date":"2016-09-26T23:24:50","date_gmt":"2016-09-26T21:24:50","guid":{"rendered":"http:\/\/www.moravecteam.cz\/?p=5631"},"modified":"2016-09-30T10:06:52","modified_gmt":"2016-09-30T08:06:52","slug":"co-se-bude-dit-st39-2","status":"publish","type":"post","link":"https:\/\/www.moravecteam.cz\/?p=5631","title":{"rendered":"Co se bude d\u00edt? (ST39)"},"content":{"rendered":"<h5><span style=\"color: #800000;\">St\u0159eda 28.9. 2016<\/span><\/h5>\n<p style=\"text-align: justify;\">Tr\u00e9nink mlad\u00fdch cyklist\u016f druh\u00e9 vlny venku na kolech s tren\u00e9rem\u00a0Milanem Tlamkou (776 108 046)\u00a0nebude &#8211; odpad\u00e1! Milan jede s cyklokrosa\u0159sk\u00fdm &#8222;\u00e1\u010dkem&#8220; na prvn\u00ed Toi Toi Cup do T\u00e1bora. Z\u00e1kladn\u00ed info k misi do n\u011bkdej\u0161\u00e1 ba\u0161ty husit\u016f je n\u00e1sleduj\u00edc\u00ed:<\/p>\n<ul>\n<li style=\"text-align: justify;\">V \u00fater\u00fd 27.9. 2016 do 20.00 hodin navezte na Okrouhlou k Milanovi velomateri\u00e1l na tento prvn\u00ed cyklokros.<\/li>\n<li style=\"text-align: justify;\">Odjezd do T\u00e1bora &#8211; ve st\u0159edu 28.9.2016 r\u00e1no v 5.00 od Tlamk\u016f, Okrouhl\u00e1 117. Bu\u010fte na m\u00edst\u011b v\u0161ichni v\u010das, nakl\u00e1dka rajdr\u016f po cest\u011b je mo\u017en\u00e1 jen v\u00fdjime\u010dn\u011b a po dohod\u011b s Milanem Tlamkou \u010di V\u00ed\u0165ou Prudkem.<\/li>\n<\/ul>\n<h5><span style=\"color: #800000;\">St\u0159eda 28.9. 2016<\/span><\/h5>\n<p style=\"text-align: justify;\">P\u0159ebor JM kraje v\u00a0MTB se uskute\u010dn\u00ed ve st\u0159edu 28.9.2016 v\u00a0Brn\u011b. Zde studujte propozice <strong><a href=\"http:\/\/www.moravecteam.cz\/?attachment_id=5650\" rel=\"attachment wp-att-5650\">preborjmkscmtb2016rozpis<\/a>, <\/strong>p\u0159\u00edpadnou \u00fa\u010dast a dopravu si ka\u017ed\u00fd zaji\u0161\u0165uje s\u00e1m.<\/p>\n<h5 style=\"text-align: justify;\"><span style=\"color: #800000;\">Ned\u011ble 2.10.\u00a02016<\/span><\/h5>\n<p style=\"text-align: justify;\">Druh\u00fd z\u00e1vod \u010cP v cyklokrosu v Ji\u010d\u00edn\u011b. T\u00fdk\u00e1 se na\u0161\u00ed jednotky DPCR (do\u010dasn\u00e1 podzimn\u00ed cyklokrosov\u00e1 rota). Zde studujte <strong><a href=\"http:\/\/www.cyklokros.cz\/cz\/toi-toi-cup-2016\/toi-toi-cup-2016\/jicin\/propozice\">propozice. <\/a><\/strong>Z\u00e1kladn\u00ed info k\u00a0v\u00fdjezdu je\u00a0n\u00e1sleduj\u00edc\u00ed:<\/p>\n<ul>\n<li style=\"text-align: justify;\">V\u00a0sobotu 1.10. 2016 do 20.00 hodin navezte na Okrouhlou k Milanovi velomateri\u00e1l na\u00a0druh\u00fd cyklokros.<\/li>\n<li style=\"text-align: justify;\">Odjezd do\u00a0Ji\u010d\u00edna &#8211; v\u00a0ned\u011bli 2.10.2016 r\u00e1no v 5.00 od Tlamk\u016f, Okrouhl\u00e1 117. Bu\u010fte na m\u00edst\u011b v\u0161ichni v\u010das, nakl\u00e1dka rajdr\u016f po cest\u011b je mo\u017en\u00e1 pouze ve sm\u011bru Hradec Kr\u00e1lov\u00e9 (nap\u0159. Boskovice, Letovice..) a po dohod\u011b s Milanem Tlamkou<\/li>\n<\/ul>\n<h5><\/h5>\n","protected":false},"excerpt":{"rendered":"<p>St\u0159eda 28.9. 2016 Tr\u00e9nink mlad\u00fdch cyklist\u016f druh\u00e9 vlny venku na kolech s tren\u00e9rem\u00a0Milanem Tlamkou (776 108 046)\u00a0nebude &#8211; odpad\u00e1! Milan jede s cyklokrosa\u0159sk\u00fdm &#8222;\u00e1\u010dkem&#8220; na prvn\u00ed Toi Toi Cup do T\u00e1bora. Z\u00e1kladn\u00ed info k misi do n\u011bkdej\u0161\u00e1 ba\u0161ty husit\u016f je n\u00e1sleduj\u00edc\u00ed: V \u00fater\u00fd 27.9. 2016 do 20.00 hodin navezte na Okrouhlou k Milanovi velomateri\u00e1l na &hellip; <a href=\"https:\/\/www.moravecteam.cz\/?p=5631\" class=\"more-link\">Pokra\u010dov\u00e1n\u00ed textu <span class=\"screen-reader-text\">Co se bude d\u00edt? (ST39)<\/span> <span class=\"meta-nav\">&rarr;<\/span><\/a><\/p>\n","protected":false},"author":3,"featured_media":5634,"comment_status":"open","ping_status":"closed","sticky":false,"template":"","format":"standard","meta":[],"categories":[11],"tags":[],"_links":{"self":[{"href":"https:\/\/www.moravecteam.cz\/index.php?rest_route=\/wp\/v2\/posts\/5631"}],"collection":[{"href":"https:\/\/www.moravecteam.cz\/index.php?rest_route=\/wp\/v2\/posts"}],"about":[{"href":"https:\/\/www.moravecteam.cz\/index.php?rest_route=\/wp\/v2\/types\/post"}],"author":[{"embeddable":true,"href":"https:\/\/www.moravecteam.cz\/index.php?rest_route=\/wp\/v2\/users\/3"}],"replies":[{"embeddable":true,"href":"https:\/\/www.moravecteam.cz\/index.php?rest_route=%2Fwp%2Fv2%2Fcomments&post=5631"}],"version-history":[{"count":7,"href":"https:\/\/www.moravecteam.cz\/index.php?rest_route=\/wp\/v2\/posts\/5631\/revisions"}],"predecessor-version":[{"id":5702,"href":"https:\/\/www.moravecteam.cz\/index.php?rest_route=\/wp\/v2\/posts\/5631\/revisions\/5702"}],"wp:featuredmedia":[{"embeddable":true,"href":"https:\/\/www.moravecteam.cz\/index.php?rest_route=\/wp\/v2\/media\/5634"}],"wp:attachment":[{"href":"https:\/\/www.moravecteam.cz\/index.php?rest_route=%2Fwp%2Fv2%2Fmedia&parent=5631"}],"wp:term":[{"taxonomy":"category","embeddable":true,"href":"https:\/\/www.moravecteam.cz\/index.php?rest_route=%2Fwp%2Fv2%2Fcategories&post=5631"},{"taxonomy":"post_tag","embeddable":true,"href":"https:\/\/www.moravecteam.cz\/index.php?rest_route=%2Fwp%2Fv2%2Ftags&post=5631"}],"curies":[{"name":"wp","href":"https:\/\/api.w.org\/{rel}","templated":true}]}}