{"id":5658,"date":"2016-09-28T21:54:42","date_gmt":"2016-09-28T19:54:42","guid":{"rendered":"http:\/\/www.moravecteam.cz\/?p=5658"},"modified":"2016-09-30T22:20:18","modified_gmt":"2016-09-30T20:20:18","slug":"vyborny-start-do-toi-toi","status":"publish","type":"post","link":"https:\/\/www.moravecteam.cz\/?p=5658","title":{"rendered":"Super start do TOI TOI!"},"content":{"rendered":"<p style=\"text-align: justify;\"><span style=\"color: #800000;\"><strong>B\u00fdval\u00e1 ba\u0161ta odbojn\u00fdch Husit\u016f, jiho\u010desk\u00e9 m\u011bsto T\u00e1bor, je v posledn\u00ed dob\u011b u\u017e v\u00edce ba\u0161tou cyklokrosa\u0159\u016f a boje, kter\u00e9 se zde odehr\u00e1vaj\u00ed, jsou veskrze sportovn\u00ed a jsou-li ryt\u00ed\u0159sk\u00e9, tak v\u00fdhradn\u011b ve smyslu sportovn\u00ed \u010destnosti, pro kterou se z angli\u010dtiny v\u017eil n\u00e1zev &#8222;fair play&#8220;. Trat\u011b, kter\u00e9 v minulosti hostliliy nejednou v\u00fdkv\u011bt sv\u011btov\u00e9ho cyklokrosu v r\u00e1mci Mistrovstv\u00ed sv\u011bta \u010di sv\u011btov\u00fdch poh\u00e1r\u016f, a na kter\u00fdch si p\u0159\u00ed\u0161t\u00ed rok daj\u00ed dostaven\u00ed\u010dko nejlep\u0161\u00ed kontinent\u00e1ln\u00ed cyklokrosa\u0159i, &#8222;prubli&#8220; v r\u00e1mci \u00favodn\u00edho z\u00e1vodu TOI TOI Cupu &#8211; \u010cesk\u00e9ho poh\u00e1ru v cyklokrosu, nejlep\u0161\u00ed vyznava\u010di t\u00e9to podzimn\u00ed a zim\u00ed cyklistick\u00e9 discipliny (nejen) z \u010ceska. No a celkem sedm MORAVC\u016e bylo premi\u00e9rov\u011b zde, o sv\u00e1te\u010dn\u00ed st\u0159ed\u011b, t\u00e9\u017e ost\u0159e v akci!<\/strong><\/span><\/p>\n<p><a href=\"http:\/\/www.moravecteam.cz\/?attachment_id=5707\" rel=\"attachment wp-att-5707\"><img decoding=\"async\" loading=\"lazy\" class=\"alignnone size-full wp-image-5707\" title=\"Jakub Tesa\u0159 zdol\u00e1v\u00e1 dv\u011b um\u011bl\u00e9 p\u017eek\u00e1\u017eky, kter\u00e9 t\u00e1borskou tra\u0165 dopl\u0148ovaly.\" alt=\"img_4569\" src=\"http:\/\/www.moravecteam.cz\/wp-content\/uploads\/2016\/09\/IMG_4569.jpg\" width=\"203\" height=\"350\" srcset=\"https:\/\/www.moravecteam.cz\/wp-content\/uploads\/2016\/09\/IMG_4569.jpg 203w, https:\/\/www.moravecteam.cz\/wp-content\/uploads\/2016\/09\/IMG_4569-174x300.jpg 174w\" sizes=\"(max-width: 203px) 100vw, 203px\" \/><a href=\"http:\/\/www.moravecteam.cz\/?attachment_id=5706\" rel=\"attachment wp-att-5706\"><img decoding=\"async\" loading=\"lazy\" class=\"alignnone size-full wp-image-5706\" title=\"Roman \u0160indel\u00e1\u0159 v pln\u00e9 rychlosti p\u0159i sv\u00e9 poh\u00e1rov\u00e9 cyklokrosa\u0159sk\u00e9 premi\u00e9\u0159e.\" alt=\"img_4565\" src=\"http:\/\/www.moravecteam.cz\/wp-content\/uploads\/2016\/09\/IMG_4565.jpg\" width=\"222\" height=\"350\" srcset=\"https:\/\/www.moravecteam.cz\/wp-content\/uploads\/2016\/09\/IMG_4565.jpg 222w, https:\/\/www.moravecteam.cz\/wp-content\/uploads\/2016\/09\/IMG_4565-190x300.jpg 190w\" sizes=\"(max-width: 222px) 100vw, 222px\" \/><\/a><\/a><\/p>\n<p style=\"text-align: justify;\">Z \u0161esti vypsan\u00fdch kategori\u00ed n\u00e1rodn\u00edho poh\u00e1ru n\u00e1s letos budou zaj\u00edmat &#8211; krom\u011b t\u00e9 juniorsk\u00e9 &#8211; v\u0161echny! N\u00e1\u0161 cyklokrosov\u00fd t\u00fdm se toti\u017e letos po\u010detn\u011b t\u00e9m\u011b\u0159 zdvojn\u00e1sobil a pos\u00edlil do stavu sedmi rajdr\u016f! Hned prvn\u00ed start \u017e\u00e1k\u016f byl k\u0159estem ohn\u011bm pro dva na\u0161e mlad\u00e9 debutanty: <span style=\"color: #800000;\"><strong>Jakub Tesa\u0159<\/strong><\/span> se v konkurenci pades\u00e1ti soupe\u0159\u016f dok\u00e1zal hned na poprv\u00e9 prosadit na body, a state\u010dn\u00fd, bojovn\u00fd , pochvalu zaslou\u017e\u00edc\u00ed v\u00fdkon p\u0159edvedl p\u0159i sv\u00e9 premi\u00e9\u0159e i <span style=\"color: #800000;\"><strong>Roman \u0160indel\u00e1\u0159<\/strong><\/span>.<\/p>\n<figure id=\"attachment_5709\" aria-describedby=\"caption-attachment-5709\" style=\"width: 693px\" class=\"wp-caption alignnone\"><a href=\"http:\/\/www.moravecteam.cz\/?attachment_id=5709\" rel=\"attachment wp-att-5709\"><img decoding=\"async\" loading=\"lazy\" class=\" wp-image-5709\" alt=\"img_4559\" src=\"http:\/\/www.moravecteam.cz\/wp-content\/uploads\/2016\/09\/IMG_4559.jpg\" width=\"693\" height=\"763\" srcset=\"https:\/\/www.moravecteam.cz\/wp-content\/uploads\/2016\/09\/IMG_4559.jpg 693w, https:\/\/www.moravecteam.cz\/wp-content\/uploads\/2016\/09\/IMG_4559-272x300.jpg 272w\" sizes=\"(max-width: 693px) 100vw, 693px\" \/><\/a><figcaption id=\"caption-attachment-5709\" class=\"wp-caption-text\">Ani\u010dka Zem\u00e1nkov\u00e1 zdol\u00e1v\u00e1 v\u00fdb\u011bh po nep\u0159\u00edjemn\u011b prudk\u00fdch schodech.<\/figcaption><\/figure>\n<p style=\"text-align: justify;\">O v\u00fdsledky v TOP 10 se n\u00e1sledn\u011b postarali ve startu kadetek a kadet\u016f <strong><span style=\"color: #800000;\">Anna Zem\u00e1nkov\u00e1<\/span><\/strong> a <span style=\"color: #800000;\"><strong>Tom\u00e1\u0161 Tlamka &#8222;Contador&#8220;<\/strong><\/span>. A\u0148a jela v konkurenci 39 soupe\u0159ek v\u00fdborn\u011b a jej\u00ed \u0161est\u00e9 m\u00edsto v c\u00edli je v\u00fdborn\u00fdm startem do sez\u00f3ny! V\u0159dy\u0165 od &#8222;brambory&#8220; ji d\u011blilo pouze 9 vte\u0159in a od bronzu p\u016flminutka&#8230; Podobn\u011b v\u00fdborn\u011b si vedl p\u0159i sv\u00e9 premi\u00e9\u0159e v kategorii o &#8222;levl&#8220; v\u00fd\u0161e i v c\u00edli osm\u00fd, Tom\u00e1\u0161 Tlamka &#8222;Contador&#8220;. Ten sice prohr\u00e1l o vte\u0159inku c\u00edlov\u00fd spurt s Davidem \u0160ulcem (IVAR CS Author Team), ale oba tradi\u010dn\u00ed soupe\u0159i fini\u0161ovali se ztr\u00e1tou pouh\u00e9 minuty na bronzov\u00fd stup\u00ednek&#8230; V\u00fdborn\u00fd v\u00fdkon kadet\u016f podtrhl \u00a017. m\u00edstem <strong><span style=\"color: #800000;\">Honza &#8222;D\u017eony&#8220; \u0160indel\u00e1\u0159<\/span><\/strong> a i zde je t\u0159eba p\u0159ipomenout, \u017ee i on jel nejvy\u0161\u0161\u00ed &#8222;cyklokrosovou ligu&#8220; po prv\u00e9.<\/p>\n<figure id=\"attachment_5710\" aria-describedby=\"caption-attachment-5710\" style=\"width: 911px\" class=\"wp-caption alignnone\"><a href=\"http:\/\/www.moravecteam.cz\/?attachment_id=5710\" rel=\"attachment wp-att-5710\"><img decoding=\"async\" loading=\"lazy\" class=\" wp-image-5710\" alt=\"img_4586\" src=\"http:\/\/www.moravecteam.cz\/wp-content\/uploads\/2016\/09\/IMG_4586.jpg\" width=\"911\" height=\"1000\" srcset=\"https:\/\/www.moravecteam.cz\/wp-content\/uploads\/2016\/09\/IMG_4586.jpg 911w, https:\/\/www.moravecteam.cz\/wp-content\/uploads\/2016\/09\/IMG_4586-273x300.jpg 273w\" sizes=\"(max-width: 911px) 100vw, 911px\" \/><\/a><figcaption id=\"caption-attachment-5710\" class=\"wp-caption-text\">Tom\u00e1\u0161 Tlamka &#8222;Contador&#8220; si vyjel hned p\u0159i sv\u00e9 premi\u00e9\u0159e mezi kadety um\u00edst\u011bn\u00ed v TOP 10!<\/figcaption><\/figure>\n<p style=\"text-align: justify;\">I start \u017een n\u00e1s tentokr\u00e1t hodn\u011b zaj\u00edmal. Palce p\u0159i n\u011bm jsme dr\u017eeli &#8211; stejn\u011b jako loni &#8211; na\u0161\u00ed odchovankyni, <strong><span style=\"color: #800000;\">Ad\u00e9la \u0160af\u00e1rov\u00e9<\/span><\/strong> (Nutrend Speialized), ale i<span style=\"color: #800000;\"><strong> Jan\u011b &#8222;D\u017eejn&#8220; Tesa\u0159ov\u00e9<\/strong><\/span>, kter\u00e1 se do tohoto startu posunula sv\u00fdm ji\u017e juniorsk\u00fdm v\u011bkem. Zat\u00edm co Jana pro pot\u00ed\u017ee z d\u00fdch\u00e1n\u00edm ve druh\u00e9m kole odstoupila, Ad\u00e9la z\u00e1vod odjela a jak je u n\u00ed zvykem, odjela ho v konkurenci 30 soupe\u0159ek v\u00fdborn\u011b! I j\u00ed pat\u0159ilo v c\u00edli m\u00edsto v TOP 10 a py\u0161nit se po dne\u0161ku m\u016f\u017ee skalpy takov\u00fdch es, jak\u00fdmi nap\u0159\u00edklad Martina Mikul\u00e1\u0161kov\u00e1 s Bar\u010dou Pr\u016fdkovou beze sporu jsou!<\/p>\n<figure id=\"attachment_5711\" aria-describedby=\"caption-attachment-5711\" style=\"width: 650px\" class=\"wp-caption alignnone\"><a href=\"http:\/\/www.moravecteam.cz\/?attachment_id=5711\" rel=\"attachment wp-att-5711\"><img decoding=\"async\" loading=\"lazy\" class=\" wp-image-5711\" alt=\"img_4585\" src=\"http:\/\/www.moravecteam.cz\/wp-content\/uploads\/2016\/09\/IMG_4585.jpg\" width=\"650\" height=\"869\" srcset=\"https:\/\/www.moravecteam.cz\/wp-content\/uploads\/2016\/09\/IMG_4585.jpg 650w, https:\/\/www.moravecteam.cz\/wp-content\/uploads\/2016\/09\/IMG_4585-224x300.jpg 224w\" sizes=\"(max-width: 650px) 100vw, 650px\" \/><\/a><figcaption id=\"caption-attachment-5711\" class=\"wp-caption-text\">Do elitn\u00ed dvac\u00edtky mezi kadety se dok\u00e1zal po bojovn\u00e9m v\u00fdkonu prosadit i Honza &#8222;D\u017eony&#8220; \u0160indel\u00e1\u0159.<\/figcaption><\/figure>\n<p style=\"text-align: justify;\">Starty mu\u017e\u016f elite n\u00e1s budou po n\u011bjak\u00e9m tom roku (naposled n\u00e1s v t\u00e9to kategorii reprezentoval Petr Bo\u0159il) tak\u00e9 letos moc, moc interesovat. Do kategorie U23 se posunul <strong><span style=\"color: #800000;\">Dominik Prudek<\/span><\/strong> a v T\u00e1bo\u0159e se prvn\u011b postavil na start po boku Michala Boro\u0161e, Tom\u00e1\u0161e Paprsku, Radom\u00edra \u0160im\u016fnka, Mat\u011bje Las\u00e1ka a dal\u0161\u00edch skv\u011bl\u00fdch \u010desk\u00fdch cyklokrosa\u0159\u016f&#8230; A p\u0159i sv\u00e9 premi\u00e9\u0159e mezi elitou si vedl n\u00e1\u0161 mlad\u00fd snajpr nad o\u010dek\u00e1v\u00e1n\u00ed! 35. m\u00edsto v c\u00edli v konkurenci 65 soupe\u0159\u016f je v\u00fdborn\u00e9! Je t\u0159eba br\u00e1t v potaz, \u017ee p\u0159ed Dom\u010dou dojelo 14 zahrani\u010dn\u00edch borc\u016f a i p\u0159es to, \u017ee konkurence byla v T\u00e1bo\u0159e mezin\u00e1rodn\u011b hutn\u00e1, chyb\u011blo Dominikovi pouh\u00fdch cca 10 vte\u0159in, aby z\u00e1vod zvl\u00e1dl s pln\u00fdm po\u010dtem kol!<\/p>\n<p><a href=\"http:\/\/www.moravecteam.cz\/?attachment_id=5712\" rel=\"attachment wp-att-5712\"><img decoding=\"async\" loading=\"lazy\" class=\"size-full wp-image-5712 alignnone\" title=\"Ad\u00e9la \u0160af\u00e1\u0159ov\u00e1 potvrdila v T\u00e1bo\u0159e, \u017ee letos bude i t\u011bm nejlep\u0161\u00edm \u017een\u00e1m t\u011b\u017ekou soupe\u0159kou!\" alt=\"img_4596\" src=\"http:\/\/www.moravecteam.cz\/wp-content\/uploads\/2016\/09\/IMG_4596.jpg\" width=\"214\" height=\"350\" srcset=\"https:\/\/www.moravecteam.cz\/wp-content\/uploads\/2016\/09\/IMG_4596.jpg 214w, https:\/\/www.moravecteam.cz\/wp-content\/uploads\/2016\/09\/IMG_4596-183x300.jpg 183w\" sizes=\"(max-width: 214px) 100vw, 214px\" \/><\/a><span style=\"text-align: justify;\">\u00a0 \u00a0 \u00a0\u00a0<\/span><a style=\"text-align: justify;\" href=\"http:\/\/www.moravecteam.cz\/?attachment_id=5713\" rel=\"attachment wp-att-5713\"><img decoding=\"async\" loading=\"lazy\" class=\"alignnone size-full wp-image-5713\" title=\"Jana Tesa\u0159ov\u00e1 startovala ne \u00fapln\u011b fit a ze z\u00e1vodu po dvou kolech odstoupila.\" alt=\"img_4597\" src=\"http:\/\/www.moravecteam.cz\/wp-content\/uploads\/2016\/09\/IMG_4597.jpg\" width=\"178\" height=\"350\" srcset=\"https:\/\/www.moravecteam.cz\/wp-content\/uploads\/2016\/09\/IMG_4597.jpg 178w, https:\/\/www.moravecteam.cz\/wp-content\/uploads\/2016\/09\/IMG_4597-152x300.jpg 152w\" sizes=\"(max-width: 178px) 100vw, 178px\" \/><\/a><span style=\"text-align: justify;\">\u00a0\u00a0<\/span><\/p>\n<p style=\"text-align: justify;\">Bravo MORAVEC Team v T\u00e1bo\u0159e! D\u00edky v\u0161em za bojovn\u00e9 v\u00fdkony na doraz, vzorn\u00e9 repre odd\u00edlu a podp\u016frn\u00e9mu t\u00fdmu velk\u00fd d\u00edk za skv\u011ble odvedenou t\u00fdlovou pr\u00e1ci! V\u00fdsledky z Ji\u017en\u00edch \u010cech jsou o to cenn\u011bj\u0161\u00ed, uv\u00e1\u017e\u00edme-li, \u017ee v\u0161ichni na\u0161i maj\u00ed v noh\u00e1ch docela t\u011b\u017ekou &#8222;kl\u00e1du&#8220; z ned\u011bln\u00edch bikov\u00fdch Boskovic&#8230; Zde hledejte <strong><a href=\"http:\/\/www.cyklokros.cz\/cz\/toi-toi-cup-2016\/toi-toi-cup-2016\/tabor\/vysledky\">kompletn\u00ed v\u00fdsledky<\/a>\u00a0<\/strong>a zde najdete <strong><a href=\"http:\/\/moravecteam.rajce.idnes.cz\/\">t\u00e1borskou fotogalerii<\/a>.<\/strong><\/p>\n<figure id=\"attachment_5714\" aria-describedby=\"caption-attachment-5714\" style=\"width: 697px\" class=\"wp-caption alignnone\"><a href=\"http:\/\/www.moravecteam.cz\/?attachment_id=5714\" rel=\"attachment wp-att-5714\"><img decoding=\"async\" loading=\"lazy\" class=\" wp-image-5714\" alt=\"img_4603\" src=\"http:\/\/www.moravecteam.cz\/wp-content\/uploads\/2016\/09\/IMG_4603.jpg\" width=\"697\" height=\"921\" srcset=\"https:\/\/www.moravecteam.cz\/wp-content\/uploads\/2016\/09\/IMG_4603.jpg 697w, https:\/\/www.moravecteam.cz\/wp-content\/uploads\/2016\/09\/IMG_4603-227x300.jpg 227w\" sizes=\"(max-width: 697px) 100vw, 697px\" \/><\/a><figcaption id=\"caption-attachment-5714\" class=\"wp-caption-text\">Dominik Prudek di vedl v T\u00e1bo\u0159e vskutku v\u00fdborn\u011b a nechyb\u011blo mnoho, aby z\u00e1vod v t\u011b\u017ek\u00e9 mezin\u00e1rodn\u00ed konkurenci dokon\u010dil s pln\u00fdm po\u010dtem kol!<\/figcaption><\/figure>\n","protected":false},"excerpt":{"rendered":"<p>B\u00fdval\u00e1 ba\u0161ta odbojn\u00fdch Husit\u016f, jiho\u010desk\u00e9 m\u011bsto T\u00e1bor, je v posledn\u00ed dob\u011b u\u017e v\u00edce ba\u0161tou cyklokrosa\u0159\u016f a boje, kter\u00e9 se zde odehr\u00e1vaj\u00ed, jsou veskrze sportovn\u00ed a jsou-li ryt\u00ed\u0159sk\u00e9, tak v\u00fdhradn\u011b ve smyslu sportovn\u00ed \u010destnosti, pro kterou se z angli\u010dtiny v\u017eil n\u00e1zev &#8222;fair play&#8220;. Trat\u011b, kter\u00e9 v minulosti hostliliy nejednou v\u00fdkv\u011bt sv\u011btov\u00e9ho cyklokrosu v r\u00e1mci Mistrovstv\u00ed sv\u011bta &hellip; <a href=\"https:\/\/www.moravecteam.cz\/?p=5658\" class=\"more-link\">Pokra\u010dov\u00e1n\u00ed textu <span class=\"screen-reader-text\">Super start do TOI TOI!<\/span> <span class=\"meta-nav\">&rarr;<\/span><\/a><\/p>\n","protected":false},"author":3,"featured_media":5662,"comment_status":"open","ping_status":"closed","sticky":false,"template":"","format":"standard","meta":[],"categories":[1],"tags":[],"_links":{"self":[{"href":"https:\/\/www.moravecteam.cz\/index.php?rest_route=\/wp\/v2\/posts\/5658"}],"collection":[{"href":"https:\/\/www.moravecteam.cz\/index.php?rest_route=\/wp\/v2\/posts"}],"about":[{"href":"https:\/\/www.moravecteam.cz\/index.php?rest_route=\/wp\/v2\/types\/post"}],"author":[{"embeddable":true,"href":"https:\/\/www.moravecteam.cz\/index.php?rest_route=\/wp\/v2\/users\/3"}],"replies":[{"embeddable":true,"href":"https:\/\/www.moravecteam.cz\/index.php?rest_route=%2Fwp%2Fv2%2Fcomments&post=5658"}],"version-history":[{"count":9,"href":"https:\/\/www.moravecteam.cz\/index.php?rest_route=\/wp\/v2\/posts\/5658\/revisions"}],"predecessor-version":[{"id":5715,"href":"https:\/\/www.moravecteam.cz\/index.php?rest_route=\/wp\/v2\/posts\/5658\/revisions\/5715"}],"wp:featuredmedia":[{"embeddable":true,"href":"https:\/\/www.moravecteam.cz\/index.php?rest_route=\/wp\/v2\/media\/5662"}],"wp:attachment":[{"href":"https:\/\/www.moravecteam.cz\/index.php?rest_route=%2Fwp%2Fv2%2Fmedia&parent=5658"}],"wp:term":[{"taxonomy":"category","embeddable":true,"href":"https:\/\/www.moravecteam.cz\/index.php?rest_route=%2Fwp%2Fv2%2Fcategories&post=5658"},{"taxonomy":"post_tag","embeddable":true,"href":"https:\/\/www.moravecteam.cz\/index.php?rest_route=%2Fwp%2Fv2%2Ftags&post=5658"}],"curies":[{"name":"wp","href":"https:\/\/api.w.org\/{rel}","templated":true}]}}