{"id":5689,"date":"2016-09-29T16:18:38","date_gmt":"2016-09-29T14:18:38","guid":{"rendered":"http:\/\/www.moravecteam.cz\/?p=5689"},"modified":"2016-09-29T16:59:25","modified_gmt":"2016-09-29T14:59:25","slug":"zlaty-palavsky-krpal","status":"publish","type":"post","link":"https:\/\/www.moravecteam.cz\/?p=5689","title":{"rendered":"Zlat\u00fd P\u00e1lavsk\u00fd krp\u00e1l!"},"content":{"rendered":"<p style=\"text-align: justify;\"><span style=\"color: #800000;\"><strong>Posledn\u00ed z\u00e1\u0159iov\u00fd v\u00edkend byl nejen ve znamen\u00ed vyvrcholen\u00ed jubilejn\u00edho ro\u010dn\u00edku MTB Poh\u00e1ru Drahansk\u00e9 vrchoviny, ale v sobotu se jelo v Mikulov\u011b\u00a0cross country\u00a0&#8211; Mercedes &#8211; Benz Nova Cup. Hlavn\u00edm z\u00e1vodem bylo pod P\u00e1lavsk\u00fdmi vrchy\u00a0kl\u00e1n\u00ed biker\u016f na maratonsk\u00e9 trati, sou\u010d\u00e1st\u00ed podniku byly ale samoz\u0159ejm\u011b doprovodn\u00e9 z\u00e1vody d\u011bt\u00ed a v kategorii 10-12 let n\u00e1s velmi zdatn\u011b reprezentoval \u0161ikovn\u00fd Roman \u0160indel\u00e1\u0159.<\/strong><\/span><\/p>\n<figure id=\"attachment_5696\" aria-describedby=\"caption-attachment-5696\" style=\"width: 1080px\" class=\"wp-caption alignnone\"><a href=\"http:\/\/www.moravecteam.cz\/?attachment_id=5696\" rel=\"attachment wp-att-5696\"><img decoding=\"async\" loading=\"lazy\" class=\" wp-image-5696 \" alt=\"img_20160924_132547\" src=\"http:\/\/www.moravecteam.cz\/wp-content\/uploads\/2016\/09\/IMG_20160924_132547.jpg\" width=\"1080\" height=\"997\" srcset=\"https:\/\/www.moravecteam.cz\/wp-content\/uploads\/2016\/09\/IMG_20160924_132547.jpg 1080w, https:\/\/www.moravecteam.cz\/wp-content\/uploads\/2016\/09\/IMG_20160924_132547-300x276.jpg 300w, https:\/\/www.moravecteam.cz\/wp-content\/uploads\/2016\/09\/IMG_20160924_132547-1024x945.jpg 1024w\" sizes=\"(max-width: 1080px) 100vw, 1080px\" \/><\/a><figcaption id=\"caption-attachment-5696\" class=\"wp-caption-text\">Mal\u00fd\u00a0postavou,\u00a0velk\u00fd v\u00fdkonem! V\u00edt\u011bz kategorie 10-12 let z Mikulova se jmenuje Roman \u0160indel\u00e1\u0159 (MORAVEC Team).<\/figcaption><\/figure>\n<p style=\"text-align: justify;\">Rafinovan\u011b zamaskoval ve startovn\u00ed listin\u011b svoji t\u00fdmovou p\u0159\u00edslu\u0161nost, \u010d\u00edm\u017e\u00a0soupe\u0159e dokonale zm\u00e1tl a p\u0159ijel si v hutn\u00e9 konkurenci 21 biker\u016f (a bikerek &#8211; start byl vyps\u00e1n v t\u00e9to v\u011bkov\u00e9 kategorii &#8211; tro\u0161ku netradi\u010dn\u011b &#8211; jak pro kluky, tak pro holky) pro\u00a0zaslou\u017een\u00e9 prvenstv\u00ed! \u00a0Tvrd\u00fd boj o n\u011b svedl v c\u00edlov\u00e9 rovince s Pavlem \u0160ump\u00edkem (t\u00fdm FA RENE), ale \u0161est desetin(!) vte\u0159inky k dobru hovo\u0159ilo pro na\u0161eho mlad\u00e9ho borce! V\u00fdborn\u011b zajel ve sv\u00e9 kategorii Masters maratonskou tra\u0165 50km i Rom\u010d\u016fv t\u00e1ta &#8211; Honza \u0160indel\u00e1\u0159 (i on rafinovan\u011b zm\u00e1tl konkurenci zaps\u00e1n\u00edm jin\u00e9ho t\u00fdmu ve startovn\u00ed listin\u011b), kdy\u017e v c\u00edli jeho 12. m\u00edsto m\u00e1 v konkurenci 70 biker\u016f jist\u011b vysokou cenu! Blahop\u0159ejeme Romanovi k v\u00edt\u011bzstv\u00ed, a ob\u011bma d\u00edky za vzorn\u00e9 repre MORAVCE! D\u00edky z\u00e1rove\u0148 i podp\u016frn\u00e9mu rodinn\u00e9mu t\u00fdmu, za vzorn\u011b vytvo\u0159en\u00e9 z\u00e1zem\u00ed. Romanovi i Honzovi mikulovsk\u00e1 &#8222;rozplavba&#8220; poslou\u017eila o den pozd\u011bji, kdy\u00a0ve fin\u00e1le MTB PDV, v\u00a0\u00a0t\u011b\u017ek\u00e9 konkurenci, vybojovali cenn\u00e1 um\u00edst\u011bn\u00ed, kter\u00e9 jim ob\u011bma\u00a0zajistilo z leto\u0161n\u00ed region\u00e1ln\u00ed s\u00e9rie celkov\u00fd bronzov\u00fd &#8222;\u0161utr&#8220;! Zde si m\u016f\u017eete\u00a0oba\u00a0kvalitn\u00ed\u00a0sobotn\u00ed <strong><a href=\"http:\/\/pucik.sportchallenge.cz\/cz\/novacup-palava\/\">v\u00fdsledky<\/a><\/strong> na\u0161ich rajdr\u016f<strong>\u00a0<\/strong>z Mikulova,\u00a0ov\u011b\u0159it<strong>!<\/strong><\/p>\n<figure id=\"attachment_5695\" aria-describedby=\"caption-attachment-5695\" style=\"width: 3264px\" class=\"wp-caption alignnone\"><a href=\"http:\/\/www.moravecteam.cz\/?attachment_id=5695\" rel=\"attachment wp-att-5695\"><img decoding=\"async\" loading=\"lazy\" class=\" wp-image-5695\" alt=\"img_20160924_121527\" src=\"http:\/\/www.moravecteam.cz\/wp-content\/uploads\/2016\/09\/IMG_20160924_121527.jpg\" width=\"3264\" height=\"1920\" srcset=\"https:\/\/www.moravecteam.cz\/wp-content\/uploads\/2016\/09\/IMG_20160924_121527.jpg 3264w, https:\/\/www.moravecteam.cz\/wp-content\/uploads\/2016\/09\/IMG_20160924_121527-300x176.jpg 300w, https:\/\/www.moravecteam.cz\/wp-content\/uploads\/2016\/09\/IMG_20160924_121527-1024x602.jpg 1024w\" sizes=\"(max-width: 3264px) 100vw, 3264px\" \/><\/a><figcaption id=\"caption-attachment-5695\" class=\"wp-caption-text\">Honza \u0160indel\u00e1\u0159 na maratonsk\u00e9 trati v Mikulov\u011b prok\u00e1zal na z\u00e1v\u011br sez\u00f3ny velmi dobrou formu!<\/figcaption><\/figure>\n","protected":false},"excerpt":{"rendered":"<p>Posledn\u00ed z\u00e1\u0159iov\u00fd v\u00edkend byl nejen ve znamen\u00ed vyvrcholen\u00ed jubilejn\u00edho ro\u010dn\u00edku MTB Poh\u00e1ru Drahansk\u00e9 vrchoviny, ale v sobotu se jelo v Mikulov\u011b\u00a0cross country\u00a0&#8211; Mercedes &#8211; Benz Nova Cup. Hlavn\u00edm z\u00e1vodem bylo pod P\u00e1lavsk\u00fdmi vrchy\u00a0kl\u00e1n\u00ed biker\u016f na maratonsk\u00e9 trati, sou\u010d\u00e1st\u00ed podniku byly ale samoz\u0159ejm\u011b doprovodn\u00e9 z\u00e1vody d\u011bt\u00ed a v kategorii 10-12 let n\u00e1s velmi zdatn\u011b reprezentoval \u0161ikovn\u00fd &hellip; <a href=\"https:\/\/www.moravecteam.cz\/?p=5689\" class=\"more-link\">Pokra\u010dov\u00e1n\u00ed textu <span class=\"screen-reader-text\">Zlat\u00fd P\u00e1lavsk\u00fd krp\u00e1l!<\/span> <span class=\"meta-nav\">&rarr;<\/span><\/a><\/p>\n","protected":false},"author":3,"featured_media":5694,"comment_status":"open","ping_status":"closed","sticky":false,"template":"","format":"standard","meta":[],"categories":[1],"tags":[],"_links":{"self":[{"href":"https:\/\/www.moravecteam.cz\/index.php?rest_route=\/wp\/v2\/posts\/5689"}],"collection":[{"href":"https:\/\/www.moravecteam.cz\/index.php?rest_route=\/wp\/v2\/posts"}],"about":[{"href":"https:\/\/www.moravecteam.cz\/index.php?rest_route=\/wp\/v2\/types\/post"}],"author":[{"embeddable":true,"href":"https:\/\/www.moravecteam.cz\/index.php?rest_route=\/wp\/v2\/users\/3"}],"replies":[{"embeddable":true,"href":"https:\/\/www.moravecteam.cz\/index.php?rest_route=%2Fwp%2Fv2%2Fcomments&post=5689"}],"version-history":[{"count":8,"href":"https:\/\/www.moravecteam.cz\/index.php?rest_route=\/wp\/v2\/posts\/5689\/revisions"}],"predecessor-version":[{"id":5700,"href":"https:\/\/www.moravecteam.cz\/index.php?rest_route=\/wp\/v2\/posts\/5689\/revisions\/5700"}],"wp:featuredmedia":[{"embeddable":true,"href":"https:\/\/www.moravecteam.cz\/index.php?rest_route=\/wp\/v2\/media\/5694"}],"wp:attachment":[{"href":"https:\/\/www.moravecteam.cz\/index.php?rest_route=%2Fwp%2Fv2%2Fmedia&parent=5689"}],"wp:term":[{"taxonomy":"category","embeddable":true,"href":"https:\/\/www.moravecteam.cz\/index.php?rest_route=%2Fwp%2Fv2%2Fcategories&post=5689"},{"taxonomy":"post_tag","embeddable":true,"href":"https:\/\/www.moravecteam.cz\/index.php?rest_route=%2Fwp%2Fv2%2Ftags&post=5689"}],"curies":[{"name":"wp","href":"https:\/\/api.w.org\/{rel}","templated":true}]}}