{"id":5716,"date":"2016-10-02T17:02:12","date_gmt":"2016-10-02T15:02:12","guid":{"rendered":"http:\/\/www.moravecteam.cz\/?p=5716"},"modified":"2016-10-02T22:15:39","modified_gmt":"2016-10-02T20:15:39","slug":"moravci-na-kpz-v-nmnm","status":"publish","type":"post","link":"https:\/\/www.moravecteam.cz\/?p=5716","title":{"rendered":"MORAVCI na KP\u017d&#8230;"},"content":{"rendered":"<p style=\"text-align: justify;\"><strong><span style=\"color: #800000;\">Seri\u00e1l MTB maraton\u016f Kolo pro \u017eivot vyvrcholil v sobotu 1. \u0159\u00edjna fin\u00e1lov\u00fdm z\u00e1vodem v Nov\u00e9m M\u011bst\u011b na Morav\u011b. Popul\u00e1rn\u00ed s\u00e9rie m\u00e1 za sebou 17. ro\u010dn\u00edk a je tedy jen o dva roky star\u0161\u00ed ne\u017e n\u00e1\u0161 region\u00e1ln\u00ed MTB Poh\u00e1r Drahansk\u00e9 vrchoviny. \u017de se fin\u00e1le obou jmenovan\u00fdch presti\u017en\u00edch s\u00e9rii minula o t\u00fdden, bylo jen dob\u0159e. T\u0159i siln\u00ed rajd\u0159i z MORAVEC Tamu n\u00e1s za dan\u00fdch okolnost\u00ed mohli ve Vyso\u010dina ar\u00e9n\u011b reprezentovat a vedli si &#8211; jak jinak &#8211; v\u00edce, ne\u017e zdatn\u011b!<\/span><\/strong><\/p>\n<figure id=\"attachment_5725\" aria-describedby=\"caption-attachment-5725\" style=\"width: 2560px\" class=\"wp-caption alignnone\"><a href=\"http:\/\/www.moravecteam.cz\/?attachment_id=5725\" rel=\"attachment wp-att-5725\"><img decoding=\"async\" loading=\"lazy\" class=\" wp-image-5725\" alt=\"OLYMPUS DIGITAL CAMERA\" src=\"http:\/\/www.moravecteam.cz\/wp-content\/uploads\/2016\/10\/PA013644.jpg\" width=\"2560\" height=\"1920\" srcset=\"https:\/\/www.moravecteam.cz\/wp-content\/uploads\/2016\/10\/PA013644.jpg 2560w, https:\/\/www.moravecteam.cz\/wp-content\/uploads\/2016\/10\/PA013644-300x225.jpg 300w, https:\/\/www.moravecteam.cz\/wp-content\/uploads\/2016\/10\/PA013644-1024x768.jpg 1024w\" sizes=\"(max-width: 2560px) 100vw, 2560px\" \/><\/a><figcaption id=\"caption-attachment-5725\" class=\"wp-caption-text\">Pro Jardu ur\u010dit\u011b velk\u00e1 \u010dest, vyfotit se s v\u00edt\u011bzkou (Luci\u00ed Koudelkovou) a vicemistrem (Maty\u00e1\u0161em Koudelkou) leto\u0161n\u00ed MTB &#8222;Vrchoviny&#8220;!<\/figcaption><\/figure>\n<p style=\"text-align: justify;\">Hv\u011bzdou akce byl beze sporu st\u0159\u00edbrn\u00fd meailista z leto\u0161n\u00edch Letn\u00edch olympijsk\u00fdch her v Rio de Janeiro &#8211; Jaroslav Kulhav\u00fd, kter\u00fd m\u00e1 rajdry MORAVEC Teamu u\u017e po l\u00e9ta dob\u0159e v podv\u011bdom\u00ed (nap\u0159. lo\u017enici na MTB ME v izraelsk\u00e9 Haif\u011b v r. 2010 sd\u00edlel Jaroslav Kulhav\u00fd krom\u011b Ondry Cinka i s na\u0161\u00edm Radimem Kov\u00e1\u0159em) . Jarda byl i aktivn\u00edm \u00fa\u010dastn\u00edkem d\u011btsk\u00fdch start\u016f, kter\u00fdmi byli p\u0159\u00edm\u00fdmi akt\u00e9ry i na\u0161i \u0161ikovn\u00ed reprezentanti a letos na MTB &#8222;Vrchovin\u011b&#8220; tolik \u00fasp\u011b\u0161n\u00ed &#8211; sourozenci <span style=\"color: #800000;\"><strong>Lucie a Maty\u00e1\u0161 Koudelkovi<\/strong><\/span>. Lucinka m\u011bla t\u011b\u017ek\u00fd \u00fakol&#8230; Startovn\u00ed pole v jej\u00ed kategorii \u010d\u00edtalo 46 bikerek a na v\u00edc m\u011bla Lucka hned v prv\u00edm kole ne\u0161\u0165astn\u00fd p\u00e1d. Zde se v\u0161ak uk\u00e1zaly mor\u00e1ln\u011b-voln\u00ed vlastnosti na\u0161\u00ed talentovan\u00e9 mlad\u00e9 bikerky. Na prvn\u00ed pohled k\u0159ehk\u00e1 d\u00edvenka p\u0159edvedla skv\u011blou st\u00edhac\u00ed j\u00edzdu a odm\u011bnou j\u00ed byo v c\u00edli v\u00fdborn\u00e9, 14. m\u00edsto!<\/p>\n<p style=\"text-align: justify;\">\u00a0 \u00a0 <a href=\"http:\/\/www.moravecteam.cz\/?attachment_id=5724\" rel=\"attachment wp-att-5724\"><img decoding=\"async\" loading=\"lazy\" class=\"alignnone size-full wp-image-5724\" title=\"Lucinka Koudelkov\u00e1 p\u0159edvedla po p\u00e1du fam\u00f3zn\u00ed st\u00edhac\u00ed j\u00edzdu!\" alt=\"OLYMPUS DIGITAL CAMERA\" src=\"http:\/\/www.moravecteam.cz\/wp-content\/uploads\/2016\/10\/PA013635.jpg\" width=\"201\" height=\"350\" srcset=\"https:\/\/www.moravecteam.cz\/wp-content\/uploads\/2016\/10\/PA013635.jpg 201w, https:\/\/www.moravecteam.cz\/wp-content\/uploads\/2016\/10\/PA013635-172x300.jpg 172w\" sizes=\"(max-width: 201px) 100vw, 201px\" \/><\/a><a href=\"http:\/\/www.moravecteam.cz\/?attachment_id=5722\" rel=\"attachment wp-att-5722\"><img decoding=\"async\" loading=\"lazy\" class=\"alignnone size-full wp-image-5722\" title=\"Maty\u00e1\u0161 Koudelka se vr\u00e1til do Vyso\u010dina ar\u00e9ny po dvou m\u011bs\u00edc\u00edch a op\u011bt zajel excelentn\u011b\" alt=\"OLYMPUS DIGITAL CAMERA\" src=\"http:\/\/www.moravecteam.cz\/wp-content\/uploads\/2016\/10\/PA013625a.jpg\" width=\"216\" height=\"350\" srcset=\"https:\/\/www.moravecteam.cz\/wp-content\/uploads\/2016\/10\/PA013625a.jpg 216w, https:\/\/www.moravecteam.cz\/wp-content\/uploads\/2016\/10\/PA013625a-185x300.jpg 185w\" sizes=\"(max-width: 216px) 100vw, 216px\" \/><\/a><\/p>\n<p style=\"text-align: justify;\">Jako p\u0159es kop\u00edr\u00e1k bral stejn\u00e9 um\u00edst\u011bn\u00ed \u00a0po souboji se 41 na\u017ehaven\u00fdmi soupe\u0159i i br\u00e1cha Lucinky, Maty\u00e1\u0161 Koudelka. I on si mohl u\u017e\u00edt v z\u00e1vod\u011b po celou dobu prvn\u00edho kola p\u0159\u00edtomnosti na tarti \u010desk\u00e9 bikersk\u00e9 ikony &#8211; Jaroslava Kulhav\u00e9ho a i on uk\u00e1zal soupe\u0159\u016fm, za\u010d je toho u MORAVC\u016e loket. Nikomu nedal nic za darmo a po state\u010dn\u00e9m, bojovn\u00e9m v\u00fdkonu se \u00a0mohl v c\u00edli radovat z um\u00edst\u011bn\u00ed v TOP 15!<\/p>\n<figure id=\"attachment_5723\" aria-describedby=\"caption-attachment-5723\" style=\"width: 2560px\" class=\"wp-caption alignnone\"><a href=\"http:\/\/www.moravecteam.cz\/?attachment_id=5723\" rel=\"attachment wp-att-5723\"><img decoding=\"async\" loading=\"lazy\" class=\" wp-image-5723\" alt=\"OLYMPUS DIGITAL CAMERA\" src=\"http:\/\/www.moravecteam.cz\/wp-content\/uploads\/2016\/10\/PA013628.jpg\" width=\"2560\" height=\"1920\" srcset=\"https:\/\/www.moravecteam.cz\/wp-content\/uploads\/2016\/10\/PA013628.jpg 2560w, https:\/\/www.moravecteam.cz\/wp-content\/uploads\/2016\/10\/PA013628-300x225.jpg 300w, https:\/\/www.moravecteam.cz\/wp-content\/uploads\/2016\/10\/PA013628-1024x768.jpg 1024w\" sizes=\"(max-width: 2560px) 100vw, 2560px\" \/><\/a><figcaption id=\"caption-attachment-5723\" class=\"wp-caption-text\">Prvn\u00ed spole\u010dn\u00e1 d\u011bt\u00ed s Jardou Kulhav\u00fdm. Na fotce dob\u0159e pozn\u00e1v\u00e1me v prvn\u00ed \u0159ad\u011b dole Lucimku Koudelkovou, v z\u00e1b\u011bru je i dal\u0161\u00ed borka z &#8222;Vrchoviny&#8220; Ani\u010dka Han\u00e1kov\u00e1.<\/figcaption><\/figure>\n<p style=\"text-align: justify;\">A do t\u0159etice se ze 14. m\u00edsta mohl v c\u00edli radovat ve sv\u00e9 kategorii i <span style=\"color: #800000;\"><strong>Dominik Prudek<\/strong><\/span>. Ten ov\u0161em zdol\u00e1val u\u017e pon\u011bkud jinou &#8222;tra\u0165ovou kl\u00e1du&#8220;, ne\u017e jeho mlad\u00ed t\u00fdmov\u00ed par\u0165\u00e1ci. Dom\u010da jel hlavn\u00ed okruh o distanci 50 km a v abslutn\u00edm po\u0159ad\u00ed mu\u017e\u016f (z\u00e1vod vyhr\u00e1l n\u00e1m dob\u0159e zn\u00e1m\u00fd z leto\u0161n\u00ed &#8222;Vrchoviny&#8220; v Protivanov\u011b &#8211; Pavel Boudn\u00fd) bral v c\u00edli v\u00fdborn\u00e9, 42. m\u00edsto. Vyso\u010dina ar\u00e9na n\u00e1m zkr\u00e1tka sv\u011bd\u010d\u00ed&#8230; V\u0161ichni t\u0159i na\u0161i reprezenatnti to sv\u00fdmi v\u00fdkony a v\u00fdsledky minulou sobotu ve zn\u00e1m\u00e9m SKI are\u00e1lu potvrdili! D\u00edky jim za vzorn\u00e9 repre MORAVCE, d\u00edky i podp\u016frn\u00fdm rodinn\u00fdm t\u00fdm\u016fm! Zde si m\u016f\u017eete ov\u011b\u0159it op\u011bt okulib\u00e9\u00a0<strong><a href=\"http:\/\/www.kolopro.cz\/clanky\/aktualni-informace\/10967-vysledky-vysocina-arena-tour-ceske-sporitelny-2016\">v\u00fdsledky<\/a><\/strong>.<\/p>\n<figure id=\"attachment_5721\" aria-describedby=\"caption-attachment-5721\" style=\"width: 2560px\" class=\"wp-caption alignnone\"><a href=\"http:\/\/www.moravecteam.cz\/?attachment_id=5721\" rel=\"attachment wp-att-5721\"><img decoding=\"async\" loading=\"lazy\" class=\" wp-image-5721\" alt=\"OLYMPUS DIGITAL CAMERA\" src=\"http:\/\/www.moravecteam.cz\/wp-content\/uploads\/2016\/10\/PA013618.jpg\" width=\"2560\" height=\"1920\" srcset=\"https:\/\/www.moravecteam.cz\/wp-content\/uploads\/2016\/10\/PA013618.jpg 2560w, https:\/\/www.moravecteam.cz\/wp-content\/uploads\/2016\/10\/PA013618-300x225.jpg 300w, https:\/\/www.moravecteam.cz\/wp-content\/uploads\/2016\/10\/PA013618-1024x768.jpg 1024w\" sizes=\"(max-width: 2560px) 100vw, 2560px\" \/><\/a><figcaption id=\"caption-attachment-5721\" class=\"wp-caption-text\">Druh\u00e1 spole\u010dn\u00e1 s &#8222;Velk\u00fdm Jardou&#8220;. Na \u0159adu tentor\u00e1t p\u0159i\u0161li kluci, s na\u0161\u00edm Maty\u00e1\u0161kem Koudelkou v\u010detn\u011b&#8230;<\/figcaption><\/figure>\n","protected":false},"excerpt":{"rendered":"<p>Seri\u00e1l MTB maraton\u016f Kolo pro \u017eivot vyvrcholil v sobotu 1. \u0159\u00edjna fin\u00e1lov\u00fdm z\u00e1vodem v Nov\u00e9m M\u011bst\u011b na Morav\u011b. Popul\u00e1rn\u00ed s\u00e9rie m\u00e1 za sebou 17. ro\u010dn\u00edk a je tedy jen o dva roky star\u0161\u00ed ne\u017e n\u00e1\u0161 region\u00e1ln\u00ed MTB Poh\u00e1r Drahansk\u00e9 vrchoviny. \u017de se fin\u00e1le obou jmenovan\u00fdch presti\u017en\u00edch s\u00e9rii minula o t\u00fdden, bylo jen dob\u0159e. T\u0159i siln\u00ed &hellip; <a href=\"https:\/\/www.moravecteam.cz\/?p=5716\" class=\"more-link\">Pokra\u010dov\u00e1n\u00ed textu <span class=\"screen-reader-text\">MORAVCI na KP\u017d&#8230;<\/span> <span class=\"meta-nav\">&rarr;<\/span><\/a><\/p>\n","protected":false},"author":3,"featured_media":5720,"comment_status":"open","ping_status":"closed","sticky":false,"template":"","format":"standard","meta":[],"categories":[1],"tags":[],"_links":{"self":[{"href":"https:\/\/www.moravecteam.cz\/index.php?rest_route=\/wp\/v2\/posts\/5716"}],"collection":[{"href":"https:\/\/www.moravecteam.cz\/index.php?rest_route=\/wp\/v2\/posts"}],"about":[{"href":"https:\/\/www.moravecteam.cz\/index.php?rest_route=\/wp\/v2\/types\/post"}],"author":[{"embeddable":true,"href":"https:\/\/www.moravecteam.cz\/index.php?rest_route=\/wp\/v2\/users\/3"}],"replies":[{"embeddable":true,"href":"https:\/\/www.moravecteam.cz\/index.php?rest_route=%2Fwp%2Fv2%2Fcomments&post=5716"}],"version-history":[{"count":10,"href":"https:\/\/www.moravecteam.cz\/index.php?rest_route=\/wp\/v2\/posts\/5716\/revisions"}],"predecessor-version":[{"id":5758,"href":"https:\/\/www.moravecteam.cz\/index.php?rest_route=\/wp\/v2\/posts\/5716\/revisions\/5758"}],"wp:featuredmedia":[{"embeddable":true,"href":"https:\/\/www.moravecteam.cz\/index.php?rest_route=\/wp\/v2\/media\/5720"}],"wp:attachment":[{"href":"https:\/\/www.moravecteam.cz\/index.php?rest_route=%2Fwp%2Fv2%2Fmedia&parent=5716"}],"wp:term":[{"taxonomy":"category","embeddable":true,"href":"https:\/\/www.moravecteam.cz\/index.php?rest_route=%2Fwp%2Fv2%2Fcategories&post=5716"},{"taxonomy":"post_tag","embeddable":true,"href":"https:\/\/www.moravecteam.cz\/index.php?rest_route=%2Fwp%2Fv2%2Ftags&post=5716"}],"curies":[{"name":"wp","href":"https:\/\/api.w.org\/{rel}","templated":true}]}}