{"id":5731,"date":"2016-10-02T19:55:41","date_gmt":"2016-10-02T17:55:41","guid":{"rendered":"http:\/\/www.moravecteam.cz\/?p=5731"},"modified":"2016-10-03T22:58:56","modified_gmt":"2016-10-03T20:58:56","slug":"rumcajs-mrkal","status":"publish","type":"post","link":"https:\/\/www.moravecteam.cz\/?p=5731","title":{"rendered":"Rumcajs mrkal&#8230;"},"content":{"rendered":"<p style=\"text-align: justify;\"><span style=\"color: #800000;\"><strong>V poh\u00e1dkov\u00e9m Ji\u010d\u00edn\u011b pokra\u010doval druh\u00fdm z\u00e1vodem \u010cesk\u00fd poh\u00e1r v cyklokrosu. Podnik byl tentokr\u00e1t vyps\u00e1n pro ml\u00e1de\u017enick\u00e9 kategorie a p\u011btice na\u0161ich rajdr\u016f byla op\u011bt p\u0159i tom. Nev\u00edm, zda je tra\u0165 situovan\u00e1 p\u0159es legend\u00e1rn\u00ed les \u0158\u00e1holec, kde ve sv\u00e9 jeskyni pob\u00fdval se svou \u017eenou Mankou je\u0161t\u011b legend\u00e1rn\u011bj\u0161\u00ed loupe\u017en\u00edk Rumcajs&#8230; Sledoval-li jeden z TOP \u010desk\u00fdch loupe\u017en\u00edk\u016f ale v\u00fdkony cyklokrosa\u0159\u016f z MORAVEC Teamu, asi docela uznale mrkal&#8230; Nejen nad jejich rychlost\u00ed, ale i nad jejich s\u00edlou a neoby\u010dejnou odolnost\u00ed&#8230;<\/strong><\/span><\/p>\n<figure id=\"attachment_5774\" aria-describedby=\"caption-attachment-5774\" style=\"width: 886px\" class=\"wp-caption alignnone\"><a href=\"http:\/\/www.moravecteam.cz\/?attachment_id=5774\" rel=\"attachment wp-att-5774\"><img decoding=\"async\" loading=\"lazy\" class=\" wp-image-5774\" alt=\"img_4618\" src=\"http:\/\/www.moravecteam.cz\/wp-content\/uploads\/2016\/10\/IMG_4618.jpg\" width=\"886\" height=\"969\" srcset=\"https:\/\/www.moravecteam.cz\/wp-content\/uploads\/2016\/10\/IMG_4618.jpg 886w, https:\/\/www.moravecteam.cz\/wp-content\/uploads\/2016\/10\/IMG_4618-274x300.jpg 274w\" sizes=\"(max-width: 886px) 100vw, 886px\" \/><\/a><figcaption id=\"caption-attachment-5774\" class=\"wp-caption-text\">Anna Zem\u00e1nkov\u00e1 v pln\u00e9 rychlosti p\u0159ekon\u00e1v\u00e1 na ji\u010d\u00ednsk\u00e9 trati pevn\u00e9 p\u0159ek\u00e1\u017eky. V c\u00edli j\u00ed pat\u0159ilo m\u00edsto v TOP10!<\/figcaption><\/figure>\n<p style=\"text-align: justify;\">Na\u0161e ji\u010d\u00ednsk\u00e1 mise neza\u010dala toti\u017e zrovna \u0161\u0165astn\u011b&#8230; P\u0159i p\u0159edz\u00e1vodn\u00edm naj\u00ed\u017ed\u011bn\u00ed trat\u00ed m\u011bl nep\u0159\u00edjemn\u00fd p\u00e1d Tom\u00e1\u0161 Tlamka &#8222;Contador&#8220;. R\u00e1na p\u0159es p\u0159ilbu do hlavy byla tak velk\u00e1, \u017ee si n\u00e1\u0161 talentovan\u00fd biker p\u0159ivodil, alespo\u0148 dle \u00a0p\u0159\u00edznak\u016f, necht\u011bn\u011b lehk\u00fd ot\u0159es mozku&#8230; Za dan\u00e9 situace v\u0161e nasv\u011bd\u010dovalo tomu, \u017ee Tom\u00e1\u0161e tentokr\u00e1t div\u00e1ci na startu presti\u017en\u00ed kategorie kadet\u016f neuvid\u00ed&#8230;<\/p>\n<figure id=\"attachment_5769\" aria-describedby=\"caption-attachment-5769\" style=\"width: 1249px\" class=\"wp-caption alignnone\"><a href=\"http:\/\/www.moravecteam.cz\/?attachment_id=5769\" rel=\"attachment wp-att-5769\"><img decoding=\"async\" loading=\"lazy\" class=\" wp-image-5769\" alt=\"img_4624\" src=\"http:\/\/www.moravecteam.cz\/wp-content\/uploads\/2016\/10\/IMG_4624.jpg\" width=\"1249\" height=\"1281\" srcset=\"https:\/\/www.moravecteam.cz\/wp-content\/uploads\/2016\/10\/IMG_4624.jpg 1249w, https:\/\/www.moravecteam.cz\/wp-content\/uploads\/2016\/10\/IMG_4624-25x25.jpg 25w, https:\/\/www.moravecteam.cz\/wp-content\/uploads\/2016\/10\/IMG_4624-292x300.jpg 292w, https:\/\/www.moravecteam.cz\/wp-content\/uploads\/2016\/10\/IMG_4624-998x1024.jpg 998w\" sizes=\"(max-width: 1249px) 100vw, 1249px\" \/><\/a><figcaption id=\"caption-attachment-5769\" class=\"wp-caption-text\">O jednu p\u0159\u00ed\u010dku si v Ji\u010d\u00edn\u011b oproti T\u00e1boru polep\u0161il Jakub Tesa\u0159 a op\u011bt z toho byl jist\u00fd bodov\u00fd zisk!<\/figcaption><\/figure>\n<p style=\"text-align: justify;\">Mezi t\u00edm jako prvn\u00ed vyrazila na tra\u0165 sv\u00e9ho z\u00e1vodu kadetka <strong><span style=\"color: #888888;\"><span style=\"color: #800000;\">Ani\u010dka Zem\u00e1nkov\u00e1<\/span>,<\/span><\/strong> kter\u00e1 v souboji s \u00a0t\u00e9m\u011b\u0159 40 soupe\u0159kami obhajovala v\u00fdborn\u00e9 6. m\u00edsto z T\u00e1bora. \u00a0A podobn\u011b v\u00fdborn\u011b, jako v ji\u017en\u00edch \u010dech\u00e1ch, si vedla i v Ji\u010d\u00edn\u011b. Ve vyrovnan\u00e9m z\u00e1vod\u011b se op\u011bt dok\u00e1zala prosadit do TOP10, kdy\u017e na v\u00edt\u011bznou Majdu Mi\u0161o\u0148ovou (SOKOL Velt\u011b\u017e) ztratila n\u011bco m\u00e1lo p\u0159es minutu&#8230;<\/p>\n<figure id=\"attachment_5770\" aria-describedby=\"caption-attachment-5770\" style=\"width: 588px\" class=\"wp-caption alignnone\"><a href=\"http:\/\/www.moravecteam.cz\/?attachment_id=5770\" rel=\"attachment wp-att-5770\"><img decoding=\"async\" loading=\"lazy\" class=\" wp-image-5770\" alt=\"img_4626\" src=\"http:\/\/www.moravecteam.cz\/wp-content\/uploads\/2016\/10\/IMG_4626.jpg\" width=\"588\" height=\"619\" srcset=\"https:\/\/www.moravecteam.cz\/wp-content\/uploads\/2016\/10\/IMG_4626.jpg 588w, https:\/\/www.moravecteam.cz\/wp-content\/uploads\/2016\/10\/IMG_4626-25x25.jpg 25w, https:\/\/www.moravecteam.cz\/wp-content\/uploads\/2016\/10\/IMG_4626-284x300.jpg 284w\" sizes=\"(max-width: 588px) 100vw, 588px\" \/><\/a><figcaption id=\"caption-attachment-5770\" class=\"wp-caption-text\">P\u0159esko\u010d, p\u0159elez, ale nepodlez&#8230; Cimrmanova (nejen) sportovn\u00ed z\u00e1sada pro cyklokros docela plat\u00ed a Roman \u0160indel\u00e1\u0159 ji vyzn\u00e1v\u00e1 p\u0159\u00edkladn\u011b!<\/figcaption><\/figure>\n<p style=\"text-align: justify;\">Po kadetk\u00e1ch na ji\u010d\u00ednsk\u00e9 trat\u011b vyrazila &#8222;sme\u010dka&#8220; pades\u00e1ti star\u0161\u00edch \u017e\u00e1k\u016f a s nimi se do boje pustili i dva na\u0161i el\u00e9vov\u00e9, <strong><span style=\"color: #800000;\">Jakub Tesa\u0159<\/span><\/strong> s <span style=\"color: #800000;\"><strong>Romanem \u0160indel\u00e1\u0159em.<\/strong><\/span>\u00a0I oni se p\u0159ed zraky rodiny b\u00e1jn\u00e9ho Rumcajse (zapom\u011bl jsem p\u0159ipomenout jet\u011b loupe\u017eick\u00e9ho synka Cip\u00edska) p\u0159ekon\u00e1vali! Kuba op\u011bt st\u00edhal bez pot\u00ed\u017e\u00ed &#8222;na body&#8220; a oproti T\u00e1boru si o jednu p\u0159\u00ed\u010dku ve v\u00fdsledkov\u00e9 listin\u011b polep\u0161il. V\u00fdborn\u00fd z\u00e1vod zajel i v c\u00edli 33. Roman \u0160indel\u00e1\u0159. Jeho skok ve v\u00fdsledkov\u00e9 listin\u011b oproti T\u00e1boru je dokonce o 10 m\u00edst a je jen ot\u00e1zkou \u010dasu, kdy na bodovan\u00e9 um\u00edst\u011bn\u00ed dos\u00e1hne i tento n\u00e1\u0161 talentovan\u00fd biker, toho \u010dasu, jako v\u0161ichni na\u0161i ostatn\u00ed, \u00a0do\u010dasn\u00fd cyklokrosa\u0159&#8230;<\/p>\n<figure id=\"attachment_5771\" aria-describedby=\"caption-attachment-5771\" style=\"width: 1016px\" class=\"wp-caption alignnone\"><a href=\"http:\/\/www.moravecteam.cz\/?attachment_id=5771\" rel=\"attachment wp-att-5771\"><img decoding=\"async\" loading=\"lazy\" class=\" wp-image-5771\" alt=\"img_4637\" src=\"http:\/\/www.moravecteam.cz\/wp-content\/uploads\/2016\/10\/IMG_4637.jpg\" width=\"1016\" height=\"1204\" srcset=\"https:\/\/www.moravecteam.cz\/wp-content\/uploads\/2016\/10\/IMG_4637.jpg 1016w, https:\/\/www.moravecteam.cz\/wp-content\/uploads\/2016\/10\/IMG_4637-253x300.jpg 253w, https:\/\/www.moravecteam.cz\/wp-content\/uploads\/2016\/10\/IMG_4637-864x1024.jpg 864w\" sizes=\"(max-width: 1016px) 100vw, 1016px\" \/><\/a><figcaption id=\"caption-attachment-5771\" class=\"wp-caption-text\">Tom\u00e1\u0161 Tlamka &#8222;Contador&#8220; odvedl v Ji\u010d\u00edn\u011b v z\u00e1vod\u011b po nep\u0159\u00edjemn\u00e9m p\u00e1du v tr\u00e9ninku vskutku obdivuhodn\u00fd v\u00fdkon!<\/figcaption><\/figure>\n<p style=\"text-align: justify;\">Start kadet\u016f v 11.10 se po zran\u011bn\u00ed <span style=\"color: #800000;\"><strong>Tom\u00e1\u0161e Tlamky &#8222;Contadora&#8220;<\/strong><\/span> v dopoledn\u00edm tr\u00e9ninku m\u011bl t\u00fdkat pouze jeho t\u00fdmov\u00e9ho kolegy, <span style=\"color: #800000;\"><strong>Honzy &#8222;D\u017eony&#8220; \u0160indel\u00e1\u0159e.<\/strong><\/span> V\u0161echno bylo ale jinak&#8230; Tom\u00e1\u0161 se z dopoledn\u00ed tvrd\u00e9 r\u00e1ny do hlavy &#8222;okelpal&#8220; obdivuhodn\u011b rychle a na startu se po boku sv\u00e9ho t\u00fdmov\u00e9ho par\u0165\u00e1ka nakonec &#8211; k p\u0159ekvapen\u00ed v\u0161ech &#8211; objevil! A oba zajeli \u00a0excelentn\u00ed z\u00e1vod. Tom\u00e1\u0161 v pr\u016fb\u011bhu \u010dty\u0159 kol neust\u00e1le zrychloval a v c\u00edli ho \u010dasom\u00edra za\u0159adila na skv\u011bl\u00e9, 6. m\u00edsto! Dot\u00edral dokonce i na 5. m\u00edsto Jakuba Hn\u00edka (Mapei Merida Ka\u0148kovsk\u00fd) a by\u0165 ten jeho tlaku nakonec se \u0161t\u011bst\u00edm o 3 vte\u0159inky odolal, p\u0159ed j\u00edzdou \u00a0a v\u00fdsledkem &#8222;Contadora&#8220; mus\u00edme vyseknout hlubokou poklonu&#8230; \u00a0Stejn\u011b jako p\u0159ed v\u00fdkonem Honzy \u0160indel\u00e1\u0159e. I on zajel v kraji legend\u00e1rn\u00edho loupe\u017en\u00edka skv\u011ble a po v\u00fdborn\u00e9 j\u00edzd\u011b u\u017e, u\u017e v\u00fdsledkov\u011b nakukuje do TOP 10!<\/p>\n<figure id=\"attachment_5772\" aria-describedby=\"caption-attachment-5772\" style=\"width: 998px\" class=\"wp-caption alignnone\"><a href=\"http:\/\/www.moravecteam.cz\/?attachment_id=5772\" rel=\"attachment wp-att-5772\"><img decoding=\"async\" loading=\"lazy\" class=\" wp-image-5772\" alt=\"img_4641\" src=\"http:\/\/www.moravecteam.cz\/wp-content\/uploads\/2016\/10\/IMG_4641.jpg\" width=\"998\" height=\"871\" srcset=\"https:\/\/www.moravecteam.cz\/wp-content\/uploads\/2016\/10\/IMG_4641.jpg 998w, https:\/\/www.moravecteam.cz\/wp-content\/uploads\/2016\/10\/IMG_4641-300x261.jpg 300w\" sizes=\"(max-width: 998px) 100vw, 998px\" \/><\/a><figcaption id=\"caption-attachment-5772\" class=\"wp-caption-text\">Nejen tyto dva soupe\u0159e udr\u017eel Honza &#8222;D\u017eony&#8220; \u0160indel\u00e1\u0159 v pr\u016fb\u011bhu z\u00e1vodu v \u0161achu. V c\u00edli z toho bylo v\u00e1born\u00e9 12. m\u00edsto!<\/figcaption><\/figure>\n<p style=\"text-align: justify;\">Hodinu po poledni vyrazili na start sv\u00e9ho z\u00e1vodu i \u017eeny a p\u0159i ne\u00fa\u010dasti nemocn\u00e9 Jany &#8222;D\u017eejn&#8220; Tesa\u0159ov\u00e9 \u0161ik MORAVC\u016e mocn\u011b zm\u00e1\u010dknul palce na\u0161\u00ed odchovankyni, <span style=\"color: #800000;\"><strong>Ad\u00e9le \u0160af\u00e1\u0159ov\u00e9<\/strong><\/span> (toho \u010dasu Nutrend Specialized). Ad\u00e9la op\u011bt uk\u00e1zala, \u017ee m\u00e1 st\u00e1le sil na rozd\u00e1v\u00e1n\u00ed&#8230; V osmi dnech jela u\u017e t\u0159et\u00ed t\u011b\u017ek\u00fd z\u00e1vod (MTB Boskovice, cyklokros T\u00e1bor + cyklokros Ji\u010d\u00edn) a p\u0159esto jej\u00ed v\u00fdkon pobl\u00ed\u017e lesa \u0158\u00e1holec gradoval! V c\u00edli 4. m\u00edsto sice znamenalo, \u017ee &#8222;bedna&#8220; j\u00ed t\u011bsn\u011b unikla, ale i v tomto p\u0159\u00edpad\u011b si dovoluji prorokovat, \u017ee je ot\u00e1zkou \u010dasu, kdy j\u00ed na medailov\u00e9 pozici budeme moci zatleskat! Zde si odkontrolute z Ji\u010d\u00edna <strong><a href=\"http:\/\/www.cyklokros.cz\/cz\/toi-toi-cup-2016\/toi-toi-cup-2016\/jicin\/vysledky\">v\u00fdsledkov\u00fd sum\u00e1\u0159<\/a>\u00a0<\/strong>a\u00a0<strong><a href=\"http:\/\/moravecteam.rajce.idnes.cz\/\">bohat\u00e1 fotogalerie<\/a><\/strong> je u\u017e k omrknut\u00ed zase tu\u0165&#8230;<\/p>\n<figure id=\"attachment_5773\" aria-describedby=\"caption-attachment-5773\" style=\"width: 1085px\" class=\"wp-caption alignnone\"><a href=\"http:\/\/www.moravecteam.cz\/?attachment_id=5773\" rel=\"attachment wp-att-5773\"><img decoding=\"async\" loading=\"lazy\" class=\" wp-image-5773\" alt=\"img_4656\" src=\"http:\/\/www.moravecteam.cz\/wp-content\/uploads\/2016\/10\/IMG_4656.jpg\" width=\"1085\" height=\"1005\" srcset=\"https:\/\/www.moravecteam.cz\/wp-content\/uploads\/2016\/10\/IMG_4656.jpg 1085w, https:\/\/www.moravecteam.cz\/wp-content\/uploads\/2016\/10\/IMG_4656-300x277.jpg 300w, https:\/\/www.moravecteam.cz\/wp-content\/uploads\/2016\/10\/IMG_4656-1024x948.jpg 1024w\" sizes=\"(max-width: 1085px) 100vw, 1085px\" \/><\/a><figcaption id=\"caption-attachment-5773\" class=\"wp-caption-text\">Chv\u00e1lit v\u00fdkony Ad\u00e9ly \u0160af\u00e1\u0159ov\u00e9 je tak trochu u\u017e no\u0161en\u00edm d\u0159\u00edv\u00ed do lesa&#8230; V Ji\u010d\u00edn\u011b zajela dal\u0161\u00ed skv\u011blou cyklokrosovou &#8222;race&#8220; a na bednu to m\u011bla hodn\u011b bl\u00edzko!<\/figcaption><\/figure>\n<p style=\"text-align: justify;\">\n","protected":false},"excerpt":{"rendered":"<p>V poh\u00e1dkov\u00e9m Ji\u010d\u00edn\u011b pokra\u010doval druh\u00fdm z\u00e1vodem \u010cesk\u00fd poh\u00e1r v cyklokrosu. Podnik byl tentokr\u00e1t vyps\u00e1n pro ml\u00e1de\u017enick\u00e9 kategorie a p\u011btice na\u0161ich rajdr\u016f byla op\u011bt p\u0159i tom. Nev\u00edm, zda je tra\u0165 situovan\u00e1 p\u0159es legend\u00e1rn\u00ed les \u0158\u00e1holec, kde ve sv\u00e9 jeskyni pob\u00fdval se svou \u017eenou Mankou je\u0161t\u011b legend\u00e1rn\u011bj\u0161\u00ed loupe\u017en\u00edk Rumcajs&#8230; Sledoval-li jeden z TOP \u010desk\u00fdch loupe\u017en\u00edk\u016f ale v\u00fdkony &hellip; <a href=\"https:\/\/www.moravecteam.cz\/?p=5731\" class=\"more-link\">Pokra\u010dov\u00e1n\u00ed textu <span class=\"screen-reader-text\">Rumcajs mrkal&#8230;<\/span> <span class=\"meta-nav\">&rarr;<\/span><\/a><\/p>\n","protected":false},"author":3,"featured_media":5768,"comment_status":"open","ping_status":"closed","sticky":false,"template":"","format":"standard","meta":[],"categories":[1],"tags":[],"_links":{"self":[{"href":"https:\/\/www.moravecteam.cz\/index.php?rest_route=\/wp\/v2\/posts\/5731"}],"collection":[{"href":"https:\/\/www.moravecteam.cz\/index.php?rest_route=\/wp\/v2\/posts"}],"about":[{"href":"https:\/\/www.moravecteam.cz\/index.php?rest_route=\/wp\/v2\/types\/post"}],"author":[{"embeddable":true,"href":"https:\/\/www.moravecteam.cz\/index.php?rest_route=\/wp\/v2\/users\/3"}],"replies":[{"embeddable":true,"href":"https:\/\/www.moravecteam.cz\/index.php?rest_route=%2Fwp%2Fv2%2Fcomments&post=5731"}],"version-history":[{"count":12,"href":"https:\/\/www.moravecteam.cz\/index.php?rest_route=\/wp\/v2\/posts\/5731\/revisions"}],"predecessor-version":[{"id":5777,"href":"https:\/\/www.moravecteam.cz\/index.php?rest_route=\/wp\/v2\/posts\/5731\/revisions\/5777"}],"wp:featuredmedia":[{"embeddable":true,"href":"https:\/\/www.moravecteam.cz\/index.php?rest_route=\/wp\/v2\/media\/5768"}],"wp:attachment":[{"href":"https:\/\/www.moravecteam.cz\/index.php?rest_route=%2Fwp%2Fv2%2Fmedia&parent=5731"}],"wp:term":[{"taxonomy":"category","embeddable":true,"href":"https:\/\/www.moravecteam.cz\/index.php?rest_route=%2Fwp%2Fv2%2Fcategories&post=5731"},{"taxonomy":"post_tag","embeddable":true,"href":"https:\/\/www.moravecteam.cz\/index.php?rest_route=%2Fwp%2Fv2%2Ftags&post=5731"}],"curies":[{"name":"wp","href":"https:\/\/api.w.org\/{rel}","templated":true}]}}