{"id":574,"date":"2015-05-21T08:43:31","date_gmt":"2015-05-21T06:43:31","guid":{"rendered":"http:\/\/www.moravecteam.cz\/?p=574"},"modified":"2015-05-21T09:51:44","modified_gmt":"2015-05-21T07:51:44","slug":"pata-novomestska","status":"publish","type":"post","link":"https:\/\/www.moravecteam.cz\/?p=574","title":{"rendered":"P\u00e1t\u00e1 Novom\u011bstsk\u00e1&#8230;"},"content":{"rendered":"<p style=\"text-align: justify;\"><span style=\"color: #800000;\"><strong>&#8230;bikersk\u00e1 symfonie zadun\u00ed pod r\u00e1znou\u00a0taktovkou\u00a0zku\u0161en\u00e9ho dirigenta Petra Va\u0148ka o tomto v\u00edkendu na tradi\u010dn\u00edm m\u00edst\u011b (a vlastn\u011b i v tradi\u010dn\u00edm \u010dase) a bude pomysln\u00fdm prologem ud\u00e1losti, kter\u00e1 se zde uskute\u010dn\u00ed o rok pozd\u011bji v podob\u011b Mistrovstv\u00ed sv\u011bta horsk\u00fdch kol. Leto\u0161n\u00ed &#8222;sv\u011b\u0165\u00e1k&#8220; je ale bohu\u017eel ochuzen o starty juniorsk\u00fdch kategori\u00ed, co\u017e nen\u00ed vinou novom\u011bstsk\u00fdch po\u0159adatel\u016f, ale<\/strong> <strong>vinou direkce UCI a z tohoto pohledu tedy bude tento vrcholov\u00fd sportovn\u00ed\u00a0podnik &#8211; ve srovn\u00e1n\u00ed s t\u011bmi \u010dty\u0159mi p\u0159ede\u0161l\u00fdmi ro\u010dn\u00edky,\u00a0ochuzen a\u00a0v netradi\u010dn\u00edm rozsahu&#8230;<\/strong><\/span><\/p>\n<figure id=\"attachment_582\" aria-describedby=\"caption-attachment-582\" style=\"width: 695px\" class=\"wp-caption alignnone\"><a href=\"http:\/\/www.moravecteam.cz\/?attachment_id=582\" rel=\"attachment wp-att-582\"><img decoding=\"async\" loading=\"lazy\" class=\" wp-image-582 \" alt=\"02\" src=\"http:\/\/www.moravecteam.cz\/wp-content\/uploads\/2015\/05\/02.png\" width=\"695\" height=\"312\" srcset=\"https:\/\/www.moravecteam.cz\/wp-content\/uploads\/2015\/05\/02.png 695w, https:\/\/www.moravecteam.cz\/wp-content\/uploads\/2015\/05\/02-300x134.png 300w\" sizes=\"(max-width: 695px) 100vw, 695px\" \/><\/a><figcaption id=\"caption-attachment-582\" class=\"wp-caption-text\">Ond\u0159ej Cink bude jedn\u00edm z favorit\u016f z\u00e1vodu mu\u017e\u016f ELITE. Minul\u00fd v\u00edkend V Praze-\u0158ep\u00edch potvrdil svoje ambice.<\/figcaption><\/figure>\n<p style=\"text-align: justify;\"><strong><\/strong>Co\u017e MORAVCE tak trochu mrz\u00ed, proto\u017ee ve v\u0161ech p\u0159ede\u0161l\u00fdch ro\u010dn\u00edc\u00edch jsme na n\u00e1ro\u010dn\u00e9 trati ve smrkov\u00e9m\u00a0lese za SKI are\u00e1lem,\u00a0m\u011bli mo\u017enost razantn\u011b\u00a0fandit na\u0161im bu\u010f \u010dlen\u016fm, nebo\u00a0odchovanc\u016fm. Pomysln\u00fdmi &#8222;veter\u00e1ny&#8220; &#8222;sv\u011b\u0165\u00e1kov\u00e9&#8220; trati v Nov\u00e9m M\u011bst\u011b jsou z na\u0161ich <span style=\"color: #800000;\"><strong>Radim Kov\u00e1\u0159, Nikola Hlubinkov\u00e1, Adam Sekanina a Jakub \u0160af\u00e1\u0159<\/strong>,<\/span> P\u0159i\u010dem\u017e TOP v\u00fdsledku zde dos\u00e1hli v minulosti v juniorsk\u00fdch z\u00e1vodech Radim Kov\u00e1\u0159 (13. m\u00edsto &#8211; r.2011) a Nikola Hlubinkov\u00e1 (15. m\u00edsto &#8211; r.2012). Loni\u00a0zde mohla m\u00edt se v\u0161\u00ed pravd\u011bpodobnost\u00ed\u00a0sv\u011btovou premi\u00e9ru v juniork\u00e1ch tehdy je\u0161t\u011b kadetka Ad\u00e9la \u0160af\u00e1\u0159ov\u00e1, ale tr\u017en\u00e1 r\u00e1na na noze z p\u0159ede\u0161l\u00e9ho \u010cP v Bed\u0159ichov\u011b j\u00ed bohu\u017eel ve startu zabr\u00e1nila. &#8222;Adys&#8220; ani &#8222;Dom\u010de&#8220; zde z rozhodnut\u00ed UCI neuvid\u00edme ani o tomto v\u00edkendu, ale snad za rok, kdy se zde v r\u00e1mci Mistrovstv\u00ed sv\u011bta juniorsk\u00e9 kategorie pojedou, jim zm\u00e1\u010dkonout pale\u010dky budeme moci&#8230;<\/p>\n<figure id=\"attachment_581\" aria-describedby=\"caption-attachment-581\" style=\"width: 695px\" class=\"wp-caption alignnone\"><a href=\"http:\/\/www.moravecteam.cz\/?attachment_id=581\" rel=\"attachment wp-att-581\"><img decoding=\"async\" loading=\"lazy\" class=\" wp-image-581\" alt=\"01\" src=\"http:\/\/www.moravecteam.cz\/wp-content\/uploads\/2015\/05\/01.jpg\" width=\"695\" height=\"312\" srcset=\"https:\/\/www.moravecteam.cz\/wp-content\/uploads\/2015\/05\/01.jpg 695w, https:\/\/www.moravecteam.cz\/wp-content\/uploads\/2015\/05\/01-300x134.jpg 300w\" sizes=\"(max-width: 695px) 100vw, 695px\" \/><\/a><figcaption id=\"caption-attachment-581\" class=\"wp-caption-text\">Atmosf\u00e9ra p\u0159i z\u00e1vodech SP v Nov\u00e9m M\u011bst\u011b je v\u017edy fascinuj\u00edc\u00ed. Ne nadarmo byl v\u017edy tento z\u00e1vod vyhl\u00e1\u0161en direktori\u00e1tem UCI jako nejlep\u0161\u00ed podnik.<\/figcaption><\/figure>\n<p style=\"text-align: justify;\">\u017de na\u0161i rajd\u0159i nebudou o tomto v\u00edkendu na hlavn\u00ed trati v okol\u00ed SKI hotelu ost\u0159e v akci ale neznamen\u00e1, \u017ee do d\u011bn\u00ed nijak nezas\u00e1hneme. Naopak. P\u0159edn\u011b &#8211; o\u010dek\u00e1v\u00e1m \u00fa\u010dast n\u011bkter\u00fdch na\u0161ich el\u00e9v\u016f do 12-ti let na doprovodn\u00e9m\u00a0sobotn\u00edm d\u011btsk\u00e9m z\u00e1vod\u011b. A pak \u00a0MORAVEC Team m\u00e1 na starosti po cel\u00fd v\u00edkend d\u011btskou z\u00f3nu, v sobotu m\u00e1me za &#8222;krkem&#8220; organizaci zm\u00edn\u011bn\u00e9ho doprovodn\u00e9ho d\u011btsk\u00e9ho z\u00e1vodu a v ned\u011bli i &#8222;mar\u0161\u00e1lskou&#8220; asistenci p\u0159i hlavn\u00edch startech mu\u017e\u016f kategorie ELITE. \u00daderku dev\u00edti ryz\u00edch dobrovoln\u00edk\u016f sestavil a bude j\u00ed velet Erik \u0158ezn\u00edk, p\u0159i\u010dem\u017e se v nejednom p\u0159\u00edpad\u011b jedn\u00e1 o zku\u0161en\u00e9 pomocn\u00edky, kte\u0159\u00ed maj\u00ed za sebou v\u0161echny \u010dty\u0159i dosavadn\u00ed novom\u011bstsk\u00e9 &#8222;sv\u011b\u0165\u00e1ky&#8220;. Jsme s pevnou v\u00edrou, \u017ee tato sestava osv\u011bd\u010d\u00ed svoji kvalitu i letos a tak, jako v minulosti si odvezeme z hlediska po\u0159adatelsk\u00e9 v\u00fdpomoci tu nejvy\u0161\u0161\u00ed zn\u00e1mku. (A taky &#8222;jet\u00e9 ml\u00edko&#8220;, kter\u00e9 bycho zde po akci r\u00e1di uko\u0159istili neb se n\u00e1m ho letos na na\u0161\u00ed MTB &#8222;Vrchovin\u011b&#8220; zoufale nedost\u00e1v\u00e1&#8230;). Tak\u017ee biker\u016fm &#8222;se Lv\u00ed\u010dkem na prsou&#8220; hodn\u011b \u0161t\u011bst\u00ed a medailov\u00e1 um\u00edst\u011bn\u00ed z\u00e1rove\u0148, po\u0159adatel\u016fm pak\u00a0p\u0159\u00edhodn\u00e9 po\u010das\u00ed a\u00a0po oba dny &#8211; &#8222;pln\u00fd s\u00e1l&#8220;!\u00a0 V\u0161e o bl\u00ed\u017e\u00edc\u00edm se\u00a0bikersk\u00e9m v\u00edkendu, z\u00e1vodu \u00a0nejvy\u0161\u0161\u00ed klasy najdete zde: <strong><a href=\"http:\/\/www.vysocina-arena.cz\/cz\/historie-akce.html\">http:\/\/www.vysocina-arena.cz\/cz\/historie-akce.html<\/a><\/strong><\/p>\n<p style=\"text-align: justify;\">\n","protected":false},"excerpt":{"rendered":"<p>&#8230;bikersk\u00e1 symfonie zadun\u00ed pod r\u00e1znou\u00a0taktovkou\u00a0zku\u0161en\u00e9ho dirigenta Petra Va\u0148ka o tomto v\u00edkendu na tradi\u010dn\u00edm m\u00edst\u011b (a vlastn\u011b i v tradi\u010dn\u00edm \u010dase) a bude pomysln\u00fdm prologem ud\u00e1losti, kter\u00e1 se zde uskute\u010dn\u00ed o rok pozd\u011bji v podob\u011b Mistrovstv\u00ed sv\u011bta horsk\u00fdch kol. Leto\u0161n\u00ed &#8222;sv\u011b\u0165\u00e1k&#8220; je ale bohu\u017eel ochuzen o starty juniorsk\u00fdch kategori\u00ed, co\u017e nen\u00ed vinou novom\u011bstsk\u00fdch po\u0159adatel\u016f, ale vinou &hellip; <a href=\"https:\/\/www.moravecteam.cz\/?p=574\" class=\"more-link\">Pokra\u010dov\u00e1n\u00ed textu <span class=\"screen-reader-text\">P\u00e1t\u00e1 Novom\u011bstsk\u00e1&#8230;<\/span> <span class=\"meta-nav\">&rarr;<\/span><\/a><\/p>\n","protected":false},"author":3,"featured_media":583,"comment_status":"closed","ping_status":"open","sticky":false,"template":"","format":"standard","meta":[],"categories":[13],"tags":[],"_links":{"self":[{"href":"https:\/\/www.moravecteam.cz\/index.php?rest_route=\/wp\/v2\/posts\/574"}],"collection":[{"href":"https:\/\/www.moravecteam.cz\/index.php?rest_route=\/wp\/v2\/posts"}],"about":[{"href":"https:\/\/www.moravecteam.cz\/index.php?rest_route=\/wp\/v2\/types\/post"}],"author":[{"embeddable":true,"href":"https:\/\/www.moravecteam.cz\/index.php?rest_route=\/wp\/v2\/users\/3"}],"replies":[{"embeddable":true,"href":"https:\/\/www.moravecteam.cz\/index.php?rest_route=%2Fwp%2Fv2%2Fcomments&post=574"}],"version-history":[{"count":10,"href":"https:\/\/www.moravecteam.cz\/index.php?rest_route=\/wp\/v2\/posts\/574\/revisions"}],"predecessor-version":[{"id":577,"href":"https:\/\/www.moravecteam.cz\/index.php?rest_route=\/wp\/v2\/posts\/574\/revisions\/577"}],"wp:featuredmedia":[{"embeddable":true,"href":"https:\/\/www.moravecteam.cz\/index.php?rest_route=\/wp\/v2\/media\/583"}],"wp:attachment":[{"href":"https:\/\/www.moravecteam.cz\/index.php?rest_route=%2Fwp%2Fv2%2Fmedia&parent=574"}],"wp:term":[{"taxonomy":"category","embeddable":true,"href":"https:\/\/www.moravecteam.cz\/index.php?rest_route=%2Fwp%2Fv2%2Fcategories&post=574"},{"taxonomy":"post_tag","embeddable":true,"href":"https:\/\/www.moravecteam.cz\/index.php?rest_route=%2Fwp%2Fv2%2Ftags&post=574"}],"curies":[{"name":"wp","href":"https:\/\/api.w.org\/{rel}","templated":true}]}}