{"id":5742,"date":"2016-10-02T20:57:49","date_gmt":"2016-10-02T18:57:49","guid":{"rendered":"http:\/\/www.moravecteam.cz\/?p=5742"},"modified":"2016-10-05T22:22:17","modified_gmt":"2016-10-05T20:22:17","slug":"moravec-v-smutku","status":"publish","type":"post","link":"https:\/\/www.moravecteam.cz\/?p=5742","title":{"rendered":"MORAVEC v smutku&#8230;"},"content":{"rendered":"<p style=\"text-align: justify;\"><strong>T\u011b\u017eko se p\u00ed\u0161\u00ed podobn\u00e9 zpr\u00e1vy&#8230; \u017divot nep\u0159in\u00e1\u0161\u00ed jen radostn\u00e9 chv\u00edle, kter\u00fdch jsme si letos u\u017eili nap\u0159\u00edklad d\u00edky skv\u011bl\u00fdm v\u00fdsledk\u016fm na\u0161ich rajdr\u016f na nejr\u016fzn\u011bj\u0161\u00edch cyklistick\u00fdch kolbi\u0161t\u00edch, vskutku neb\u00fdvale&#8230; \u017divot p\u0159in\u00e1\u0161\u00ed i chv\u00edle smutku, bolu, kdy se pak o\u010di pono\u0159\u00ed do slz&#8230; Takov\u00e1 chv\u00edle p\u0159ich\u00e1z\u00ed, kdy\u017e V\u00e1m zem\u0159e bl\u00edzk\u00fd \u010dlov\u011bk&#8230; A takov\u00e1 chv\u00edle p\u0159i\u0161la pro MORAVEC v p\u0159edposledn\u00ed z\u00e1\u0159iov\u00fd den, kdy po t\u011b\u017ek\u00e9 nemoci opustil na\u0161e pevn\u011b semknut\u00e9 \u0159ady &#8211; Standa Kov\u00e1\u0159&#8230;.<\/strong><\/p>\n<p style=\"text-align: justify;\"><a href=\"http:\/\/www.moravecteam.cz\/?attachment_id=5745\" rel=\"attachment wp-att-5745\"><img decoding=\"async\" loading=\"lazy\" class=\"size-full wp-image-5745 alignleft\" alt=\"OLYMPUS DIGITAL CAMERA\" src=\"http:\/\/www.moravecteam.cz\/wp-content\/uploads\/2016\/10\/karel-351a.jpg\" width=\"224\" height=\"400\" srcset=\"https:\/\/www.moravecteam.cz\/wp-content\/uploads\/2016\/10\/karel-351a.jpg 224w, https:\/\/www.moravecteam.cz\/wp-content\/uploads\/2016\/10\/karel-351a-168x300.jpg 168w\" sizes=\"(max-width: 224px) 100vw, 224px\" \/><\/a>T\u00e1ta na\u0161eho skv\u011bl\u00e9ho rajdra Radima Kov\u00e1\u0159e byl typick\u00fdm p\u0159\u00edkladem rodi\u010de, kter\u00fd byl ochoten v maxim\u00e1ln\u00ed mo\u017en\u00e9 m\u00ed\u0159e podpo\u0159it v\u00fdjime\u010dn\u00fd syn\u016fv talent a p\u0159in\u00e9st v z\u00e1jmu jeho sportovn\u00edho r\u016fstu p\u0159\u00edkladn\u00e9 ob\u011bti&#8230; \u00a0Standa byl &#8211; d\u00e1 se \u0159\u00edci &#8211; n\u011bco jako zakl\u00e1daj\u00edc\u00edm \u010dlenem MORAVCE na &#8222;vrcholov\u00e9 \u00farovni&#8220;&#8230; V\u017edy\u0165 pr\u00e1v\u011b jeho podpis (krom\u011b dvou dal\u0161\u00edch) se objevil na prvn\u00ed \u017e\u00e1dosti o registraci MORAVCE (tehdy v r.2006, \u00a0jako MORAVEC Sokol Bene\u0161ov), kter\u00e1 byla nesm\u011ble zasl\u00e1na na \u010cesk\u00fd cyklistick\u00fd svaz v dob\u011b, kdy se MORAVCI poprv\u00e9 rozhodli \u00fa\u010dastnit se z\u00e1vod\u016f \u010cesk\u00e9ho poh\u00e1ru horsk\u00fdch kol: mrkn\u011bte &#8211;\u00a0<strong><a href=\"http:\/\/www.moravecteam.cz\/?attachment_id=5751\" rel=\"attachment wp-att-5751\">registrace-oddilu<\/a><\/strong>&#8230; Se sv\u00fdm synem, Radimem \u00a0pak mohl za\u017e\u00edt jeho \u00fasp\u011bchy (p\u0159edev\u0161\u00edm v letech 2010 a 2011), ke kter\u00fdm, jako ob\u011btav\u00fd Radim\u016fv vytrval\u00fd podporovatel, velkou m\u011brou p\u0159isp\u011bl&#8230; \u00a0Se zlou nemoc\u00ed svedl &#8222;\u0160\u00e1\u0148a&#8220; state\u010dn\u00fd boj&#8230; Z na\u0161\u00ed pam\u011bti nikdy nevymiz\u00ed, nezapomeneme na n\u011bho&#8230;!!! Se Standou se <span style=\"text-decoration: underline;\"><strong><a href=\"http:\/\/www.moravecteam.cz\/?attachment_id=5748\" rel=\"attachment wp-att-5748\">rozlou\u010dime<\/a><\/strong><\/span>\u00a0v bene\u0161ovsk\u00e9m kostele ve st\u0159edu 5. \u0159\u00edjna 2016 v 15.00 hodin&#8230; A do st\u0159edy V\u00e1m zde, v t\u00e9to aktualit\u011b, o Standovi ka\u017ed\u00fd den n\u011bco prozrad\u00edm..<\/p>\n<h5 style=\"text-align: justify;\"><span style=\"color: #800000;\">P\u0159\u00edb\u011bh prvn\u00ed &#8211; Standa neku\u0159\u00e1k&#8230;<\/span><\/h5>\n<p style=\"text-align: justify;\">Ten p\u0159\u00edb\u011bh o tom, jak Standa, kdysi docela siln\u00fd ku\u0159\u00e1k, p\u0159estal kou\u0159it, je docela zn\u00e1m\u00fd, p\u0159esto si ho dovol\u00edm p\u0159ipomenout&#8230; Bylo to tak n\u011bkdy asi v r. 2005, v rann\u00fdch dob\u00e1ch MORAVCE, kdy jsme po jenom z prvn\u00edch \u00fasp\u011bch\u016f tehdy je\u0161t\u011b mladi\u010dk\u00e9ho Radima Kov\u00e1\u0159e na z\u00e1vod\u011b MTB Poh\u00e1ru Drahansk\u00e9 vrchoviny sed\u011bli (j\u00e1, Standa Kov\u00e1\u0159 a tu\u0161\u00edm, \u017ee Radim\u016fv pozd\u011bj\u0161\u00ed osobn\u00ed mechanik &#8211; Karel Minx) v restauraci Morava Bene\u0161ov a R\u00e1\u010f\u016fv \u00fasp\u011bch tak trochu oslavovali. A Standa tehdy, co by siln\u00fd ku\u0159\u00e1k, vyslovil v\u011btu, l\u00e9pe \u0159e\u0161eno slib, kter\u00fd se n\u00e1m tehdy zd\u00e1l jako zhola nere\u00e1ln\u00e9 &#8222;sci-fi&#8220; (v\u0161ak jsme se mu &#8211; jako dobr\u00e9mu vtipu &#8211; od srdce zasm\u00e1li): <em>&#8222;Radime, kdy\u017e n\u011bkdy vyhr\u00e1\u0161 z\u00e1vod \u010cesk\u00e9ho poh\u00e1ru, tak p\u0159estanu kou\u0159it&#8220;!<\/em> Rok se se\u0161el s rokem a bylo 19. kv\u011btna 2007 a jel <strong><a href=\"http:\/\/moravec.benesov-u-boskovic.cz\/cz\/zavody\/2007\/cp-kutna-hora-2007\/\">v Kutn\u00e9 Ho\u0159e z\u00e1vod \u010cesk\u00e9ho poh\u00e1ru<\/a><\/strong> horsk\u00fdch kol. V prvn\u00edm dopoledn\u00edm startu star\u0161\u00edch \u017e\u00e1k\u016f si s konkurenc\u00ed pohr\u00e1l a suver\u00e9nn\u011b zv\u00edt\u011bzil &#8211; Radim Kov\u00e1\u0159! O Standov\u011b letit\u00e9m slibu se v\u011bd\u011blo nejen v r\u00e1mci MORAVCE a sv\u011bdomit\u00fd otec se zachoval jako mu\u017e, kter\u00fd dan\u00e9 slovo dok\u00e1\u017ee dodr\u017eet! A od onoho 19. kv\u011btna 2007 skute\u010dn\u011b p\u0159estal kou\u0159it! Bravo MORAVEC!<\/p>\n<figure id=\"attachment_5766\" aria-describedby=\"caption-attachment-5766\" style=\"width: 1251px\" class=\"wp-caption alignnone\"><a href=\"http:\/\/www.moravecteam.cz\/?attachment_id=5766\" rel=\"attachment wp-att-5766\"><img decoding=\"async\" loading=\"lazy\" class=\" wp-image-5766\" alt=\"OLYMPUS DIGITAL CAMERA\" src=\"http:\/\/www.moravecteam.cz\/wp-content\/uploads\/2016\/10\/P8100445.jpg\" width=\"1251\" height=\"1125\" srcset=\"https:\/\/www.moravecteam.cz\/wp-content\/uploads\/2016\/10\/P8100445.jpg 1251w, https:\/\/www.moravecteam.cz\/wp-content\/uploads\/2016\/10\/P8100445-300x269.jpg 300w, https:\/\/www.moravecteam.cz\/wp-content\/uploads\/2016\/10\/P8100445-1024x920.jpg 1024w\" sizes=\"(max-width: 1251px) 100vw, 1251px\" \/><\/a><figcaption id=\"caption-attachment-5766\" class=\"wp-caption-text\">Datum fotky je 10.8.2003. Tanda co by osobn\u00ed tren\u00e9r sv\u00e9ho talentovan\u00e9ho syna Radima Kov\u00e1\u0159e (vpravo) p\u0159i Velk\u00e9 cen\u011b Bene\u0161ova horsk\u00fdch kol.<\/figcaption><\/figure>\n<h5><span style=\"color: #800000;\">P\u0159\u00edb\u011bh druh\u00fd &#8211; Standa vyn\u00e1lezce&#8230;<\/span><\/h5>\n<p style=\"text-align: justify;\">Konec \u010dervence 2007, <strong><a href=\"http:\/\/moravec.benesov-u-boskovic.cz\/cz\/vylety\/2007\/kemp-lomnice-u-tisnova\/\">kemp DCO MORAVEC v Lomnici u Ti\u0161nova<\/a>\u00a0<\/strong>(pam\u00e1tn\u00e1 v\u00fdprava z hlediska v\u00fdjime\u010dn\u00e9ho objevu). Hork\u00e1 letn\u00ed noc m\u011b op\u011bt vyb\u00eddla, vyspat se venku, jen tak ve spac\u00e1ku, jak \u0159\u00edkaj\u00ed \u010dundr\u00e1ci &#8211; &#8222;pod \u0161ir\u00e1kem&#8220;. P\u0159ed\u0161l\u00fd ve\u010der byl bujar\u00fd, MORAVEC slavil p\u011btilet\u00e9 v\u00fdro\u010d\u00ed fungov\u00e1n\u00ed.. D\u011bti dostaly dort, dosp\u011bl\u00ed \u0161ampa\u0148sk\u00e9&#8230; I z tohoto d\u016fvodu sp\u00edm za na\u0161\u00edm do\u010dasn\u00fdm domovem &#8211; penzionem Pod S\u00fdpkou, ve spac\u00e1ku na z d\u0159\u00edv\u011bj\u0161\u00edch dn\u016f proh\u0159\u00e1t\u00e9m betonu, jako to jezule&#8230;<\/p>\n<figure id=\"attachment_5793\" aria-describedby=\"caption-attachment-5793\" style=\"width: 1333px\" class=\"wp-caption alignnone\"><a href=\"http:\/\/www.moravecteam.cz\/?attachment_id=5793\" rel=\"attachment wp-att-5793\"><img decoding=\"async\" loading=\"lazy\" class=\" wp-image-5793\" alt=\"OLYMPUS DIGITAL CAMERA\" src=\"http:\/\/www.moravecteam.cz\/wp-content\/uploads\/2016\/10\/P7260107.jpg\" width=\"1333\" height=\"810\" srcset=\"https:\/\/www.moravecteam.cz\/wp-content\/uploads\/2016\/10\/P7260107.jpg 1333w, https:\/\/www.moravecteam.cz\/wp-content\/uploads\/2016\/10\/P7260107-300x182.jpg 300w, https:\/\/www.moravecteam.cz\/wp-content\/uploads\/2016\/10\/P7260107-1024x622.jpg 1024w\" sizes=\"(max-width: 1333px) 100vw, 1333px\" \/><\/a><figcaption id=\"caption-attachment-5793\" class=\"wp-caption-text\">Standa to na kole d\u00e1val v pohod\u011b. Jako t\u0159eba na odd\u00edlov\u00e9m kempu v r.2004 v Kozov\u011b u Bouzova. Po zdol\u00e1n\u00ed pr\u016fzkumn\u00e9ho v\u00fdjezdu k hradu pozn\u00e1v\u00e1te Standu Kov\u00e1\u0159e uprost\u0159ed horn\u00ed \u0159ady&#8230;<\/figcaption><\/figure>\n<p style=\"text-align: justify;\">S rann\u00edm rozb\u0159eskem m\u011b v hlubok\u00e9m sp\u00e1nku u nosu zalecht\u00e1 siln\u00e9 aroma&#8230; Tento vjem mo\u017en\u00e1 doprovodil n\u011bjak\u00fd sen, to u\u017e jsem ale zapom\u011bl, jak\u00fd&#8230;. V\u016fn\u011b je siln\u00e1 a vytrval\u00e1&#8230; Omamuj\u00edc\u00ed&#8230; N\u011bco mi p\u0159ipom\u00edn\u00e1&#8230; Ka\u017edop\u00e1dn\u011b m\u011b mobilizuje k \u00fapln\u00e9mu procitnut\u00ed&#8230; Nech\u00e1pu! Rozmazan\u00fd zrak rozezn\u00e1v\u00e1 pod nosem hrdlo od\u0161puntovan\u00e9 lahve s tekutinou, kter\u00e1 von\u00ed &#8211; u\u017e v\u00edm: jako slivovice! Je\u0161t\u011b ospal\u00e9 mozkov\u00e9 z\u00e1vity hore\u010dn\u011b spojuj\u00ed souvislosti a napov\u00edd\u00e1 jim z\u0159eteln\u00fd hlas&#8230; Ro\u0161\u0165\u00e1ck\u00fd hlas Standy Kov\u00e1\u0159e: <em>&#8222;St\u00e1v\u00e9 prezidente a po\u0165 si se mn\u00f3 ve\u010destit zobe&#8230;!&#8220;<\/em> T\u00edm \u010di\u0161t\u011bn\u00edm zub\u016f, kter\u00e9ho je (asi nejen) u MORAVC\u016e vyn\u00e1lezcem pr\u00e1v\u011b Standa Kov\u00e1\u0159, nen\u00ed nic jin\u00e9ho, ne\u017e zdrav\u00e1 rann\u00ed aplikace kvalitn\u00edho destil\u00e1tu (nejl\u00edp slivovice) &#8211; na la\u010dno&#8230;A patuji-li se dob\u0159e, tehdy r\u00e1no jsme si nedaleko kr\u00e1lovsk\u00e9ho hradu Pern\u0161tejna \u00a0se &#8222;\u0160\u00e1\u0148ou&#8220; ty zuby vy\u010distili opravdu zodpov\u011bdn\u011b&#8230; Nejm\u00ed\u0148 3x&#8230;<\/p>\n<h5 style=\"text-align: justify;\"><span style=\"color: #800000;\">P\u0159\u00edb\u011bh t\u0159et\u00ed &#8211; Standa objevitel (Maru\u0161ky Zouharov\u00e9)<\/span><\/h5>\n<p style=\"text-align: justify;\">Tak jako v prvn\u00edm, v\u00fd\u0161e popsan\u00e9m p\u0159\u00edb\u011bhu, sed\u00edme zdrav\u00e9 j\u00e1dro MORAVCE + d\u011bti MORAVCE na na\u0161\u00ed &#8222;mate\u0159sk\u00e9 z\u00e1kladn\u011b&#8220; &#8211; v restauraci Morava Bene\u0161ov (bylo to asi op\u011bt v r\u00e1mci skromn\u00e9 oslavy n\u011bjak\u00e9ho toho region\u00e1ln\u00edho \u00fasp\u011bchu v MTB z\u00e1vod\u011b n\u011bkdy kolem r. 2004). Ve sv\u011bt\u011b byl tehdy n\u011bjak\u00fd pr\u016f\u0161vih: n\u011bkde bylo n\u011bjak\u00e9 siln\u00e9 zem\u011bt\u0159esen\u00ed. V Arm\u00e9nii? U\u017e si nevzpomenu, ale to je jedno.. Ka\u017edop\u00e1dn\u011b tato p\u0159\u00edrodn\u00ed katastrofa m\u011bla za n\u00e1sledek stovky mrtv\u00fdch&#8230; Odd\u00edlu se u\u017e tehdy u\u017e &#8222;docela&#8220; finan\u010dn\u011b da\u0159ilo a i kdy\u017e to zdaleka je\u0161t\u011b nebylo na rozd\u00e1v\u00e1n\u00ed, navrhl Petr Koudelka, apeluj\u00edc na charitativn\u00ed c\u00edt\u011bn\u00ed MORAVCE, poslat n\u011bjakou tu finan\u010dn\u00ed pomoc (cca 1.000.- K\u010d) na konto, kter\u00e9 bylo pro posti\u017een\u00e9 zem\u011bt\u0159esen\u00edm tehdy z\u0159\u00edzeno a v m\u00e9di\u00edch inerov\u00e1no. Reakce Standy Kov\u00e1\u0159e byla asi tato: <em>&#8222;Se\u0161 blb\u00e9 Pecolde? De\u0165 teto u\u010dte decky n\u011bkdo vekradne a Ti co te penize pot\u0159eboj\u00f3, dostan\u00f3 h&#8212;o&#8230;&#8220;<\/em> (Pozn\u00e1mka: osloven\u00ed &#8222;Pecolde&#8220; &#8211; hodn\u011b dlouho v\u017eit\u00e1 p\u0159ezd\u00edvka Petra Koudelky \u00a0ze \u0161koln\u00edch let). <em>&#8222;Po\u010f dat te prache t\u0159eba t\u00e9 Marii Z\u00f3harov\u00e9 z Boskovic, co je v t\u00e9 Betan\u011b a je vod mala, chod\u00e1k, na voz\u00e9\u010dko&#8230;<\/em>\u00a0<em>A nebo jim tam po\u010f za te prache rovn\u00f3 n\u011bco k\u00f3pit..!&#8220;<\/em> V\u00edc ponouknut\u00ed Petr Koudelka <strong><a href=\"http:\/\/moravec.benesov-u-boskovic.cz\/cz\/vylety\/2005\/vylet-do-betany-boskovice-19-05-2005\/\">nepot\u0159eboval<\/a><\/strong>&#8230; No a v\u00fdsledek Standova n\u00e1padu ji\u017e l\u00e9ta v\u0161ichni MORAVCI zn\u00e1te. D\u00edky Standovi jsme objevili (nejen) Maru\u0161ku a d\u00edky Standovi objevila Maru\u0161ka n\u00e1s&#8230; D\u00edky Stando!<\/p>\n<figure id=\"attachment_5799\" aria-describedby=\"caption-attachment-5799\" style=\"width: 587px\" class=\"wp-caption alignnone\"><a href=\"http:\/\/www.moravecteam.cz\/?attachment_id=5799\" rel=\"attachment wp-att-5799\"><img decoding=\"async\" loading=\"lazy\" class=\" wp-image-5799\" alt=\"OLYMPUS DIGITAL CAMERA\" src=\"http:\/\/www.moravecteam.cz\/wp-content\/uploads\/2016\/10\/p5190141.jpg\" width=\"587\" height=\"342\" srcset=\"https:\/\/www.moravecteam.cz\/wp-content\/uploads\/2016\/10\/p5190141.jpg 587w, https:\/\/www.moravecteam.cz\/wp-content\/uploads\/2016\/10\/p5190141-300x174.jpg 300w\" sizes=\"(max-width: 587px) 100vw, 587px\" \/><\/a><figcaption id=\"caption-attachment-5799\" class=\"wp-caption-text\">Tat\u00edk to &#8222;zp\u00edskal&#8220; a &#8222;mladej to vodnesl&#8220;&#8230; N\u00e1pad Standy Kov\u00e1\u0159e jako prvn\u00ed v praxi realizoval Radim Kov\u00e1\u0159, kter\u00fd Maru\u0161ce Zouharov\u00e9, jako z\u00e1stupkyni klient\u016f stacion\u00e1\u0159e Betany p\u0159edal od MORAVCE \u0161ek na 1.000.- K\u010d.<\/figcaption><\/figure>\n<h5 style=\"text-align: justify;\"><\/h5>\n","protected":false},"excerpt":{"rendered":"<p>T\u011b\u017eko se p\u00ed\u0161\u00ed podobn\u00e9 zpr\u00e1vy&#8230; \u017divot nep\u0159in\u00e1\u0161\u00ed jen radostn\u00e9 chv\u00edle, kter\u00fdch jsme si letos u\u017eili nap\u0159\u00edklad d\u00edky skv\u011bl\u00fdm v\u00fdsledk\u016fm na\u0161ich rajdr\u016f na nejr\u016fzn\u011bj\u0161\u00edch cyklistick\u00fdch kolbi\u0161t\u00edch, vskutku neb\u00fdvale&#8230; \u017divot p\u0159in\u00e1\u0161\u00ed i chv\u00edle smutku, bolu, kdy se pak o\u010di pono\u0159\u00ed do slz&#8230; Takov\u00e1 chv\u00edle p\u0159ich\u00e1z\u00ed, kdy\u017e V\u00e1m zem\u0159e bl\u00edzk\u00fd \u010dlov\u011bk&#8230; A takov\u00e1 chv\u00edle p\u0159i\u0161la pro MORAVEC v &hellip; <a href=\"https:\/\/www.moravecteam.cz\/?p=5742\" class=\"more-link\">Pokra\u010dov\u00e1n\u00ed textu <span class=\"screen-reader-text\">MORAVEC v smutku&#8230;<\/span> <span class=\"meta-nav\">&rarr;<\/span><\/a><\/p>\n","protected":false},"author":3,"featured_media":5743,"comment_status":"open","ping_status":"closed","sticky":false,"template":"","format":"standard","meta":[],"categories":[13],"tags":[],"_links":{"self":[{"href":"https:\/\/www.moravecteam.cz\/index.php?rest_route=\/wp\/v2\/posts\/5742"}],"collection":[{"href":"https:\/\/www.moravecteam.cz\/index.php?rest_route=\/wp\/v2\/posts"}],"about":[{"href":"https:\/\/www.moravecteam.cz\/index.php?rest_route=\/wp\/v2\/types\/post"}],"author":[{"embeddable":true,"href":"https:\/\/www.moravecteam.cz\/index.php?rest_route=\/wp\/v2\/users\/3"}],"replies":[{"embeddable":true,"href":"https:\/\/www.moravecteam.cz\/index.php?rest_route=%2Fwp%2Fv2%2Fcomments&post=5742"}],"version-history":[{"count":23,"href":"https:\/\/www.moravecteam.cz\/index.php?rest_route=\/wp\/v2\/posts\/5742\/revisions"}],"predecessor-version":[{"id":5804,"href":"https:\/\/www.moravecteam.cz\/index.php?rest_route=\/wp\/v2\/posts\/5742\/revisions\/5804"}],"wp:featuredmedia":[{"embeddable":true,"href":"https:\/\/www.moravecteam.cz\/index.php?rest_route=\/wp\/v2\/media\/5743"}],"wp:attachment":[{"href":"https:\/\/www.moravecteam.cz\/index.php?rest_route=%2Fwp%2Fv2%2Fmedia&parent=5742"}],"wp:term":[{"taxonomy":"category","embeddable":true,"href":"https:\/\/www.moravecteam.cz\/index.php?rest_route=%2Fwp%2Fv2%2Fcategories&post=5742"},{"taxonomy":"post_tag","embeddable":true,"href":"https:\/\/www.moravecteam.cz\/index.php?rest_route=%2Fwp%2Fv2%2Ftags&post=5742"}],"curies":[{"name":"wp","href":"https:\/\/api.w.org\/{rel}","templated":true}]}}