{"id":5760,"date":"2016-10-02T19:25:53","date_gmt":"2016-10-02T17:25:53","guid":{"rendered":"http:\/\/www.moravecteam.cz\/?p=5760"},"modified":"2016-10-03T23:38:55","modified_gmt":"2016-10-03T21:38:55","slug":"vanek-a-vichr-2","status":"publish","type":"post","link":"https:\/\/www.moravecteam.cz\/?p=5760","title":{"rendered":"V\u00e1nek a Vichr..!"},"content":{"rendered":"<p style=\"text-align: justify;\"><span style=\"color: #800000;\"><strong>\u017de by v\u00e1nek s vichrem mohly b\u00fdt on\u011bmi &#8222;Divok\u00fdmi v\u011btry&#8220;, zn\u00e1mou to avantgardn\u00ed b\u00e1sn\u00ed J\u00e1ry Cimrmana, nalezenou v minul\u00e9m stolet\u00ed v pojizersk\u00e9 obci Lipt\u00e1kov\u011b? Mo\u017en\u00e1 jo, mo\u017en\u00e1 ne&#8230; Bike\u0159i u\u017e n\u011bkolik let ale v\u011bd\u00ed, \u017ee O\u0159e\u0161\u00ednsk\u00fd v\u00e1nek je MTB z\u00e1vod pro d\u011bti a dopl\u0148uje ho u\u017e n\u011bjak\u00fd ten rok i O\u0159e\u0161\u00ednsk\u00fd vichr&#8230; T\u00edm je logicky &#8211; MTB z\u00e1vod pro dosp\u011bl\u00e9&#8230; Obec pobl\u00ed\u017e Brna pohostila po\u010detnou komunitu biker\u016f minulou ned\u011bli a barvy MORAVCE byli vid\u011bt jak ve &#8222;V\u00e1nku&#8220; tak i ve &#8222;Vichru&#8220;. A v oboj\u00ed &#8222;atmosf\u00e9rick\u00e9 cirkulaci&#8220; si vedly v\u00fdte\u010dn\u011b!<\/strong><\/span><\/p>\n<figure id=\"attachment_5785\" aria-describedby=\"caption-attachment-5785\" style=\"width: 1108px\" class=\"wp-caption alignnone\"><a href=\"http:\/\/www.moravecteam.cz\/?attachment_id=5785\" rel=\"attachment wp-att-5785\"><img decoding=\"async\" loading=\"lazy\" class=\" wp-image-5785\" alt=\"20161002_154359\" src=\"http:\/\/www.moravecteam.cz\/wp-content\/uploads\/2016\/10\/20161002_154359.jpg\" width=\"1108\" height=\"1141\" srcset=\"https:\/\/www.moravecteam.cz\/wp-content\/uploads\/2016\/10\/20161002_154359.jpg 1108w, https:\/\/www.moravecteam.cz\/wp-content\/uploads\/2016\/10\/20161002_154359-25x25.jpg 25w, https:\/\/www.moravecteam.cz\/wp-content\/uploads\/2016\/10\/20161002_154359-291x300.jpg 291w, https:\/\/www.moravecteam.cz\/wp-content\/uploads\/2016\/10\/20161002_154359-994x1024.jpg 994w\" sizes=\"(max-width: 1108px) 100vw, 1108px\" \/><\/a><figcaption id=\"caption-attachment-5785\" class=\"wp-caption-text\">Pozorn\u00fd div\u00e1k na fotce Ad\u00e9lku Zav\u0159elovou nep\u0159ehl\u00e9dne. Spolu s Am\u00e1lkou Gottwaldovou vybojovaly holky ve sv\u00e9m startu um\u00edst\u011bn\u00ed v TOP SIX!<\/figcaption><\/figure>\n<p style=\"text-align: justify;\">Premi\u00e9ru v barv\u00e1ch MORAVEC Teamu (br\u00e1no obrazn\u011b, hoky je\u0161t\u011b nemaj\u00ed dresy) absolvovali v O\u0159e\u0161\u00edn\u011b na v\u00fdbornou sestry <span style=\"color: #800000;\"><strong>Am\u00e1lka a Lucka Gottwaldovy<\/strong><\/span>. Ob\u011b ve sv\u00fdch kategori\u00edch sahaly po medaili a by\u0165 to nakonec t\u011bsn\u011b nevy\u0161lo, &#8222;brambory&#8220; jim po state\u010dn\u00fdch v\u00fdkonech slu\u0161\u00ed! Rodinn\u00fd klan byl v ned\u011bli v barv\u00e1ch MORAVCE v akci je\u0161t\u011b v\u00edcekr\u00e1t. Sourozenci Zav\u0159elovi se t\u00e9\u017e p\u0159edvedli v tom nejlep\u0161\u00edm sv\u011btle. Z\u00e1v\u011br sez\u00f3ny zastihl ve v\u00fdborn\u00e9 form\u011b <strong><span style=\"color: #800000;\">Jirku Zav\u0159ela<\/span><\/strong>, kter\u00fd si po zisku st\u0159\u00edbra na posledn\u00ed &#8222;Vrchovin\u011b&#8220; v Boskovic\u00edch dojel v O\u0159e\u0161\u00edn\u011b pro bronz! Blahop\u0159ejeme! Po zadu nez\u00fastala za bratrem ani jeho sestra Ad\u00e9lka, kter\u00e1 v kategorii d\u00edvek do 10 let brala 6. m\u00edsto!<\/p>\n<figure id=\"attachment_5783\" aria-describedby=\"caption-attachment-5783\" style=\"width: 1709px\" class=\"wp-caption alignnone\"><a href=\"http:\/\/www.moravecteam.cz\/?attachment_id=5783\" rel=\"attachment wp-att-5783\"><img decoding=\"async\" loading=\"lazy\" class=\" wp-image-5783\" alt=\"20161002_151940\" src=\"http:\/\/www.moravecteam.cz\/wp-content\/uploads\/2016\/10\/20161002_151940.jpg\" width=\"1709\" height=\"1423\" srcset=\"https:\/\/www.moravecteam.cz\/wp-content\/uploads\/2016\/10\/20161002_151940.jpg 1709w, https:\/\/www.moravecteam.cz\/wp-content\/uploads\/2016\/10\/20161002_151940-300x249.jpg 300w, https:\/\/www.moravecteam.cz\/wp-content\/uploads\/2016\/10\/20161002_151940-1024x852.jpg 1024w\" sizes=\"(max-width: 1709px) 100vw, 1709px\" \/><\/a><figcaption id=\"caption-attachment-5783\" class=\"wp-caption-text\">Jirka Zav\u0159el se v z\u00e1v\u011bru sez\u00f3ny veze na medailov\u00e9 vln\u011b! Po st\u0159\u00edbru z Boskovic bral bronz v O\u0159e\u0161\u00edn\u011b!<\/figcaption><\/figure>\n<p style=\"text-align: justify;\">Dosp\u011bl\u00e9 kategorie svedly svoje souboje na trati dluh\u00e9 34 km a do medailov\u00e9 sb\u00edrky MORAVCE p\u0159isp\u011bl v\u00fdznam\u011b ziskem st\u0159\u00edbra v kategorii Masters II n\u00e1\u0161 osv\u011bd\u010den\u00fd reprezentant <span style=\"color: #800000;\"><strong>Martin Gottwald<\/strong><\/span>. Dlu\u017eno podotknout, \u017ee v kvalitn\u00edm z\u00e1vod\u011b se mu poda\u0159ilo porazit jeho velk\u00e9ho soka (ale p\u0159edv\u0161\u00edm kamar\u00e1da) z leto\u0161n\u00ed MTB &#8222;Vrchoviny&#8220; &#8211; Davida Soukupa (dojel t\u0159et\u00ed). T\u0159et\u00edm rodinn\u00fdm klanem z \u0159ad MORAVC\u016e byli v O\u0159e\u0161\u00edn\u011b t\u00e1ta a syn \u0160t\u011bpan\u00edci. V\u00fdsledkov\u011b se l\u00e9pe da\u0159ilo v kategorii Masters III <strong><span style=\"color: #800000;\">Jirkovi \u0160t\u011bpan\u00edkovi st.<\/span><\/strong> (5. m\u00edsto), ale ani 11. p\u0159\u00ed\u010dka <span style=\"color: #800000;\"><strong>Jirky \u0160t\u011bpan\u00edka ml<\/strong><\/span>., v z\u00e1vod\u011b mu\u017e\u016f ELITE nen\u00ed v\u016fbec \u0161patn\u00e9&#8230; D\u00edky v\u0161em rajdr\u016fm za vzorn\u00e9 ned\u011bln\u00ed repre MORAVCE, podp\u016frn\u00fdm rodinn\u00fdm t\u00fdm\u016fm v\u010detn\u011b. Bravo MORAVEC! Zde si ov\u011b\u0159te\u00a0<strong><a href=\"http:\/\/www.tjoresin.cz\/\">kompletn\u00ed v\u00fdsledky<\/a>.<\/strong><\/p>\n<figure id=\"attachment_5784\" aria-describedby=\"caption-attachment-5784\" style=\"width: 1563px\" class=\"wp-caption alignnone\"><a href=\"http:\/\/www.moravecteam.cz\/?attachment_id=5784\" rel=\"attachment wp-att-5784\"><img decoding=\"async\" loading=\"lazy\" class=\" wp-image-5784\" alt=\"20161002_152213\" src=\"http:\/\/www.moravecteam.cz\/wp-content\/uploads\/2016\/10\/20161002_152213.jpg\" width=\"1563\" height=\"1414\" srcset=\"https:\/\/www.moravecteam.cz\/wp-content\/uploads\/2016\/10\/20161002_152213.jpg 1563w, https:\/\/www.moravecteam.cz\/wp-content\/uploads\/2016\/10\/20161002_152213-300x271.jpg 300w, https:\/\/www.moravecteam.cz\/wp-content\/uploads\/2016\/10\/20161002_152213-1024x926.jpg 1024w\" sizes=\"(max-width: 1563px) 100vw, 1563px\" \/><\/a><figcaption id=\"caption-attachment-5784\" class=\"wp-caption-text\">Bronzov\u00e1 placka Jirky Zav\u0159ela v detailu.<\/figcaption><\/figure>\n","protected":false},"excerpt":{"rendered":"<p>\u017de by v\u00e1nek s vichrem mohly b\u00fdt on\u011bmi &#8222;Divok\u00fdmi v\u011btry&#8220;, zn\u00e1mou to avantgardn\u00ed b\u00e1sn\u00ed J\u00e1ry Cimrmana, nalezenou v minul\u00e9m stolet\u00ed v pojizersk\u00e9 obci Lipt\u00e1kov\u011b? Mo\u017en\u00e1 jo, mo\u017en\u00e1 ne&#8230; Bike\u0159i u\u017e n\u011bkolik let ale v\u011bd\u00ed, \u017ee O\u0159e\u0161\u00ednsk\u00fd v\u00e1nek je MTB z\u00e1vod pro d\u011bti a dopl\u0148uje ho u\u017e n\u011bjak\u00fd ten rok i O\u0159e\u0161\u00ednsk\u00fd vichr&#8230; T\u00edm je logicky &hellip; <a href=\"https:\/\/www.moravecteam.cz\/?p=5760\" class=\"more-link\">Pokra\u010dov\u00e1n\u00ed textu <span class=\"screen-reader-text\">V\u00e1nek a Vichr..!<\/span> <span class=\"meta-nav\">&rarr;<\/span><\/a><\/p>\n","protected":false},"author":3,"featured_media":5782,"comment_status":"open","ping_status":"closed","sticky":false,"template":"","format":"standard","meta":[],"categories":[1],"tags":[],"_links":{"self":[{"href":"https:\/\/www.moravecteam.cz\/index.php?rest_route=\/wp\/v2\/posts\/5760"}],"collection":[{"href":"https:\/\/www.moravecteam.cz\/index.php?rest_route=\/wp\/v2\/posts"}],"about":[{"href":"https:\/\/www.moravecteam.cz\/index.php?rest_route=\/wp\/v2\/types\/post"}],"author":[{"embeddable":true,"href":"https:\/\/www.moravecteam.cz\/index.php?rest_route=\/wp\/v2\/users\/3"}],"replies":[{"embeddable":true,"href":"https:\/\/www.moravecteam.cz\/index.php?rest_route=%2Fwp%2Fv2%2Fcomments&post=5760"}],"version-history":[{"count":7,"href":"https:\/\/www.moravecteam.cz\/index.php?rest_route=\/wp\/v2\/posts\/5760\/revisions"}],"predecessor-version":[{"id":5789,"href":"https:\/\/www.moravecteam.cz\/index.php?rest_route=\/wp\/v2\/posts\/5760\/revisions\/5789"}],"wp:featuredmedia":[{"embeddable":true,"href":"https:\/\/www.moravecteam.cz\/index.php?rest_route=\/wp\/v2\/media\/5782"}],"wp:attachment":[{"href":"https:\/\/www.moravecteam.cz\/index.php?rest_route=%2Fwp%2Fv2%2Fmedia&parent=5760"}],"wp:term":[{"taxonomy":"category","embeddable":true,"href":"https:\/\/www.moravecteam.cz\/index.php?rest_route=%2Fwp%2Fv2%2Fcategories&post=5760"},{"taxonomy":"post_tag","embeddable":true,"href":"https:\/\/www.moravecteam.cz\/index.php?rest_route=%2Fwp%2Fv2%2Ftags&post=5760"}],"curies":[{"name":"wp","href":"https:\/\/api.w.org\/{rel}","templated":true}]}}