{"id":5806,"date":"2016-10-09T22:50:39","date_gmt":"2016-10-09T20:50:39","guid":{"rendered":"http:\/\/www.moravecteam.cz\/?p=5806"},"modified":"2016-10-09T23:15:56","modified_gmt":"2016-10-09T21:15:56","slug":"mb-bylo-nas-pet","status":"publish","type":"post","link":"https:\/\/www.moravecteam.cz\/?p=5806","title":{"rendered":"MB: Bylo n\u00e1s p\u011bt&#8230;"},"content":{"rendered":"<p style=\"text-align: justify;\"><strong><span style=\"color: #800000;\">V Mlad\u00e9 Boleslavi se minulou sobotu odjel t\u0159et\u00ed z\u00e1vod \u010cesk\u00e9ho poh\u00e1ru v cyklokrosu za \u00fa\u010dasti p\u011bti borc\u016f z MORAVEC Teamu. Na\u0161e podzimn\u00ed do\u010dasn\u00e1 cyklokrosov\u00e1 rota se tentokr\u00e1t musela obej\u00edt bez sourozenc\u016f Tesa\u0159ov\u00fdch, ale i v takto zna\u010dn\u011b zten\u010den\u00e9 s\u00edle zajela p\u011btka na\u0161ich &#8222;snajpr\u016f&#8220; \u00a0v\u00fdborn\u00e9 z\u00e1vody! D\u016fkazem toho je jedno um\u00edst\u011bn\u00ed v TOP 5, jedno v TOP 10, jedno v TOP 20 a aby se to nepletlo, jedno i v TOP 30! Co\u017e neznamen\u00e1 nic jin\u00e9ho, \u017ee hned \u010dty\u0159i z p\u011bti na\u0161ich borc\u016f a borek dojeli na presti\u017en\u00edch trat\u00edch ve m\u011bst\u011b aut na body!\u00a0<\/span><\/strong><\/p>\n<p style=\"text-align: justify;\">\u0158\u00edkejte mi prognostik. L\u00e9pe \u0159e\u010deno: \u00fasp\u011b\u0161n\u00fd prognostik&#8230; Kdy\u017e jsem v n\u011bkter\u00e9m z p\u0159ede\u0161l\u00fdch \u010dl\u00e1nk\u016f p\u0159edpov\u00eddal, \u017ee je jen ot\u00e1zkou \u010dasu, kdy se n\u00e1\u0161 \u0161ikovn\u00fd el\u00e9v, <span style=\"color: #800000;\"><strong>Roman \u0160indel\u00e1\u0159<\/strong><\/span>, prosad\u00ed ve v\u00fdsledkov\u00fdch listin\u00e1ch na bodovan\u00e1 um\u00edst\u011bn\u00ed, netu\u0161il jsem v\u011bru, \u017ee to bude u\u017e tak brzy&#8230; V Mlad\u00e9 Boleslavi to Rom\u010da dok\u00e1zal a dva bod\u00edky za 29. m\u00edsto v kategorii star\u0161\u00edch \u017e\u00e1k\u016f mu moc slu\u0161\u00ed! Je\u0161t\u011b p\u0159ed n\u00edm svedla v na\u0159\u00edzl\u00e9 konkurenci \u010dty\u0159iceti kadetek state\u010dn\u00fd souboj <strong><span style=\"color: #800000;\">Anna Zem\u00e1nkov\u00e1<\/span><\/strong>. Se ztr\u00e1tou n\u011bco m\u00e1lo p\u0159es minutku na v\u00edt\u011bzku fini\u010dovala A\u0148a jako 10. v po\u0159ad\u00ed, kdy\u017e v souboj i o 9. &#8222;flek&#8220; podlehla Dagmar Hejhalov\u00e9 z Dukly Praha, vnu\u010dce pana Franti\u0161ka Jursy, n\u011bkdej\u0161\u00edho tren\u00e9ra na\u0161i Ikony &#8211; Vlastimila MORAVCE. I Ani\u010dka Zem\u00e1nkov\u00e1 &#8211; stejn\u011b jako Roman \u0160indel\u00e1\u0159 &#8211; zalou\u017e\u00ed za odvedenou mladoboleslavskou pr\u00e1ci velk\u00fd d\u00edk!<\/p>\n<p style=\"text-align: justify;\">I start kadet\u016f n\u00e1s op\u011bt eminentn\u011b zaj\u00edmal. <strong><span style=\"color: #800000;\">Tom\u00e1\u0161 Tlamka &#8222;Contador&#8220;<\/span><\/strong> s <span style=\"color: #800000;\"><strong>Honzou \u0160indel\u00e1\u0159em<\/strong><\/span> v n\u011bm p\u0159edvedli v\u00fdkony &#8222;prvn\u00ed klasy&#8220;! Tom\u00e1\u0161, kter\u00fd se evidentn\u011b velmi rychle &#8222;oklepal&#8220; z nep\u0159\u00edjemn\u00e9ho ji\u010d\u00ednsk\u00e9ho &#8222;trkance&#8220;, po cel\u00fd pr\u016fb\u011bh z\u00e1vodu dr\u017eel kontakt s \u010delem z\u00e1vodu a v c\u00edli 5. m\u00edsto je jeho leto\u0161n\u00edm TOP v\u00fdsledkem! Bravo &#8222;Contador&#8220;! Boj o &#8222;bramboru&#8220; prohr\u00e1l o nicotn\u00e9 dv\u011b vte\u0159inky a je t\u0159eba p\u0159ipomenout, \u017ee ve vyrovnan\u00e9m z\u00e1vod\u011b dojelo prvn\u00edch p\u011bt borc\u016f v rozmez\u00ed p\u016fl minuty&#8230; V\u00fdbornou pr\u00e1ci odvedl v z\u00e1vod\u011b kadet\u016f i Tom\u016fv t\u00fdmov\u00fd par\u0165\u00e1k, Honza \u0160indel\u00e1\u0159. I on si brousil zuby na um\u00edst\u011bn\u00ed v TOP 10 a forma posledn\u00edch dn\u016f ho k tomu zcela oprav\u0148ovala. Ne\u0161\u0165astn\u00fd a hlavn\u011b nep\u0159\u00edjemn\u00fd p\u00e1d v\u0161ak v\u0161e zhatil.. P\u0159esto to &#8222;D\u017eony&#8220; nezabalil a se sebezap\u0159en\u00edm z\u00e1vod dokon\u010dil na v\u00fdborn\u00e9m, 20. m\u00edst\u011b! A i jemu pat\u0159\u00ed na\u0161e pochvala!<\/p>\n<p style=\"text-align: justify;\">\u00dapln\u011b na z\u00e1v\u011br mladoboleslavsk\u00e9ho cyklokrosov\u00e9ho dne jsme ma\u010dkali pale\u010dky ve startu mu\u017e\u016f ELITE <strong><span style=\"color: #800000;\">Dominiku Prudkovi<\/span><\/strong>. Tomu ale tentokr\u00e1t &#8222;nejeli nohy&#8220; a z\u00e1vod nakonec vzdal&#8230; D\u00edky v\u0161em MORAVC\u016eM za vzorn\u00e9 v\u00fdkony na doraz, d\u00edky t\u00e9\u017e podp\u016frn\u00e9mu t\u00fdmu za vzorn\u00e9 z\u00e1zem\u00ed pro na\u0161e rajdry! Zde si m\u016f\u017eete ov\u011b\u0159it <strong><a href=\"http:\/\/www.cyklokros.cz\/cz\/toi-toi-cup-2016\/toi-toi-cup-2016\/mlada-boleslav\/vysledky\">kompletn\u00ed v\u00fdsledky<\/a><\/strong>.<\/p>\n","protected":false},"excerpt":{"rendered":"<p>V Mlad\u00e9 Boleslavi se minulou sobotu odjel t\u0159et\u00ed z\u00e1vod \u010cesk\u00e9ho poh\u00e1ru v cyklokrosu za \u00fa\u010dasti p\u011bti borc\u016f z MORAVEC Teamu. Na\u0161e podzimn\u00ed do\u010dasn\u00e1 cyklokrosov\u00e1 rota se tentokr\u00e1t musela obej\u00edt bez sourozenc\u016f Tesa\u0159ov\u00fdch, ale i v takto zna\u010dn\u011b zten\u010den\u00e9 s\u00edle zajela p\u011btka na\u0161ich &#8222;snajpr\u016f&#8220; \u00a0v\u00fdborn\u00e9 z\u00e1vody! D\u016fkazem toho je jedno um\u00edst\u011bn\u00ed v TOP 5, jedno v &hellip; <a href=\"https:\/\/www.moravecteam.cz\/?p=5806\" class=\"more-link\">Pokra\u010dov\u00e1n\u00ed textu <span class=\"screen-reader-text\">MB: Bylo n\u00e1s p\u011bt&#8230;<\/span> <span class=\"meta-nav\">&rarr;<\/span><\/a><\/p>\n","protected":false},"author":3,"featured_media":5811,"comment_status":"open","ping_status":"closed","sticky":false,"template":"","format":"standard","meta":[],"categories":[1],"tags":[],"_links":{"self":[{"href":"https:\/\/www.moravecteam.cz\/index.php?rest_route=\/wp\/v2\/posts\/5806"}],"collection":[{"href":"https:\/\/www.moravecteam.cz\/index.php?rest_route=\/wp\/v2\/posts"}],"about":[{"href":"https:\/\/www.moravecteam.cz\/index.php?rest_route=\/wp\/v2\/types\/post"}],"author":[{"embeddable":true,"href":"https:\/\/www.moravecteam.cz\/index.php?rest_route=\/wp\/v2\/users\/3"}],"replies":[{"embeddable":true,"href":"https:\/\/www.moravecteam.cz\/index.php?rest_route=%2Fwp%2Fv2%2Fcomments&post=5806"}],"version-history":[{"count":6,"href":"https:\/\/www.moravecteam.cz\/index.php?rest_route=\/wp\/v2\/posts\/5806\/revisions"}],"predecessor-version":[{"id":5818,"href":"https:\/\/www.moravecteam.cz\/index.php?rest_route=\/wp\/v2\/posts\/5806\/revisions\/5818"}],"wp:featuredmedia":[{"embeddable":true,"href":"https:\/\/www.moravecteam.cz\/index.php?rest_route=\/wp\/v2\/media\/5811"}],"wp:attachment":[{"href":"https:\/\/www.moravecteam.cz\/index.php?rest_route=%2Fwp%2Fv2%2Fmedia&parent=5806"}],"wp:term":[{"taxonomy":"category","embeddable":true,"href":"https:\/\/www.moravecteam.cz\/index.php?rest_route=%2Fwp%2Fv2%2Fcategories&post=5806"},{"taxonomy":"post_tag","embeddable":true,"href":"https:\/\/www.moravecteam.cz\/index.php?rest_route=%2Fwp%2Fv2%2Ftags&post=5806"}],"curies":[{"name":"wp","href":"https:\/\/api.w.org\/{rel}","templated":true}]}}