{"id":5813,"date":"2016-10-10T13:43:51","date_gmt":"2016-10-10T11:43:51","guid":{"rendered":"http:\/\/www.moravecteam.cz\/?p=5813"},"modified":"2016-10-17T22:34:08","modified_gmt":"2016-10-17T20:34:08","slug":"i-z-muldy-medaile","status":"publish","type":"post","link":"https:\/\/www.moravecteam.cz\/?p=5813","title":{"rendered":"I z &#8222;Muldy&#8220; medaile!"},"content":{"rendered":"<p style=\"text-align: justify;\"><strong><span style=\"color: #800000;\">O p\u011bt let star\u0161\u00ed ne\u017e MTB Poh\u00e1r Drahansk\u00e9 vrchoviny je dal\u0161\u00ed z kultovn\u00edch bikov\u00fdch z\u00e1vod\u016f &#8211; Sob\u011b\u0161ick\u00e1 Mulda. Zat\u00edm co n\u00e1\u0161 PDV se aktu\u00e1ln\u011b nach\u00e1z\u00ed v &#8222;pubert\u00e1ln\u00edm&#8220; v\u011bku, Muldy sv\u00fdm leto\u0161n\u00edm\u00a0jubilejn\u00edm 20. ro\u010dn\u00edkem u\u017e razantn\u011b p\u0159ekro\u010dila pomysln\u00fd pr\u00e1h dosp\u011blosti. Na v\u00fdro\u010dn\u00edm z\u00e1vod\u011b minulou ned\u011bli nemohl chyb\u011bt v\u00fdb\u011br MORAVEC Teamu a tak jako v minul\u00fdch letech, ani letos se z les\u016f mezi Lesnou a Sob\u011b\u0161icemi nevrac\u00edme\u00a0 s pr\u00e1zdnou!<\/span><\/strong><\/p>\n<figure id=\"attachment_5838\" aria-describedby=\"caption-attachment-5838\" style=\"width: 616px\" class=\"wp-caption alignnone\"><a href=\"http:\/\/www.moravecteam.cz\/?attachment_id=5838\" rel=\"attachment wp-att-5838\"><img decoding=\"async\" loading=\"lazy\" class=\" wp-image-5838\" alt=\"img_1042\" src=\"http:\/\/www.moravecteam.cz\/wp-content\/uploads\/2016\/10\/IMG_1042.jpg\" width=\"616\" height=\"612\" srcset=\"https:\/\/www.moravecteam.cz\/wp-content\/uploads\/2016\/10\/IMG_1042.jpg 616w, https:\/\/www.moravecteam.cz\/wp-content\/uploads\/2016\/10\/IMG_1042-25x25.jpg 25w, https:\/\/www.moravecteam.cz\/wp-content\/uploads\/2016\/10\/IMG_1042-300x298.jpg 300w\" sizes=\"(max-width: 616px) 100vw, 616px\" \/><\/a><figcaption id=\"caption-attachment-5838\" class=\"wp-caption-text\">Roman \u0160indel\u00e1\u0159 vybojoval na Sob\u011b\u0161ick\u00e9 muld\u011b pro MORAVEC ve sv\u00e9 kategorii cenn\u00e9 st\u0159\u00edbro!<\/figcaption><\/figure>\n<p style=\"text-align: justify;\">N\u00e1\u0161 mlad\u00fd a \u0161ikovn\u00fd biker, <span style=\"color: #800000;\"><strong>Roman \u0160indel\u00e1\u0159<\/strong> <\/span>se postaral v z\u00e1vod\u011b kategorie chlapc\u016f 10-12 let \u00a0o n\u00e1\u0161 sice jedin\u00fd, ale o to cenn\u011bj\u0161\u00ed, st\u0159\u00edbrn\u00fd\u00a0medailov\u00fd \u00fasp\u011bch.\u00a0Ten je\u00a0o to pozoruhodn\u011bj\u0161\u00ed, vezmeme-li v \u00favahu, \u017ee Rom\u010da m\u011bl v noh\u00e1ch n\u00e1ro\u010dnou cyklokrosovou poh\u00e1rovou &#8222;race&#8220; z p\u0159edchoz\u00edho dne v Mlad\u00e9 Boleslavi. V z\u00e1vod\u011b nesta\u010dil pouze na n\u00e1m dob\u0159e zn\u00e1m\u00e9ho &#8222;judistu&#8220; z leto\u0161n\u00ed &#8222;Vrchoviny, Michala Kupsk\u00e9ho z Doln\u00edch Kounic. Medaile na\u0161emu &#8222;dr\u00e1\u010dkovi&#8220; moc &#8222;sekne&#8220; a blahop\u0159ejeme mu k n\u00ed! Stabiln\u00ed formu potvrdil v t\u00e9to kategorii i n\u00e1\u0161 druh\u00fd rajdr v tomto startu, v c\u00edli 12. <span style=\"color: #800000;\"><strong>Maty\u00e1\u0161 Koudelka<\/strong><\/span>.<\/p>\n<figure id=\"attachment_5841\" aria-describedby=\"caption-attachment-5841\" style=\"width: 1200px\" class=\"wp-caption alignnone\"><a href=\"http:\/\/www.moravecteam.cz\/?attachment_id=5841\" rel=\"attachment wp-att-5841\"><img decoding=\"async\" loading=\"lazy\" class=\" wp-image-5841\" alt=\"p1090043\" src=\"http:\/\/www.moravecteam.cz\/wp-content\/uploads\/2016\/10\/P1090043.jpg\" width=\"1200\" height=\"910\" srcset=\"https:\/\/www.moravecteam.cz\/wp-content\/uploads\/2016\/10\/P1090043.jpg 1200w, https:\/\/www.moravecteam.cz\/wp-content\/uploads\/2016\/10\/P1090043-300x227.jpg 300w, https:\/\/www.moravecteam.cz\/wp-content\/uploads\/2016\/10\/P1090043-1024x776.jpg 1024w\" sizes=\"(max-width: 1200px) 100vw, 1200px\" \/><\/a><figcaption id=\"caption-attachment-5841\" class=\"wp-caption-text\">Spolu s Honzou \u0160indel\u00e1\u0159em st.. byl nejbl\u00ed\u017ee medaili Karel Vinick\u00fd. Oba nakonec skon\u010dili t\u011bsn\u011b pod &#8222;bednou&#8220;.<\/figcaption><\/figure>\n<p style=\"text-align: justify;\">I kdy\u017e v\u00edc\u00a0placek jsme letos na &#8222;Muld\u011b&#8220; neposb\u00edrali, neznamen\u00e1 to, \u017ee by v\u00fdkony na\u0161ich biker\u016f nest\u00e1ly za \u0159e\u010d. Naopak! State\u010dn\u011b se &#8222;porvala&#8220; s t\u011b\u017ekou konkurenc\u00ed na &#8222;Muldi\u010dce&#8220; v kategorii d\u011bv\u010dat 6-7 let dal\u0161\u00ed leto\u0161n\u00ed na\u0161e nov\u00e1 leto\u0161n\u00ed posila, v c\u00edli nakonec 13., mladi\u010dk\u00e1\u00a0<strong><span style=\"color: #800000;\">Zita \u017dern\u00ed\u010dkov\u00e1<\/span><\/strong>. V t\u011b\u017ek\u00e9 konkurenci zajeli um\u00edst\u011bn\u00ed v TOP 10 v kategorii d\u011bv\u010dat 8-9 let <strong><span style=\"color: #800000;\">Lucinka Koudelkov\u00e1<\/span> <\/strong>(5. m\u00edsto) s <strong><span style=\"color: #800000;\">Bar\u010dou Janovskou<\/span> <\/strong>(v c\u00edli 9. m\u00edsto). Premi\u00e9ru v &#8222;dresu MORAVCE&#8220; m\u011bla v Brn\u011b &#8211; Lesn\u00e9 v kategorii mlad\u0161\u00edch \u017e\u00e1ky\u0148 na\u0161e \u010derstv\u00e1 posila z Boskovic, <strong><span style=\"color: #800000;\">Ad\u00e9lka Kub\u00ednov\u00e1<\/span><\/strong>. Obrat &#8222;v dresu MORAVCE&#8220; p\u00ed\u0161i \u00famysln\u011b v uvozovk\u00e1ch, proto\u017ee na Ad\u00e9l\u010din\u011b\u00a0 Radou Sta\u0161\u00edch Biker\u016f MORAVCE \u010dersv\u011b schv\u00e1len\u00e9 p\u0159ihl\u00e1\u0161ce je\u0161t\u011b neoschnul inkoust, tud\u00ed\u017e v presti\u017en\u00edm odd\u00edlov\u00e9m dresu Ad\u00e9lka je\u0161t\u011b nemohla nestartovat. P\u0159esto se uvedla v\u00fdborn\u00fdm v\u00fdkonem a i j\u00ed bylo odm\u011bnou um\u00edst\u011bn\u00ed v TOP 10 (8. m\u00edsto). \u017de n\u00e1m t\u011bch Ad\u00e9lek ale v odd\u00edle p\u0159ib\u00fdv\u00e1&#8230; Po\u010d\u00edt\u00e1m-li dob\u0159e, jsou u\u017e \u010dty\u0159i!<\/p>\n<p style=\"text-align: justify;\">\u017del\u00edzko v ohni jsme m\u011bli i v kategorii chlapc\u016f 15-17 let v <span style=\"color: #800000;\"><strong>Karlu Vinick\u00e9m<\/strong><\/span>. Jeden u objev\u016f leto\u0161n\u00ed sez\u00f3ny zajel v\u00fdborn\u011b a v z\u00e1vod\u011b si dlouho &#8222;brousil zuby&#8220; na bronzov\u00fd stup\u00ednek. nakonec to nedopadlo, ale i \u010dtvrt\u00e9 m\u00edsto z presti\u017en\u00edho z\u00e1vodu m\u00e1 pro na\u0161eho talentovan\u00e9ho bikera ur\u010dit\u011b vysokou cenu! Stejn\u00fdm v\u00fdsledkem se m\u016f\u017ee pochlubit na distanci 15 km v kategorii Masters II i <strong><span style=\"color: #800000;\">Honza \u0160indel\u00e1\u0159 st<\/span><\/strong>., p\u0159i\u010dem\u017e tato dvojn\u00e1sobn\u00e1\u00a0&#8222;bramborov\u00e1&#8220;\u00a0\u00faroda potvrzuje,\u00a0kter\u00e9\u00a0\u017ee to zem\u011bd\u011blsk\u00e9 komodity aktu\u00e1ln\u011b vrchol\u00ed sklize\u0148\u00a0&#8230; N\u00e1\u0161 kvalitn\u00ed v\u00fdsledkov\u00fd \u00fa\u010det podtrhl a uzav\u0159el ziskem cenn\u00e9ho, 5. m\u00edsta mezi borci Masters III dal\u0161\u00ed ze spolehliv\u00fdch &#8222;bijc\u016f&#8220; MORAVCE, <span style=\"color: #800000;\"><strong>Martin Gottwald<\/strong><\/span>.<\/p>\n<p style=\"text-align: justify;\">Snad jsem ve v\u00fdsledkov\u00fdch listin\u00e1ch nikoho z na\u0161ich nep\u0159ehl\u00e9dnul, kdy\u017e jo, tak mi dejte v\u011bd\u011bt a j\u00e1 p\u0159\u00edslu\u0161n\u00e9 info dopln\u00edm. Chybka by se mohla vloudit t\u00edm, \u017ee docela &#8222;ko\u0161at\u00e9&#8220; v\u00fdsledkov\u00e9 listiny z &#8222;Muldy&#8220; neobsahuj\u00ed t\u00fdmovou p\u0159\u00edslu\u0161nost a o to h\u016f\u0159 se pak v nich hled\u00e1&#8230; Ka\u017edop\u00e1dn\u011b v\u0161em na\u0161im borc\u016fm a bork\u00e1m pat\u0159\u00ed za v\u00fdkony v Brn\u011b &#8211; Lesn\u00e9 velk\u00fd d\u00edk za vzorn\u00e9 repre odd\u00edlu! Podp\u016frn\u00e9 rodinn\u00e9 t\u00fdmy nevyj\u00edmaje&#8230; Speci\u00e1ln\u00ed pod\u011bkov\u00e1n\u00ed pak pat\u0159\u00ed Kamilu Koudelkovi, kter\u00fd zajistil na akci p\u0159epravu a p\u016fj\u010den\u00ed cyklo\u0161koly, kter\u00e1 je ve vlastnictv\u00ed MORAVEC Teamu\u00a0a na n\u00ed\u017e\u00a0v pr\u016fb\u011bhu z\u00e1vodu potr\u00e9novala d\u011bti nap\u0159. i b\u00fdval\u00e1 mistryn\u011b sv\u011bta v BMX, Jana Hor\u00e1kov\u00e1. Zde studujte\u00a0z &#8222;Muldy&#8220; <strong><a href=\"http:\/\/www.czex.cz\/mulda\/vysledky\">kompletn\u00ed v\u00fdsledky<\/a>\u00a0<\/strong>a tu\u0165 mrkn\u011bte na <strong><a href=\"http:\/\/moravecteam.rajce.idnes.cz\/2016.10.09._MTB_Sobesicka_Mulda\/\">fotogalerii<\/a>.<\/strong><\/p>\n","protected":false},"excerpt":{"rendered":"<p>O p\u011bt let star\u0161\u00ed ne\u017e MTB Poh\u00e1r Drahansk\u00e9 vrchoviny je dal\u0161\u00ed z kultovn\u00edch bikov\u00fdch z\u00e1vod\u016f &#8211; Sob\u011b\u0161ick\u00e1 Mulda. Zat\u00edm co n\u00e1\u0161 PDV se aktu\u00e1ln\u011b nach\u00e1z\u00ed v &#8222;pubert\u00e1ln\u00edm&#8220; v\u011bku, Muldy sv\u00fdm leto\u0161n\u00edm\u00a0jubilejn\u00edm 20. ro\u010dn\u00edkem u\u017e razantn\u011b p\u0159ekro\u010dila pomysln\u00fd pr\u00e1h dosp\u011blosti. Na v\u00fdro\u010dn\u00edm z\u00e1vod\u011b minulou ned\u011bli nemohl chyb\u011bt v\u00fdb\u011br MORAVEC Teamu a tak jako v minul\u00fdch letech, &hellip; <a href=\"https:\/\/www.moravecteam.cz\/?p=5813\" class=\"more-link\">Pokra\u010dov\u00e1n\u00ed textu <span class=\"screen-reader-text\">I z &#8222;Muldy&#8220; medaile!<\/span> <span class=\"meta-nav\">&rarr;<\/span><\/a><\/p>\n","protected":false},"author":3,"featured_media":5824,"comment_status":"open","ping_status":"closed","sticky":false,"template":"","format":"standard","meta":[],"categories":[1],"tags":[],"_links":{"self":[{"href":"https:\/\/www.moravecteam.cz\/index.php?rest_route=\/wp\/v2\/posts\/5813"}],"collection":[{"href":"https:\/\/www.moravecteam.cz\/index.php?rest_route=\/wp\/v2\/posts"}],"about":[{"href":"https:\/\/www.moravecteam.cz\/index.php?rest_route=\/wp\/v2\/types\/post"}],"author":[{"embeddable":true,"href":"https:\/\/www.moravecteam.cz\/index.php?rest_route=\/wp\/v2\/users\/3"}],"replies":[{"embeddable":true,"href":"https:\/\/www.moravecteam.cz\/index.php?rest_route=%2Fwp%2Fv2%2Fcomments&post=5813"}],"version-history":[{"count":10,"href":"https:\/\/www.moravecteam.cz\/index.php?rest_route=\/wp\/v2\/posts\/5813\/revisions"}],"predecessor-version":[{"id":5921,"href":"https:\/\/www.moravecteam.cz\/index.php?rest_route=\/wp\/v2\/posts\/5813\/revisions\/5921"}],"wp:featuredmedia":[{"embeddable":true,"href":"https:\/\/www.moravecteam.cz\/index.php?rest_route=\/wp\/v2\/media\/5824"}],"wp:attachment":[{"href":"https:\/\/www.moravecteam.cz\/index.php?rest_route=%2Fwp%2Fv2%2Fmedia&parent=5813"}],"wp:term":[{"taxonomy":"category","embeddable":true,"href":"https:\/\/www.moravecteam.cz\/index.php?rest_route=%2Fwp%2Fv2%2Fcategories&post=5813"},{"taxonomy":"post_tag","embeddable":true,"href":"https:\/\/www.moravecteam.cz\/index.php?rest_route=%2Fwp%2Fv2%2Ftags&post=5813"}],"curies":[{"name":"wp","href":"https:\/\/api.w.org\/{rel}","templated":true}]}}