{"id":5815,"date":"2016-10-10T23:56:58","date_gmt":"2016-10-10T21:56:58","guid":{"rendered":"http:\/\/www.moravecteam.cz\/?p=5815"},"modified":"2016-10-11T21:56:13","modified_gmt":"2016-10-11T19:56:13","slug":"co-se-bude-dit-st41-2","status":"publish","type":"post","link":"https:\/\/www.moravecteam.cz\/?p=5815","title":{"rendered":"Co se bude d\u00edt? (ST41)"},"content":{"rendered":"<h5><span style=\"color: #800000;\">St\u0159eda 12.10. 2016<\/span><\/h5>\n<p style=\"text-align: justify;\"><span style=\"color: #000000;\">Tr\u00e9nink mlad\u00fdch cyklist\u016f druh\u00e9 vlny venku na kolech s tren\u00e9rem\u00a0Milanem Tlamkou (776 108 046). Sraz\u00a0v 16.30 hodin na Okrouhl\u00e9 u Tlamk\u016f \u010d.117. \u00c1\u010dko MORAVCE v t\u00fddnu potr\u00e9nuje dle pokyn\u016f tren\u00e9ra\u00a0V\u00edti Prudka (731 180 096).<\/span><\/p>\n<h5 style=\"text-align: justify;\"><span style=\"color: #800000;\">P\u00e1tek 14.10.\u00a0<\/span><span style=\"color: #800000;\">2016<\/span><\/h5>\n<p style=\"text-align: justify;\">Odjezd na \u010dtvrt\u00fd z\u00e1vod \u010cP v cyklokrosu v Lounech. T\u00fdk\u00e1 se na\u0161\u00ed jednotky DPCR (do\u010dasn\u00e1 podzimn\u00ed cyklokrosov\u00e1 rota). Zde studujte\u00a0<a href=\"http:\/\/www.cyklokros.cz\/cz\/toi-toi-cup-2016\/toi-toi-cup-2016\/mlada-boleslav\/propozice\">propozice<\/a>.\u00a0Odjezd do Loun je v 11.00 z Okrouhl\u00e9, od Tlamk\u016f \u010d.117. P\u0159\u00edpadn\u00e9 individu\u00e1ln\u00ed &#8222;nalod\u011bn\u00ed se&#8220; \u0159e\u0161te s tren\u00e9rem Milanem Tlamkou.<\/p>\n<h5><span style=\"color: #800000;\">Sobota 15.10. 2016<\/span><\/h5>\n<p>\u010ctvt\u00fd z\u00e1vod \u010cP v cyklokrosu v Lounech. T\u00fdk\u00e1 se na\u0161\u00ed DPCR (do\u010dasn\u00e9 podzimn\u00ed cyklokrosov\u00e9 roty).<\/p>\n<h5><span style=\"color: #800000;\">Term\u00edny dal\u0161\u00edch bl\u00ed\u017e\u00edc\u00edch se akc\u00ed<\/span> <span style=\"color: #800000;\">v re\u017eii MORAVCE<\/span><\/h5>\n<ul>\n<li style=\"text-align: justify;\"><strong><span style=\"color: #800000;\">23.10. 2016 (ned\u011ble)<\/span><\/strong> &#8211; zakon\u010den\u00ed cyklistick\u00e9 sez\u00f3ny &#8211; hv\u011bzdicov\u00e1 j\u00edzda na rozhlednu Mal\u00fd Chlum.<\/li>\n<li style=\"text-align: justify;\"><span style=\"color: #800000;\"><strong>30.10. 2016 (ned\u011ble)<\/strong><\/span> &#8211; draki\u00e1da Drakec &#8211; MORAVEC &#8211; na tradi\u010dn\u00edm m\u00edst\u011b &#8211;\u00a0v Bene\u0161ov\u011b na louce pobl\u00ed\u017e Pavlovsk\u00e9 kaple.<\/li>\n<li style=\"text-align: justify;\"><span style=\"color: #800000;\"><strong>8.11. 2016 (\u00fater\u00fd)<\/strong><\/span> &#8211; prvn\u00ed cvi\u010den\u00ed v bene\u0161ovsk\u00e9 t\u011blocvi\u010dn\u011b pro mlad\u0161\u00ed d\u011bti. Na &#8222;Koudelkovy kapky&#8220; se budeme sch\u00e1zet\u00a0od 18.00 do 20.00.<\/li>\n<li style=\"text-align: justify;\"><strong><span style=\"color: #800000;\">11.11. (p\u00e1tek)<\/span><\/strong> &#8211; prvn\u00ed cvi\u010den\u00ed v bene\u0161ovsk\u00e9 t\u011blocvi\u010dn\u011b pro v\u0161echny d\u011bti i dosp\u011bl\u00e9. Na &#8222;Prudkov\u00e9 kapky&#8220; se budeme sch\u00e1zet v dob\u011b od 18.00 do 19.30 hodin nebo do 20.00 hodin (podle toho, zda n\u00e1s budou st\u0159\u00eddat fotbalist\u00e9 nebo nebudou).<\/li>\n<li style=\"text-align: justify;\"><strong><span style=\"color: #800000;\">11.12. (ned\u011ble)<\/span><\/strong> &#8211; n\u00e1v\u0161t\u011bva hrobu Vlastimila MORAVCE na \u00dast\u0159edn\u00edm h\u0159bitov\u011b v Brn\u011b.<\/li>\n<\/ul>\n<p style=\"text-align: justify;\">\u010casov\u00e9 dispozice v\u00fd\u0161e uv\u00e1d\u011bn\u00fdch akc\u00ed budou s dostate\u010dn\u00fdm p\u0159edstihem up\u0159esn\u011bny.<\/p>\n<p>&nbsp;<\/p>\n","protected":false},"excerpt":{"rendered":"<p>St\u0159eda 12.10. 2016 Tr\u00e9nink mlad\u00fdch cyklist\u016f druh\u00e9 vlny venku na kolech s tren\u00e9rem\u00a0Milanem Tlamkou (776 108 046). Sraz\u00a0v 16.30 hodin na Okrouhl\u00e9 u Tlamk\u016f \u010d.117. \u00c1\u010dko MORAVCE v t\u00fddnu potr\u00e9nuje dle pokyn\u016f tren\u00e9ra\u00a0V\u00edti Prudka (731 180 096). P\u00e1tek 14.10.\u00a02016 Odjezd na \u010dtvrt\u00fd z\u00e1vod \u010cP v cyklokrosu v Lounech. T\u00fdk\u00e1 se na\u0161\u00ed jednotky DPCR (do\u010dasn\u00e1 podzimn\u00ed &hellip; <a href=\"https:\/\/www.moravecteam.cz\/?p=5815\" class=\"more-link\">Pokra\u010dov\u00e1n\u00ed textu <span class=\"screen-reader-text\">Co se bude d\u00edt? (ST41)<\/span> <span class=\"meta-nav\">&rarr;<\/span><\/a><\/p>\n","protected":false},"author":3,"featured_media":5821,"comment_status":"open","ping_status":"closed","sticky":false,"template":"","format":"standard","meta":[],"categories":[11],"tags":[],"_links":{"self":[{"href":"https:\/\/www.moravecteam.cz\/index.php?rest_route=\/wp\/v2\/posts\/5815"}],"collection":[{"href":"https:\/\/www.moravecteam.cz\/index.php?rest_route=\/wp\/v2\/posts"}],"about":[{"href":"https:\/\/www.moravecteam.cz\/index.php?rest_route=\/wp\/v2\/types\/post"}],"author":[{"embeddable":true,"href":"https:\/\/www.moravecteam.cz\/index.php?rest_route=\/wp\/v2\/users\/3"}],"replies":[{"embeddable":true,"href":"https:\/\/www.moravecteam.cz\/index.php?rest_route=%2Fwp%2Fv2%2Fcomments&post=5815"}],"version-history":[{"count":7,"href":"https:\/\/www.moravecteam.cz\/index.php?rest_route=\/wp\/v2\/posts\/5815\/revisions"}],"predecessor-version":[{"id":5836,"href":"https:\/\/www.moravecteam.cz\/index.php?rest_route=\/wp\/v2\/posts\/5815\/revisions\/5836"}],"wp:featuredmedia":[{"embeddable":true,"href":"https:\/\/www.moravecteam.cz\/index.php?rest_route=\/wp\/v2\/media\/5821"}],"wp:attachment":[{"href":"https:\/\/www.moravecteam.cz\/index.php?rest_route=%2Fwp%2Fv2%2Fmedia&parent=5815"}],"wp:term":[{"taxonomy":"category","embeddable":true,"href":"https:\/\/www.moravecteam.cz\/index.php?rest_route=%2Fwp%2Fv2%2Fcategories&post=5815"},{"taxonomy":"post_tag","embeddable":true,"href":"https:\/\/www.moravecteam.cz\/index.php?rest_route=%2Fwp%2Fv2%2Ftags&post=5815"}],"curies":[{"name":"wp","href":"https:\/\/api.w.org\/{rel}","templated":true}]}}