{"id":5827,"date":"2016-10-11T20:26:53","date_gmt":"2016-10-11T18:26:53","guid":{"rendered":"http:\/\/www.moravecteam.cz\/?p=5827"},"modified":"2016-10-11T21:58:05","modified_gmt":"2016-10-11T19:58:05","slug":"svetova-adela-2","status":"publish","type":"post","link":"https:\/\/www.moravecteam.cz\/?p=5827","title":{"rendered":"Sv\u011btov\u00e1 Ad\u00e9la!"},"content":{"rendered":"<p style=\"text-align: justify;\"><strong><span style=\"color: #800000;\">V katarsk\u00e9m Douh\u00e1 bylo za \u00fa\u010dasti \u010dlenky MORAVCE zah\u00e1jeno v ned\u011bli 9. \u0159\u00edjna zah\u00e1jeno Mistrovstv\u00ed sv\u011bta v silni\u010dn\u00ed cyklistice. Leto\u0161n\u00ed dvojn\u00e1sobn\u00e1 juniorsk\u00e1 \u010desk\u00e1 silni\u010dn\u00ed \u0161ampionka Ad\u00e9la \u0160af\u00e1\u0159ov\u00e1 (NUTREND Specialized) si po startu na kontinent\u00e1ln\u00edm \u0161ampion\u00e1tu ve Francii u\u017e\u00edv\u00e1 poprv\u00e9 v \u017eivot\u011b i atmosf\u00e9ry silni\u010dn\u00edho Mistrovstv\u00ed sv\u011bta. V pond\u011bl\u00ed byla Adys popr\u00e9 ost\u0159e v akci a nedopadlo to v\u016fbec \u0161patn\u011b!\u00a0<\/span><\/strong><\/p>\n<p style=\"text-align: justify;\"><a href=\"http:\/\/www.moravecteam.cz\/?attachment_id=5833\" rel=\"attachment wp-att-5833\"><img decoding=\"async\" loading=\"lazy\" class=\"size-full wp-image-5833 alignleft\" title=\"Sez\u00f3na Ad\u00e9le \u0160af\u00e1\u0159ov\u00e9 zdaleka nekon\u010d\u00ed. Po silni\u010dn\u00edm sv\u011btov\u00e9m \u0161ampion\u00e1tu v Dauh\u00e1 ji \u010dek\u00e1 je\u0161t\u011b n\u011bkolik z\u00e1vod\u016f \u010cP v cyklokrosu, v\u010detn\u011b toho mistrovsk\u00e9ho.\" alt=\"p1280289\" src=\"http:\/\/www.moravecteam.cz\/wp-content\/uploads\/2016\/10\/P1280289.jpg\" width=\"255\" height=\"400\" srcset=\"https:\/\/www.moravecteam.cz\/wp-content\/uploads\/2016\/10\/P1280289.jpg 255w, https:\/\/www.moravecteam.cz\/wp-content\/uploads\/2016\/10\/P1280289-191x300.jpg 191w\" sizes=\"(max-width: 255px) 100vw, 255px\" \/><\/a>V konkurenci 40 soupe\u0159ek se <span style=\"color: #800000;\"><strong>Ad\u00e9la \u0160af\u00e1\u0159ov\u00e1<\/strong><\/span> dokzala ve vra\u017eedn\u00e9m horku prosadit do TOP 30! Posunula tak nejlep\u0161\u00ed odd\u00edlov\u00fd v\u00fdsledek v r\u00e1mci TOP sv\u011btov\u00e9ho silni\u010dn\u00edho z\u00e1vodu, p\u0159i\u010dem\u017e m\u00e1 je\u0161t\u011b p\u0159ed sebou p\u00e1te\u010dn\u00ed z\u00e1vod s hromadn\u00fdm startem. Borka, kter\u00e1 je zvykl\u00e1 na pon\u011bkud jin\u00e9 klimatick\u00e9 odm\u00ednky, se s extr\u00e9mn\u00edmi teplotami dok\u00e1zala vyrovnat stejn\u011b v\u00fdborn\u011b, jako s pro ni nezvyklou, rovinatou trat\u00ed. &#8222;High&#8220; teploty, kter\u00e9 v katarsk\u00e9m letovisku panuj\u00ed, jsou skute\u010dn\u011b pro vrcholovou cyklistiku nezvykl\u00e9 a d\u00e1 se \u0159\u00edci, \u017ee i nevhodn\u00e9&#8230; Nav\u00edc m\u00edstn\u00ed \u0161ejci tomuto sportu p\u0159\u00edli\u0161 neholduj\u00ed, tak\u017ee se \u0161ampion\u00e1t odehr\u00e1v\u00e1 za &#8211; v\u00edce \/ m\u00e9n\u011b &#8211; div\u00e1ck\u00e9ho nez\u00e1jmu&#8230; Adaptabiln\u00ed Ad\u00e9le \u0160af\u00e1\u0159ov\u00e9 tyto skute\u010dnosti ale evidentn\u011b nikterak nevad\u00ed o \u010dem\u017e sv\u011bd\u010d\u00ed jej\u00ed v\u00fdborn\u00fd pond\u011bln\u00ed v\u00fdkon i v\u00fdsledek. A budeme j\u00ed mocn\u011b ma\u010dkat pale\u010dky i v p\u00e1tek, p\u0159i z\u00e1vod\u011b s hromadn\u00fdm startem. Zde studujte <strong><a href=\"http:\/\/www.ceskysvazcyklistiky.cz\/clanek\/5083_juniorka-safarova-na-ms-v-casovce-tricata\">z\u00e1kladn\u00ed ofici\u00e1ln\u00ed info<\/a><\/strong> z jej\u00edho startu, ve kter\u00e9m nesouhlas\u00edm se z\u00e1pisem o jej\u00edm um\u00edst\u011bn\u00ed &#8211; &#8222;a\u017e na t\u0159ic\u00e1t\u00e9m m\u00edst\u011b&#8220;. \u00a0Autorovi tohoto \u010dl\u00e1nku Jardovi C\u00edchovi si dovol\u00edm p\u0159ipomenout, \u017ee Ad\u00e9la \u0160af\u00e1\u0159ov\u00e1 je &#8222;kovan\u00e1&#8220; bikerka a to, \u017ee se v konkurenci sv\u00fdch soupe\u0159ek, silni\u010d\u00e1\u0159sk\u00fdch specialistek um\u00edstila, jak um\u00edstila je v\u00fdborn\u00fdm v\u00fdsledkem. A za t\u00edm si stoj\u00edm. Jarda by se m\u011bl mo\u017en\u00e1 sp\u00ed\u0161e zamyslet ve sv\u00e9 report\u00e1\u017ei nad t\u00edm, pro\u010d mus\u00ed bike\u0159i (v tomto p\u0159\u00edpad\u011b pr\u00e1v\u011b bikerka) zachra\u0148ovat na sv\u011btov\u00e9m \u0161ampion\u00e1tu \u010dest \u010desk\u00e9 juniorsk\u00e9 d\u00edv\u010d\u00ed silni\u010dn\u00ed cyklistiky? Nen\u00ed n\u011bkde v syst\u00e9mu n\u011bco \u0161patn\u011b? No a zde omrkn\u011bte <strong><a href=\"https:\/\/www.youtube.com\/watch?v=5dLytii-N7s\">dal\u0161\u00ed info z prob\u00edhaj\u00edc\u00ed pou\u0161tn\u00ed mise<\/a><\/strong> na\u0161ich cyklist\u016f.<\/p>\n","protected":false},"excerpt":{"rendered":"<p>V katarsk\u00e9m Douh\u00e1 bylo za \u00fa\u010dasti \u010dlenky MORAVCE zah\u00e1jeno v ned\u011bli 9. \u0159\u00edjna zah\u00e1jeno Mistrovstv\u00ed sv\u011bta v silni\u010dn\u00ed cyklistice. Leto\u0161n\u00ed dvojn\u00e1sobn\u00e1 juniorsk\u00e1 \u010desk\u00e1 silni\u010dn\u00ed \u0161ampionka Ad\u00e9la \u0160af\u00e1\u0159ov\u00e1 (NUTREND Specialized) si po startu na kontinent\u00e1ln\u00edm \u0161ampion\u00e1tu ve Francii u\u017e\u00edv\u00e1 poprv\u00e9 v \u017eivot\u011b i atmosf\u00e9ry silni\u010dn\u00edho Mistrovstv\u00ed sv\u011bta. V pond\u011bl\u00ed byla Adys popr\u00e9 ost\u0159e v akci a &hellip; <a href=\"https:\/\/www.moravecteam.cz\/?p=5827\" class=\"more-link\">Pokra\u010dov\u00e1n\u00ed textu <span class=\"screen-reader-text\">Sv\u011btov\u00e1 Ad\u00e9la!<\/span> <span class=\"meta-nav\">&rarr;<\/span><\/a><\/p>\n","protected":false},"author":3,"featured_media":5832,"comment_status":"open","ping_status":"closed","sticky":false,"template":"","format":"standard","meta":[],"categories":[1],"tags":[],"_links":{"self":[{"href":"https:\/\/www.moravecteam.cz\/index.php?rest_route=\/wp\/v2\/posts\/5827"}],"collection":[{"href":"https:\/\/www.moravecteam.cz\/index.php?rest_route=\/wp\/v2\/posts"}],"about":[{"href":"https:\/\/www.moravecteam.cz\/index.php?rest_route=\/wp\/v2\/types\/post"}],"author":[{"embeddable":true,"href":"https:\/\/www.moravecteam.cz\/index.php?rest_route=\/wp\/v2\/users\/3"}],"replies":[{"embeddable":true,"href":"https:\/\/www.moravecteam.cz\/index.php?rest_route=%2Fwp%2Fv2%2Fcomments&post=5827"}],"version-history":[{"count":6,"href":"https:\/\/www.moravecteam.cz\/index.php?rest_route=\/wp\/v2\/posts\/5827\/revisions"}],"predecessor-version":[{"id":5837,"href":"https:\/\/www.moravecteam.cz\/index.php?rest_route=\/wp\/v2\/posts\/5827\/revisions\/5837"}],"wp:featuredmedia":[{"embeddable":true,"href":"https:\/\/www.moravecteam.cz\/index.php?rest_route=\/wp\/v2\/media\/5832"}],"wp:attachment":[{"href":"https:\/\/www.moravecteam.cz\/index.php?rest_route=%2Fwp%2Fv2%2Fmedia&parent=5827"}],"wp:term":[{"taxonomy":"category","embeddable":true,"href":"https:\/\/www.moravecteam.cz\/index.php?rest_route=%2Fwp%2Fv2%2Fcategories&post=5827"},{"taxonomy":"post_tag","embeddable":true,"href":"https:\/\/www.moravecteam.cz\/index.php?rest_route=%2Fwp%2Fv2%2Ftags&post=5827"}],"curies":[{"name":"wp","href":"https:\/\/api.w.org\/{rel}","templated":true}]}}