{"id":5845,"date":"2016-10-12T07:06:02","date_gmt":"2016-10-12T05:06:02","guid":{"rendered":"http:\/\/www.moravecteam.cz\/?p=5845"},"modified":"2016-10-12T19:45:50","modified_gmt":"2016-10-12T17:45:50","slug":"klidna-sila","status":"publish","type":"post","link":"https:\/\/www.moravecteam.cz\/?p=5845","title":{"rendered":"Klidn\u00e1 s\u00edla&#8230;"},"content":{"rendered":"<p style=\"text-align: justify;\"><strong><span style=\"color: #800000;\">Od leto\u0161n\u00edho roku za n\u00e1s z\u00e1vod\u00ed mlad\u00fd borec ze Svit\u00e1vky &#8211; Vojta Lepka. Chlapec s cyklistick\u00fdmi\u00a0ko\u0159eny, kter\u00e9ho na z\u00e1vody zpravidla doprov\u00e1z\u00ed babi\u010dka a vlastn\u011b v jedn\u00e9 osob\u011b i tren\u00e9rka, mana\u017eerka&#8230; Krom\u011b MTB Poh\u00e1ru Drahansk\u00e9 vrchoviny se &#8211; jinak student &#8211; Vojta v r\u00e1mci mo\u017enost\u00ed \u00fa\u010dastn\u00ed i dal\u0161\u00edch cyklistick\u00fdch podnik\u016f a to nejen v regionu. A o jednom takov\u00e9m, kter\u00e9ho byl n\u00e1\u0161 reprezentant \u00a0p\u0159ed m\u011bs\u00edcem \u00fa\u010dastn\u00edkem, se chci zm\u00ednit v tomto \u010dl\u00e1nku.<\/span><\/strong><\/p>\n<figure id=\"attachment_5846\" aria-describedby=\"caption-attachment-5846\" style=\"width: 520px\" class=\"wp-caption alignnone\"><a href=\"http:\/\/www.moravecteam.cz\/?attachment_id=5846\" rel=\"attachment wp-att-5846\"><img decoding=\"async\" loading=\"lazy\" class=\" wp-image-5846\" alt=\"20160910_103123\" src=\"http:\/\/www.moravecteam.cz\/wp-content\/uploads\/2016\/10\/20160910_103123.jpg\" width=\"520\" height=\"476\" srcset=\"https:\/\/www.moravecteam.cz\/wp-content\/uploads\/2016\/10\/20160910_103123.jpg 520w, https:\/\/www.moravecteam.cz\/wp-content\/uploads\/2016\/10\/20160910_103123-300x274.jpg 300w\" sizes=\"(max-width: 520px) 100vw, 520px\" \/><\/a><figcaption id=\"caption-attachment-5846\" class=\"wp-caption-text\">Vojta p\u0159e aplikac\u00ed &#8222;znojemsk\u00e9ho bur\u010d\u00e1ku&#8220;&#8230;<\/figcaption><\/figure>\n<p style=\"text-align: justify;\">Jako jedin\u00fd z MORAVC\u016e, kter\u00fd se nap\u0159\u00edklad na ja\u0159e z\u00fa\u010dastnil v Brn\u011b &#8222;Mil\u010dova kole\u010dka&#8220; (z\u00e1vod na po\u010dest ji\u017e ne\u017eij\u00edc\u00edho b\u00fdval\u00e9ho v\u00fdborn\u00e9ho \u010desk\u00e9ho silni\u010d\u00e1\u0159e Milo\u0161e Hrazd\u00edry) a\u00a0byl p\u0159\u00edm\u00fdm \u00fa\u010dastn\u00edkem i Znojmo bur\u010d\u00e1k tour Kooperativy, kter\u00e9\u00a0se jelo jako MTB maraton v r\u00e1mci seri\u00e1lu Kolo pro \u017eivot. V\u00a0kategorii chlapc\u016f 17-22 let si to rozdal s konkurenc\u00ed bez m\u00e1la pades\u00e1ti vrstevn\u00edk\u016f.\u00a0 Soupe\u0159i mu byli takov\u00ed borci jako nap\u0159\u00edklad Honza Rajchart ze &#8222;Spo\u0159ky&#8220; nebo Martin Sto\u0161ek ze &#8222;Symbia&#8220;. Vojta fini\u0161oval na &#8222;b\u00e9\u010dkov\u00e9&#8220; trati (57 km) v \u010dase 2:19:08,3 jako 38. v po\u0159ad\u00ed a sv\u00fdm v\u00fdkonem a v\u00fdsledkem prok\u00e1zal vysokou m\u00edru bikersk\u00e9ho kum\u0161tu! Zde si m\u016f\u017eete ov\u011b\u0159it jeho <a href=\"http:\/\/kolopro.cz\/zavody\/results\/465\"><strong>znojemsk\u00fd v\u00fdsledek<\/strong><\/a>.<\/p>\n<figure id=\"attachment_5848\" aria-describedby=\"caption-attachment-5848\" style=\"width: 620px\" class=\"wp-caption alignnone\"><a href=\"http:\/\/www.moravecteam.cz\/?attachment_id=5848\" rel=\"attachment wp-att-5848\"><img decoding=\"async\" loading=\"lazy\" class=\" wp-image-5848\" alt=\"20160910_140549\" src=\"http:\/\/www.moravecteam.cz\/wp-content\/uploads\/2016\/10\/20160910_140549.jpg\" width=\"620\" height=\"539\" srcset=\"https:\/\/www.moravecteam.cz\/wp-content\/uploads\/2016\/10\/20160910_140549.jpg 620w, https:\/\/www.moravecteam.cz\/wp-content\/uploads\/2016\/10\/20160910_140549-300x260.jpg 300w\" sizes=\"(max-width: 620px) 100vw, 620px\" \/><\/a><figcaption id=\"caption-attachment-5848\" class=\"wp-caption-text\">Vojta po aplikaci &#8222;znojemsk\u00e9ho bur\u010d\u00e1ku&#8220; (MTB maraton 57 km, 10.9.2016)&#8230;<\/figcaption><\/figure>\n<p style=\"text-align: justify;\">Nav\u00edc byl Vojta Lepka letos, spolu se sv\u00fdm kamar\u00e1dem, jedn\u00edm z kl\u00ed\u010dov\u00fdch pomocn\u00edk\u016f p\u0159i p\u0159\u00edprav\u011b fin\u00e1lov\u00e9ho z\u00e1vodu MTB Poh\u00e1ru Drahansk\u00e9 vrchoviny v Boskovic\u00edch. Pracoval p\u0159edev\u0161\u00edm ve skupin\u011b vedouc\u00edho trat\u00ed Milana \u0160af\u00e1\u0159e, kter\u00fd si dvojici pomocn\u00edk\u016f ze Svit\u00e1vky nemohl vynachv\u00e1lit. A kdy\u017e Milan \u0160af\u00e1\u0159 chv\u00e1l\u00ed, tak to u\u017e opravdu mus\u00ed b\u00fdt n\u011bco..! Jako aktivn\u00ed \u00fa\u010dastn\u00edk leto\u0161n\u00ed MTB &#8222;Vrchoviny&#8220; bral Vojta v kategorii v konkurenci 29\u00a0junior\u016f a kadet\u016f v po\u0159ad\u00ed OPEN se ziskem 369 bod\u016f celkov\u00e9 7. m\u00edsto, kdy\u017e ve v\u00fdslekov\u00e9 listin\u011b nechal za sebou takov\u00e9 borce, jak\u00fdmi \u0160t\u011bp\u00e1n Stloukal (KC Kooperativa) , Jakub Letev (MG Bike Team) \u010di Jakub \u0158\u00edman (SK Ji\u0159\u00ed Team) beze sporu jsou&#8230; D\u00edky Vojto, \u017ee jsi s n\u00e1mi, d\u00edky za vzorn\u00e9 repre MORAVCE,\u00a0d\u00edky za Tvoji klidnou s\u00edlu..!<\/p>\n","protected":false},"excerpt":{"rendered":"<p>Od leto\u0161n\u00edho roku za n\u00e1s z\u00e1vod\u00ed mlad\u00fd borec ze Svit\u00e1vky &#8211; Vojta Lepka. Chlapec s cyklistick\u00fdmi\u00a0ko\u0159eny, kter\u00e9ho na z\u00e1vody zpravidla doprov\u00e1z\u00ed babi\u010dka a vlastn\u011b v jedn\u00e9 osob\u011b i tren\u00e9rka, mana\u017eerka&#8230; Krom\u011b MTB Poh\u00e1ru Drahansk\u00e9 vrchoviny se &#8211; jinak student &#8211; Vojta v r\u00e1mci mo\u017enost\u00ed \u00fa\u010dastn\u00ed i dal\u0161\u00edch cyklistick\u00fdch podnik\u016f a to nejen v regionu. A &hellip; <a href=\"https:\/\/www.moravecteam.cz\/?p=5845\" class=\"more-link\">Pokra\u010dov\u00e1n\u00ed textu <span class=\"screen-reader-text\">Klidn\u00e1 s\u00edla&#8230;<\/span> <span class=\"meta-nav\">&rarr;<\/span><\/a><\/p>\n","protected":false},"author":3,"featured_media":5847,"comment_status":"open","ping_status":"closed","sticky":false,"template":"","format":"standard","meta":[],"categories":[1],"tags":[],"_links":{"self":[{"href":"https:\/\/www.moravecteam.cz\/index.php?rest_route=\/wp\/v2\/posts\/5845"}],"collection":[{"href":"https:\/\/www.moravecteam.cz\/index.php?rest_route=\/wp\/v2\/posts"}],"about":[{"href":"https:\/\/www.moravecteam.cz\/index.php?rest_route=\/wp\/v2\/types\/post"}],"author":[{"embeddable":true,"href":"https:\/\/www.moravecteam.cz\/index.php?rest_route=\/wp\/v2\/users\/3"}],"replies":[{"embeddable":true,"href":"https:\/\/www.moravecteam.cz\/index.php?rest_route=%2Fwp%2Fv2%2Fcomments&post=5845"}],"version-history":[{"count":5,"href":"https:\/\/www.moravecteam.cz\/index.php?rest_route=\/wp\/v2\/posts\/5845\/revisions"}],"predecessor-version":[{"id":5853,"href":"https:\/\/www.moravecteam.cz\/index.php?rest_route=\/wp\/v2\/posts\/5845\/revisions\/5853"}],"wp:featuredmedia":[{"embeddable":true,"href":"https:\/\/www.moravecteam.cz\/index.php?rest_route=\/wp\/v2\/media\/5847"}],"wp:attachment":[{"href":"https:\/\/www.moravecteam.cz\/index.php?rest_route=%2Fwp%2Fv2%2Fmedia&parent=5845"}],"wp:term":[{"taxonomy":"category","embeddable":true,"href":"https:\/\/www.moravecteam.cz\/index.php?rest_route=%2Fwp%2Fv2%2Fcategories&post=5845"},{"taxonomy":"post_tag","embeddable":true,"href":"https:\/\/www.moravecteam.cz\/index.php?rest_route=%2Fwp%2Fv2%2Ftags&post=5845"}],"curies":[{"name":"wp","href":"https:\/\/api.w.org\/{rel}","templated":true}]}}