{"id":5855,"date":"2016-10-15T08:34:02","date_gmt":"2016-10-15T06:34:02","guid":{"rendered":"http:\/\/www.moravecteam.cz\/?p=5855"},"modified":"2016-10-15T10:17:41","modified_gmt":"2016-10-15T08:17:41","slug":"cyklokrosove-stredy","status":"publish","type":"post","link":"https:\/\/www.moravecteam.cz\/?p=5855","title":{"rendered":"Cyklokrosov\u00e9 st\u0159edy&#8230;"},"content":{"rendered":"<p style=\"text-align: justify;\"><span style=\"color: #800000;\"><strong>&#8230;odstartovaly\u00a0v minul\u00e9m t\u00fddnu\u00a0na ji\u017e z minula\u00a0osv\u011bd\u010den\u00fdch trat\u00edch v Brn\u011b, v okol\u00ed Anthroposu. Na \u00favod byl hned &#8222;quartet&#8220; MORAVC\u016e ost\u0159e p\u0159i tom a z uv\u00e1d\u011bn\u00e9ho po\u010dtu na\u0161ich startuj\u00edc\u00edch se hned t\u0159i z nich mohli t\u011b\u0161it z\u00a0&#8222;bedny&#8220;. P\u0159i\u010dem\u017e tato byla dvakr\u00e1t\u00a0 zlat\u00e1 a jednou st\u0159\u00edbrn\u00e1! To napov\u00edd\u00e1 o vysok\u00e9m cyklokrosa\u0159sk\u00e9m standardu na\u0161ich rajdr\u016f v aktu\u00e1ln\u011b prob\u00edhaj\u00edc\u00ed cyklokrosa\u0159sk\u00e9 sez\u00f3n\u011b. A pro Janu Tesa\u0159ovou bylo Brno ur\u010dit\u011b kvalitn\u00ed &#8222;rozplavbou&#8220; na sobotn\u00ed z\u00e1vod &#8222;1. ligy&#8220; v t\u00e9to cyklistick\u00e9 discipl\u00edn\u011b &#8211; na \u010desk\u00fd poh\u00e1r v Lounech.\u00a0<\/strong><\/span><\/p>\n<figure id=\"attachment_5870\" aria-describedby=\"caption-attachment-5870\" style=\"width: 631px\" class=\"wp-caption alignnone\"><a href=\"http:\/\/www.moravecteam.cz\/?attachment_id=5870\" rel=\"attachment wp-att-5870\"><img decoding=\"async\" loading=\"lazy\" class=\" wp-image-5870\" alt=\"p1290053\" src=\"http:\/\/www.moravecteam.cz\/wp-content\/uploads\/2016\/10\/P1290053.jpg\" width=\"631\" height=\"748\" srcset=\"https:\/\/www.moravecteam.cz\/wp-content\/uploads\/2016\/10\/P1290053.jpg 631w, https:\/\/www.moravecteam.cz\/wp-content\/uploads\/2016\/10\/P1290053-253x300.jpg 253w\" sizes=\"(max-width: 631px) 100vw, 631px\" \/><\/a><figcaption id=\"caption-attachment-5870\" class=\"wp-caption-text\">Roman \u0160indel\u00e1\u0159 si od startu hl\u00eddal \u010delo z\u00e1vodu.<\/figcaption><\/figure>\n<p style=\"text-align: justify;\">Cyklokrosa\u0159sk\u00e1 &#8222;race&#8220; byla \u0159e\u0161ena pouho-pouh\u00fdmi dv\u011bma(!) starty (koment\u00e1\u0159 k tomuto uvedu v z\u00e1v\u011bru \u010dl\u00e1nku), p\u0159i\u010dem\u017e v tom prvn\u00edm vyrazili na tra\u0165 \u017e\u00e1ci. Sou\u010d\u00e1st\u00ed jejich sme\u010dky byl i n\u00e1\u0161 <span style=\"color: #800000;\"><strong>Roman \u0160indel\u00e1\u0159<\/strong><\/span> a po kvalitn\u00edm v\u00fdkonu to byl pr\u00e1v\u011b on, kdo vydobyl pro na\u0161e barvy jednu z v\u00fd\u0161e avizovan\u00fdch &#8222;placek&#8220; &#8211; st\u0159\u00edbrnou! Roman podlehl pouze jedn\u00e9 z &#8222;hv\u011bzdi\u010dek&#8220; leto\u0161n\u00ed MTB &#8222;Vrchoviny&#8220;, Michalu Kupsk\u00e9mu (SKKP Brno &#8211; jel z\u00e1vod na horsk\u00e9m kole &#8211; pravidla s\u00e9rie toto dovoluj\u00ed).<\/p>\n<figure id=\"attachment_5868\" aria-describedby=\"caption-attachment-5868\" style=\"width: 515px\" class=\"wp-caption alignnone\"><a href=\"http:\/\/www.moravecteam.cz\/?attachment_id=5868\" rel=\"attachment wp-att-5868\"><img decoding=\"async\" loading=\"lazy\" class=\" wp-image-5868\" alt=\"p1290090\" src=\"http:\/\/www.moravecteam.cz\/wp-content\/uploads\/2016\/10\/P1290090.jpg\" width=\"515\" height=\"700\" srcset=\"https:\/\/www.moravecteam.cz\/wp-content\/uploads\/2016\/10\/P1290090.jpg 515w, https:\/\/www.moravecteam.cz\/wp-content\/uploads\/2016\/10\/P1290090-220x300.jpg 220w\" sizes=\"(max-width: 515px) 100vw, 515px\" \/><\/a><figcaption id=\"caption-attachment-5868\" class=\"wp-caption-text\">Honza &#8222;D\u017eony&#8220; \u0160indel\u00e1\u0159 p\u0159i u\u010debnicov\u00e9m p\u0159ekon\u00e1v\u00e1n\u00ed um\u011bl\u00e9 tra\u0165ov\u00e9 p\u0159ek\u00e1\u017eky.<\/figcaption><\/figure>\n<p style=\"text-align: justify;\">Ve druh\u00e9m &#8222;dosp\u011bl\u00e9m&#8220; startu jsme m\u011bli ve startovn\u00edm poli hned t\u0159i z\u00e1stupce. A zejm\u00e9na na\u0161e &#8222;mlad\u00e9 pu\u0161ky&#8220; &#8211; jmenovit\u011b <strong><span style=\"color: #800000;\">Jana &#8222;D\u017eejn&#8220; Tesa\u0159ov\u00e1<\/span><\/strong>\u00a0s <strong><span style=\"color: #800000;\">Honzou &#8222;D\u017eony&#8220; \u0160indel\u00e1\u0159em<\/span><\/strong> notn\u011b m\u00edchali &#8211; p\u0159edev\u0161\u00edm v prvn\u00ed polovin\u011b z\u00e1vodu &#8211; karty na \u010dele z\u00e1vodu a bez probl\u00e9m\u016f dr\u017eeli krok s elitou.\u00a0V c\u00edli z toho byla dv\u011b jasn\u00e1 prvenstv\u00ed: Honza ovl\u00e1dl suver\u00e9nn\u011b kategorii kadet\u016f a Jana zase obdobn\u011b kategorii juniorek. V\u0161e v kategorii mu\u017e\u016f ELITE dotvo\u0159il t\u00e1ta <span style=\"color: #800000;\"><strong>Honza \u0160indel\u00e1\u0159<\/strong><\/span>, kter\u00fd tak\u00e9 &#8222;mlad\u00e9 vlky&#8220; ve startu mu\u017e\u016f ELITE hodn\u011b proh\u00e1n\u011bl!\u00a0Po jeho kvalitn\u00edm v\u00fdkonu chyb\u011blo jen m\u00e1lo k tomu, aby pronikl ve v\u00fdsledkov\u00fdch listin\u00e1ch do TOP 10! \u00a0D\u00edky na\u0161im t\u0159em mu\u0161ket\u00fdr\u016fm a jedn\u00e9 mu\u0161ket\u00fdrce za vzorn\u00e9 repre MORAVCE a ke v\u0161em t\u0159em na\u0161im medailist\u016fm let\u00ed gratulova\u010dka! Zde si ov\u011b\u0159te v\u00fdsledky, a zde mrkn\u011bte na bohatou fotogalerii.<\/p>\n<figure id=\"attachment_5869\" aria-describedby=\"caption-attachment-5869\" style=\"width: 478px\" class=\"wp-caption alignnone\"><a href=\"http:\/\/www.moravecteam.cz\/?attachment_id=5869\" rel=\"attachment wp-att-5869\"><img decoding=\"async\" loading=\"lazy\" class=\" wp-image-5869\" alt=\"p1290139\" src=\"http:\/\/www.moravecteam.cz\/wp-content\/uploads\/2016\/10\/P1290139.jpg\" width=\"478\" height=\"705\" srcset=\"https:\/\/www.moravecteam.cz\/wp-content\/uploads\/2016\/10\/P1290139.jpg 478w, https:\/\/www.moravecteam.cz\/wp-content\/uploads\/2016\/10\/P1290139-203x300.jpg 203w\" sizes=\"(max-width: 478px) 100vw, 478px\" \/><\/a><figcaption id=\"caption-attachment-5869\" class=\"wp-caption-text\">Jana &#8222;D\u017eejn&#8220; Tesa\u0159ov\u00e1 v um\u011bl\u00e9 kamenit\u00e9 pas\u00e1\u017ei trat\u011b, kterou zn\u00e1me ze z\u00e1vod\u016f MTB.<\/figcaption><\/figure>\n<p style=\"text-align: justify;\">Vzhledem k po\u010dtu startuj\u00edc\u00edch a v\u016fbec docela pozitivn\u00edmu rozvoji t\u00e9to aktivity, by m\u011bli mo\u017en\u00e1 po\u0159adatel\u00e9 zv\u00e1\u017eit uspo\u0159\u00e1d\u00e1n\u00ed t\u011bchto z\u00e1vod\u016f &#8211; jak je v\u0161eobecn\u00fdm zvykem &#8211; o v\u00edkendov\u00fdch dnech. Jde-li po\u0159adateli &#8211; a j\u00e1 v\u011b\u0159\u00edm, \u017ee jo &#8211; o aktivaci cyklokrosa\u0159sk\u00e9ho ml\u00e1de\u017enick\u00e9ho pot\u011bru &#8211; tak bych se toho &#8211; p\u0159i proveden\u00ed precizn\u00ed propagace a odstran\u011bn\u00ed aktu\u00e1ln\u00edch hluch\u00fdch m\u00edst v r\u00e1mci po\u0159\u00e1d\u00e1n\u00ed z\u00e1vod\u016f (m\u00e1m na mysli hlavn\u011b nutnost razantn\u00edho vylep\u0161en\u00ed odm\u011b\u0148ov\u00e1n\u00ed &#8211; p\u0159edev\u0161\u00edm d\u011btsk\u00fdch kategori\u00ed, kter\u00e9 po kvalitn\u00ed odm\u011bn\u011b v\u017edy vysloven\u011b prahnou) &#8211; v\u016fbec neb\u00e1l&#8230; A co\u00a0se t\u011bch odm\u011bn t\u00fd\u010de:\u00a0pro\u00a0hlavn\u00edho po\u0159adatele &#8211; \u00a0Favorit Brno nebude ur\u010dit\u011b &#8211; ve spolupr\u00e1ci &#8211; nap\u0159\u00edklad s\u00a0\u00a0Jihomoravsk\u00fdm svazem cyklistiky\u00a0&#8211; probl\u00e9m na t\u00e9to v\u011bci zapracovat, tak, aby se tento kl\u00ed\u010dov\u00fd prvek dostal \u00farovn\u00ed do zaslou\u017een\u00e9, d\u016fstojn\u00e9 &#8211; dvou jmenovan\u00fdm organizac\u00edm odpov\u00eddaj\u00edc\u00ed &#8211; polohy. Zde si ov\u011b\u0159te <a href=\"http:\/\/www.favoritbrno.cz\/sportovni-akce-a-vysledky.php\"><strong>z Brna v\u00fdsledky<\/strong><\/a>, a zde mrkn\u011bte na <a href=\"http:\/\/cefra.rajce.idnes.cz\/Brnensky_Cyklokrosovy_Pohar_1_-_12._10._2016\/\"><strong>bohatou fotogalerii<\/strong><\/a>. Z posledn\u00edch fotek je patrn\u00e9, \u017ee z\u00e1vod kon\u010d\u00ed prakticky za tmy, co\u017e je o d\u016fvod v\u00edc n\u011bco s term\u00ednem ud\u011blat&#8230;<\/p>\n<figure id=\"attachment_5867\" aria-describedby=\"caption-attachment-5867\" style=\"width: 567px\" class=\"wp-caption alignnone\"><a href=\"http:\/\/www.moravecteam.cz\/?attachment_id=5867\" rel=\"attachment wp-att-5867\"><img decoding=\"async\" loading=\"lazy\" class=\" wp-image-5867\" alt=\"p1290047\" src=\"http:\/\/www.moravecteam.cz\/wp-content\/uploads\/2016\/10\/P1290047.jpg\" width=\"567\" height=\"633\" srcset=\"https:\/\/www.moravecteam.cz\/wp-content\/uploads\/2016\/10\/P1290047.jpg 567w, https:\/\/www.moravecteam.cz\/wp-content\/uploads\/2016\/10\/P1290047-268x300.jpg 268w\" sizes=\"(max-width: 567px) 100vw, 567px\" \/><\/a><figcaption id=\"caption-attachment-5867\" class=\"wp-caption-text\">Honza \u0160indel\u00e1\u0159 p\u0159i uk\u00e1zkov\u00e9 v\u00fduce &#8222;mlad\u00fdch k\u00e1dr\u016f&#8220;&#8230;<\/figcaption><\/figure>\n<p style=\"text-align: justify;\">\n","protected":false},"excerpt":{"rendered":"<p>&#8230;odstartovaly\u00a0v minul\u00e9m t\u00fddnu\u00a0na ji\u017e z minula\u00a0osv\u011bd\u010den\u00fdch trat\u00edch v Brn\u011b, v okol\u00ed Anthroposu. Na \u00favod byl hned &#8222;quartet&#8220; MORAVC\u016e ost\u0159e p\u0159i tom a z uv\u00e1d\u011bn\u00e9ho po\u010dtu na\u0161ich startuj\u00edc\u00edch se hned t\u0159i z nich mohli t\u011b\u0161it z\u00a0&#8222;bedny&#8220;. P\u0159i\u010dem\u017e tato byla dvakr\u00e1t\u00a0 zlat\u00e1 a jednou st\u0159\u00edbrn\u00e1! To napov\u00edd\u00e1 o vysok\u00e9m cyklokrosa\u0159sk\u00e9m standardu na\u0161ich rajdr\u016f v aktu\u00e1ln\u011b prob\u00edhaj\u00edc\u00ed cyklokrosa\u0159sk\u00e9 &hellip; <a href=\"https:\/\/www.moravecteam.cz\/?p=5855\" class=\"more-link\">Pokra\u010dov\u00e1n\u00ed textu <span class=\"screen-reader-text\">Cyklokrosov\u00e9 st\u0159edy&#8230;<\/span> <span class=\"meta-nav\">&rarr;<\/span><\/a><\/p>\n","protected":false},"author":3,"featured_media":5866,"comment_status":"open","ping_status":"closed","sticky":false,"template":"","format":"standard","meta":[],"categories":[1],"tags":[],"_links":{"self":[{"href":"https:\/\/www.moravecteam.cz\/index.php?rest_route=\/wp\/v2\/posts\/5855"}],"collection":[{"href":"https:\/\/www.moravecteam.cz\/index.php?rest_route=\/wp\/v2\/posts"}],"about":[{"href":"https:\/\/www.moravecteam.cz\/index.php?rest_route=\/wp\/v2\/types\/post"}],"author":[{"embeddable":true,"href":"https:\/\/www.moravecteam.cz\/index.php?rest_route=\/wp\/v2\/users\/3"}],"replies":[{"embeddable":true,"href":"https:\/\/www.moravecteam.cz\/index.php?rest_route=%2Fwp%2Fv2%2Fcomments&post=5855"}],"version-history":[{"count":11,"href":"https:\/\/www.moravecteam.cz\/index.php?rest_route=\/wp\/v2\/posts\/5855\/revisions"}],"predecessor-version":[{"id":5872,"href":"https:\/\/www.moravecteam.cz\/index.php?rest_route=\/wp\/v2\/posts\/5855\/revisions\/5872"}],"wp:featuredmedia":[{"embeddable":true,"href":"https:\/\/www.moravecteam.cz\/index.php?rest_route=\/wp\/v2\/media\/5866"}],"wp:attachment":[{"href":"https:\/\/www.moravecteam.cz\/index.php?rest_route=%2Fwp%2Fv2%2Fmedia&parent=5855"}],"wp:term":[{"taxonomy":"category","embeddable":true,"href":"https:\/\/www.moravecteam.cz\/index.php?rest_route=%2Fwp%2Fv2%2Fcategories&post=5855"},{"taxonomy":"post_tag","embeddable":true,"href":"https:\/\/www.moravecteam.cz\/index.php?rest_route=%2Fwp%2Fv2%2Ftags&post=5855"}],"curies":[{"name":"wp","href":"https:\/\/api.w.org\/{rel}","templated":true}]}}