{"id":5873,"date":"2016-10-15T11:17:58","date_gmt":"2016-10-15T09:17:58","guid":{"rendered":"http:\/\/www.moravecteam.cz\/?p=5873"},"modified":"2016-10-17T22:00:54","modified_gmt":"2016-10-17T20:00:54","slug":"adela-horka-prezila","status":"publish","type":"post","link":"https:\/\/www.moravecteam.cz\/?p=5873","title":{"rendered":"Smoln\u00fd z\u00e1vod v Dauh\u00e1&#8230;"},"content":{"rendered":"<p style=\"text-align: justify;\"><strong><span style=\"color: #800000;\">Mistrovstv\u00ed sv\u011bta v silni\u010dn\u00ed cyklistice v katarsk\u00e9m Dauh\u00e1 vrchol\u00ed. V p\u00e1tek si to na rovinat\u00fdch trat\u00edch op\u011bt za nep\u0159\u00edjemn\u011b extr\u00e9m\u011b hork\u00e9ho po\u010das\u00ed rozdali junio\u0159i a juniorky. V akci byla\u00a0podle pl\u00e1nu i\u00a0Ad\u00e9la\u0160af\u00e1\u0159ov\u00e1 a z\u00e1vod zvl\u00e1dla, stejn\u011b jako \u010dasovku, se ct\u00ed! Op\u011bt uk\u00e1zala svoji vysokou cyklistickou univerz\u00e1lnost a potvrdila, \u017ee \u017e\u00e1dn\u00e1 z cyklistick\u00fdch discipl\u00edn j\u00ed nen\u00ed ciz\u00ed&#8230; Nav\u00edc se po smoln\u00e9 ud\u00e1losti kr\u00e1tce po startu p\u0159edvedla jako prav\u00e1 bojovnice a uk\u00e1zala, \u017ee v dresu &#8222;se lv\u00ed\u010dkem na prsou&#8220; je schopna ze sebe odevzdat v\u017edy v\u0161e, i kdyby se kolem &#8222;\u010derti \u017eenili&#8220;&#8230;\u00a0<\/span><\/strong><\/p>\n<p style=\"text-align: justify;\"><a href=\"http:\/\/www.moravecteam.cz\/?attachment_id=5905\" rel=\"attachment wp-att-5905\"><img decoding=\"async\" loading=\"lazy\" class=\"size-full wp-image-5905 alignleft\" title=\"Na cyklokrosu v T\u00e1bo\u0159e (odtud je tato fotka) se Ad\u00e9le d\u00fdchalo asi o n\u011bco l\u00e9pe, ne\u017e v rozp\u00e1len\u00e9m Dauh\u00e1...\" alt=\"img_4596\" src=\"http:\/\/www.moravecteam.cz\/wp-content\/uploads\/2016\/10\/IMG_4596.jpg\" width=\"229\" height=\"400\" srcset=\"https:\/\/www.moravecteam.cz\/wp-content\/uploads\/2016\/10\/IMG_4596.jpg 229w, https:\/\/www.moravecteam.cz\/wp-content\/uploads\/2016\/10\/IMG_4596-171x300.jpg 171w\" sizes=\"(max-width: 229px) 100vw, 229px\" \/><\/a>V Dauh\u00e1 to ale v tomto &#8222;sv\u011btov\u00e9m&#8220; silni\u010dn\u00edm t\u00fddnu v\u016fbec o n\u011bjak\u00e9m \u017een\u011bn\u00ed vy\u0161\u0161\u00edch mocnost\u00ed zat\u00edm nebylo a do konce t\u00fddne asi u\u017e ani nebude&#8230; V\u011bt\u0159\u00edk od mo\u0159e nezafoukal, a z pou\u0161t\u011b u\u017e v\u016fbec ne, o n\u011bjak\u00fdch hromech, blesc\u00edch, \u010di &#8211; (ne)dej Bo\u017ee &#8211; de\u0161\u0165ov\u00fdch kapk\u00e1ch a s\u00a0nimi \u00a0spojen\u00fdm p\u0159\u00edpadn\u00fdm tou\u017eebn\u00fdm poklesem teplot, nemluv\u011b&#8230; V klimatu, kter\u00e9 je vhodn\u00e9 akor\u00e1t tak pro kor\u00e1by bou\u0161t\u00ed &#8211; dromed\u00e1ry \u010di draba\u0159e, \u00a0dok\u00e1zala na\u0161e odchovankyn\u011b, kovan\u00e1 bikerka z Boskovic\u00a0<strong><span style=\"color: #800000;\">Ad\u00e9la \u0160af\u00e1\u0159ov\u00e1<\/span><\/strong> (NUTREND Specialized),\u00a0vybojovat v z\u00e1vod\u011b juniorek s hromadn\u00fdm startem \u00factyhodnou 67. p\u0159\u00ed\u010dku! V konkurenci 80 soupe\u0159ek \u0159eknete: nic &#8211; moc&#8230; V\u011bzte ale, \u017ee u\u017e na t\u0159et\u00edm kilometru se v &#8222;bal\u00edku&#8220; d\u011bv\u010dat\u016fm p\u0159ihodila hromadn\u00e1 kolize a do popadan\u00fdch holek Ad\u00e9la &#8222;vl\u00edtla&#8220;&#8230; Na\u0161t\u011bst\u00ed se nijak nezranila, ale kolizn\u00ed situace zp\u016fsobila smeknut\u00ed \u0159et\u011bzu jej\u00edho silni\u010dn\u00edho speci\u00e1lu a Adys dlouho, dlouho trvalo, ne\u017e se j\u00ed &#8222;seknut\u00fd&#8220; \u0159et\u011bz poda\u0159ilo uvolnit&#8230; N\u00e1sledn\u00e1 jej\u00ed st\u00edhac\u00ed j\u00edzda v patn\u00e1cti\u010dlenn\u00e9 skupince d\u011bv\u010dat, kter\u00e9 taky hromadn\u00e1 kolize zbrzdila, byla fam\u00f3zn\u00ed a borky se vte\u0159inku po vte\u0159ince bl\u00ed\u017eili \u010delu z\u00e1vodu. Bohu\u017eel nakonec p\u0159es ve\u0161ker\u00e9 \u00fasil\u00ed a \u00fa\u017easn\u00e9 tempo t\u00e9to skupiny se j\u00ed \u010delo sjet u\u017e nepoda\u0159ilo&#8230;<\/p>\n<figure id=\"attachment_5907\" aria-describedby=\"caption-attachment-5907\" style=\"width: 700px\" class=\"wp-caption alignnone\"><a href=\"http:\/\/www.moravecteam.cz\/?attachment_id=5907\" rel=\"attachment wp-att-5907\"><img decoding=\"async\" loading=\"lazy\" class=\" wp-image-5907\" alt=\"15-10-2016 World Championships Elite Women; Doha;\" src=\"http:\/\/www.moravecteam.cz\/wp-content\/uploads\/2016\/10\/zeny1.jpg\" width=\"700\" height=\"750\" srcset=\"https:\/\/www.moravecteam.cz\/wp-content\/uploads\/2016\/10\/zeny1.jpg 700w, https:\/\/www.moravecteam.cz\/wp-content\/uploads\/2016\/10\/zeny1-280x300.jpg 280w\" sizes=\"(max-width: 700px) 100vw, 700px\" \/><\/a><figcaption id=\"caption-attachment-5907\" class=\"wp-caption-text\">\u010cesk\u00e1 silni\u010dn\u00ed cyklistika dostala na MS v Kataru docela od sv\u011bta docela &#8222;napr\u00e1sk\u00e1no&#8220;&#8230;Nejlep\u0161\u00ed v\u00fdsledky zde paradoxn\u011b zajeli bikerky Ad\u00e9la \u0160af\u00e1\u0159ov\u00e1 (30. m\u00edsto v \u010dasovce juniorek) spolu s Barboriu Pr\u016fdkovou (25. m\u00edsto v z\u00e1vod\u011b \u017een s hromadn\u00fdm startem)&#8230;<\/figcaption><\/figure>\n<p style=\"text-align: justify;\">Ad\u00e9la \u0160af\u00e1\u0159ov\u00e1 kter\u00e1 je &#8222;odkojen\u00e1&#8220; chladn\u00fdm klimatem boskovicka a Drahansk\u00e9 vrchoviny, ust\u00e1la nejen katarsk\u00fd teplotn\u00ed extr\u00e9m ale dnes i technick\u00e9 pot\u00ed\u017ee, do kter\u00fdch se smoln\u011b nep\u0159\u00edjemn\u011b brzy po startu dostala&#8230; \u00a0 Ve dvou sv\u00fdch startech\u00a0uk\u00e1zala obdivuhodnou adaptabilnost na\u00a0netypick\u00e9 hork\u00e9 prost\u0159ed\u00ed, kter\u00e9 jak zn\u00e1mo, Ad\u00e9la v t\u00e9to podob\u011b moc &#8222;nemus\u00ed&#8220;. A je\u0161t\u011b jedna pozn\u00e1mka: zat\u00edm nejlep\u0161\u00edho v\u00fdsledku\u00a0mezi na\u0161imi slovutn\u00fdmi specialisty &#8211; silni\u010d\u00e1\u0159i dos\u00e1hla na silni\u010dn\u00edm Mistrovstv\u00ed sv\u011bta v Kataru do p\u00e1tku 14. \u0159\u00edjna sv\u00fdm 30. m\u00edstem v pond\u011bln\u00ed \u010dasovce, pr\u00e1v\u011b bikerka Ad\u00e9la \u0160af\u00e1\u0159ov\u00e1! A jsem moc, moc zv\u011bdav, zda ji do ned\u011ble n\u011bkdo z \u010desk\u00fdch \u00a0&#8222;eli\u0165\u00e1k\u016f&#8220; p\u0159ekon\u00e1&#8230; Zde jsou decentn\u00ed svazov\u00e9\u00a0<strong><a href=\"http:\/\/www.ceskysvazcyklistiky.cz\/clanek\/5090_ani-juniori-v-kataru-cesky-prapor-nezvedli\">podrobnosti<\/a><\/strong> z p\u00e1te\u010dn\u00edch z\u00e1vod\u016f junior\u016f.<\/p>\n","protected":false},"excerpt":{"rendered":"<p>Mistrovstv\u00ed sv\u011bta v silni\u010dn\u00ed cyklistice v katarsk\u00e9m Dauh\u00e1 vrchol\u00ed. V p\u00e1tek si to na rovinat\u00fdch trat\u00edch op\u011bt za nep\u0159\u00edjemn\u011b extr\u00e9m\u011b hork\u00e9ho po\u010das\u00ed rozdali junio\u0159i a juniorky. V akci byla\u00a0podle pl\u00e1nu i\u00a0Ad\u00e9la\u0160af\u00e1\u0159ov\u00e1 a z\u00e1vod zvl\u00e1dla, stejn\u011b jako \u010dasovku, se ct\u00ed! Op\u011bt uk\u00e1zala svoji vysokou cyklistickou univerz\u00e1lnost a potvrdila, \u017ee \u017e\u00e1dn\u00e1 z cyklistick\u00fdch discipl\u00edn j\u00ed nen\u00ed ciz\u00ed&#8230; &hellip; <a href=\"https:\/\/www.moravecteam.cz\/?p=5873\" class=\"more-link\">Pokra\u010dov\u00e1n\u00ed textu <span class=\"screen-reader-text\">Smoln\u00fd z\u00e1vod v Dauh\u00e1&#8230;<\/span> <span class=\"meta-nav\">&rarr;<\/span><\/a><\/p>\n","protected":false},"author":3,"featured_media":5904,"comment_status":"open","ping_status":"closed","sticky":false,"template":"","format":"standard","meta":[],"categories":[1],"tags":[],"_links":{"self":[{"href":"https:\/\/www.moravecteam.cz\/index.php?rest_route=\/wp\/v2\/posts\/5873"}],"collection":[{"href":"https:\/\/www.moravecteam.cz\/index.php?rest_route=\/wp\/v2\/posts"}],"about":[{"href":"https:\/\/www.moravecteam.cz\/index.php?rest_route=\/wp\/v2\/types\/post"}],"author":[{"embeddable":true,"href":"https:\/\/www.moravecteam.cz\/index.php?rest_route=\/wp\/v2\/users\/3"}],"replies":[{"embeddable":true,"href":"https:\/\/www.moravecteam.cz\/index.php?rest_route=%2Fwp%2Fv2%2Fcomments&post=5873"}],"version-history":[{"count":10,"href":"https:\/\/www.moravecteam.cz\/index.php?rest_route=\/wp\/v2\/posts\/5873\/revisions"}],"predecessor-version":[{"id":5910,"href":"https:\/\/www.moravecteam.cz\/index.php?rest_route=\/wp\/v2\/posts\/5873\/revisions\/5910"}],"wp:featuredmedia":[{"embeddable":true,"href":"https:\/\/www.moravecteam.cz\/index.php?rest_route=\/wp\/v2\/media\/5904"}],"wp:attachment":[{"href":"https:\/\/www.moravecteam.cz\/index.php?rest_route=%2Fwp%2Fv2%2Fmedia&parent=5873"}],"wp:term":[{"taxonomy":"category","embeddable":true,"href":"https:\/\/www.moravecteam.cz\/index.php?rest_route=%2Fwp%2Fv2%2Fcategories&post=5873"},{"taxonomy":"post_tag","embeddable":true,"href":"https:\/\/www.moravecteam.cz\/index.php?rest_route=%2Fwp%2Fv2%2Ftags&post=5873"}],"curies":[{"name":"wp","href":"https:\/\/api.w.org\/{rel}","templated":true}]}}