{"id":5877,"date":"2016-10-17T06:27:33","date_gmt":"2016-10-17T04:27:33","guid":{"rendered":"http:\/\/www.moravecteam.cz\/?p=5877"},"modified":"2016-10-17T22:38:05","modified_gmt":"2016-10-17T20:38:05","slug":"medaile-z-viaduktu","status":"publish","type":"post","link":"https:\/\/www.moravecteam.cz\/?p=5877","title":{"rendered":"Medaile z pod viadukt\u016f!"},"content":{"rendered":"<p style=\"text-align: justify;\"><span style=\"color: #800000;\"><strong>Jako by MORAVCI leto\u0161n\u00ed tolik \u00fasp\u011b\u0161nou sez\u00f3nu necht\u011bli ani zakon\u010dit! \u017de v \u010cech\u00e1chna &#8222;z\u00e1padn\u00ed front\u011b&#8220; \u00a0&#8222;\u0159\u00e1d\u00ed&#8220; na\u0161e podzimn\u00ed do\u010dasn\u00e1 cyklokrosov\u00e1 rota, je jasn\u00e9 a podle pl\u00e1nu. \u017de ale po Sob\u011b\u0161ick\u00e9 muld\u011b, kter\u00e1 b\u00fdv\u00e1 pro n\u00e1s zpravidla posledn\u00edm bikov\u00fdm z\u00e1vodem sez\u00f3ny, budou jezdci na\u0161eho &#8222;druh\u00e9ho sledu&#8220; tak\u00e9 je\u0161t\u011b z\u00e1vodn\u011b \u010dinn\u00ed, s t\u00edm u\u017e se moc nepo\u010d\u00edtalo. A \u017ee budou z\u00e1rove\u0148 je\u0161t\u011b i medailov\u011b \u00fasp\u011b\u0161n\u00ed, tak to u\u017e jsme ne\u010dekali v\u016fbec&#8230;<\/strong><\/span><\/p>\n<figure id=\"attachment_5912\" aria-describedby=\"caption-attachment-5912\" style=\"width: 1000px\" class=\"wp-caption aligncenter\"><a href=\"http:\/\/www.moravecteam.cz\/?attachment_id=5912\" rel=\"attachment wp-att-5912\"><img decoding=\"async\" loading=\"lazy\" class=\"wp-image-5912 \" alt=\"049\" src=\"http:\/\/www.moravecteam.cz\/wp-content\/uploads\/2016\/10\/049.jpg\" width=\"1000\" height=\"750\" srcset=\"https:\/\/www.moravecteam.cz\/wp-content\/uploads\/2016\/10\/049.jpg 1000w, https:\/\/www.moravecteam.cz\/wp-content\/uploads\/2016\/10\/049-300x225.jpg 300w\" sizes=\"(max-width: 1000px) 100vw, 1000px\" \/><\/a><figcaption id=\"caption-attachment-5912\" class=\"wp-caption-text\">Z Jezernice zlat\u00e1 a &#8222;bramborov\u00e1&#8220; pro MORAVEC d\u00edk Maru\u0161ce a Magdal\u00e9nce Barto\u0161ovic! Bravo holky! Anebo taky m\u016f\u017eeme pod obr\u00e1zek napsat: &#8222;Kdo to moderuje, kdy\u017e ne j\u00e1?&#8220; (parafr\u00e1ze textu Zde\u0148ka Ryt\u00ed\u0159e k legend\u00e1rn\u00ed p\u00edsni Petra Jandy a skupiny Olympic &#8222;Okno m\u00e9 l\u00e1sky&#8220;)&#8230;<\/figcaption><\/figure>\n<p style=\"text-align: justify;\">A p\u0159ece je to tak&#8230; \u0160est na\u0161ich mlad\u00fdch rajdr\u016f z tr\u00e9ninkov\u00e9 skupiny Milana Tlamky si na\u0161lo na bikov\u00e9 map\u011b z\u00e1vod s n\u00e1zvem &#8222;Jezernick\u00e9 viadukty&#8220;, kter\u00fd organizuje skupina, po\u0159\u00e1daj\u00edc\u00ed popul\u00e1rn\u00ed AUTOR \u0160elu maraton, a kter\u00fd je koncipov\u00e1n op\u011bt jako MTB maraton na trat\u00edch 11km, 18km a 47 km. A tito, dopln\u011bni o dosp\u011bl\u00e9ho <span style=\"color: #800000;\"><span style=\"color: #000000;\">Jirku \u0160t\u011bpan\u00edka st<\/span>.<\/span>, vytvo\u0159ilo minulou sobotu v Jezernici silnou skupinu sedmi state\u010dn\u00fdch a hlavn\u011b v\u00fdsledkov\u011b \u00fasp\u011b\u0161n\u00fdch MORAVC\u016e.\u00a0V\u0161ichni toti\u017e ve sv\u00fdch kategori\u00edch dojeli v TOP 10!\u00a0V\u0161e skv\u011ble odstartovali na trati 11km na\u0161e nejmlad\u0161\u00ed holky &#8211; sestry <strong><span style=\"color: #800000;\">Maru\u0161ka s Magdal\u00e9nkou Barto\u0161ovic<\/span><\/strong> dopln\u011bny na startovn\u00ed \u010d\u00e1\u0159e <span style=\"color: #800000;\"><strong>Zitou \u017dern\u00ed\u010dkovou<\/strong><\/span>. V tomto p\u0159\u00edpad\u011b\u00a0byl po\u0159adateli dovolen\u00a0prakticky po cel\u00e9 trati \u00a0rodi\u010dovsk\u00fd doprovod, tak\u017ee za skv\u011bl\u00fdm v\u00edt\u011bzstv\u00edm Maru\u0161ky a cenn\u00fdm \u010dtvrt\u00fdm\u00a0 m\u00edstem Magdal\u00e9nky stoj\u00ed i zodpov\u011bdn\u00fd tren\u00e9rsk\u00fd doprovod Libora Barto\u0161e! A v\u00fdborn\u011b zajela i v c\u00edli 7. Zita \u017drn\u00ed\u010dkov\u00e1! V\u011bru v\u00fdborn\u011b na\u0161i v Jezernici odstartovali!<\/p>\n<figure id=\"attachment_5913\" aria-describedby=\"caption-attachment-5913\" style=\"width: 441px\" class=\"wp-caption aligncenter\"><a href=\"http:\/\/www.moravecteam.cz\/?attachment_id=5913\" rel=\"attachment wp-att-5913\"><img decoding=\"async\" loading=\"lazy\" class=\"size-full wp-image-5913 \" alt=\"052\" src=\"http:\/\/www.moravecteam.cz\/wp-content\/uploads\/2016\/10\/052.jpg\" width=\"441\" height=\"413\" srcset=\"https:\/\/www.moravecteam.cz\/wp-content\/uploads\/2016\/10\/052.jpg 441w, https:\/\/www.moravecteam.cz\/wp-content\/uploads\/2016\/10\/052-300x280.jpg 300w\" sizes=\"(max-width: 441px) 100vw, 441px\" \/><\/a><figcaption id=\"caption-attachment-5913\" class=\"wp-caption-text\">&#8222;Milanovy d\u011bti&#8220; v Jezernici &#8222;\u0159\u00e1dily&#8220;! Zleva Matou\u0161ek Lipenck\u00fd, Maru\u0161ka s Majdou Barto\u0161ovic a Zitu\u0161ka \u017dern\u00ed\u010dkovic.<\/figcaption><\/figure>\n<p style=\"text-align: justify;\">A stejn\u011b tak i pokra\u010dovali. V\u00fdborn\u011b zajel \u00a0primus leto\u0161n\u00ed &#8222;Vrchoviny&#8220; v kategorii 7-8 let, v c\u00edli nakonec sedm\u00fd <span style=\"color: #800000;\"><strong>Matou\u0161 Lipensk\u00fd<\/strong><\/span>. Pod viadukty nechyb\u011bl ani jeho bratr <span style=\"color: #800000;\"><strong>V\u00edtek Lipensk\u00fd<\/strong><\/span>. Ten u\u017e ale vyzval tra\u0165 18 km a i on si vedl v\u00fdborn\u011b! Jeho c\u00edlov\u00e9 9. m\u00edsto ur\u010dit\u011b vysokou cenu m\u00e1. Je\u0161t\u011b l\u00e9pa zajela p\u0159i sv\u00e9m druh\u00e9m startu za MORAVEC Team <span style=\"color: #800000;\"><strong>Ad\u00e9lka Kub\u00ednov\u00e1<\/strong><\/span> z Boskovic, kter\u00e1 brala na st\u0159edn\u00ed trati 18 km v c\u00edli v\u00fdborn\u00e9 5. m\u00edsto! V\u011bru poveden\u00fd z\u00e1vod! Stejn\u011b jako poveden\u00fd z\u00e1vod s toto\u017en\u00fdm um\u00edst\u011bn\u00edm od star\u0161\u00edho <span style=\"color: #800000;\"><strong>Jirky \u0160t\u011bpan\u00edka<\/strong><\/span>, kter\u00fd se jako jedin\u00fd z na\u0161ich popasoval s velkou, 47 km m\u011b\u0159\u00edc\u00ed, trat\u00ed. Klobouk dol\u016f p\u0159ed v\u00fdborn\u00fdmi v\u00fdkony a v\u00fdsledky sedmi state\u010dn\u00fdch MORAVC\u016e v Jezernici! Maru\u0161ce Barto\u0161ov\u00e9 ke skv\u011bl\u00e9mu prvernstv\u00ed blahop\u0159ejeme, d\u00edky v\u0161em pak bez rozd\u00edlu za \u00a0vzorn\u00e9\u00a0 repre MORAVCE, doprovodn\u00e9 rodinn\u00e9 t\u00fdmy nevyj\u00edmaje!\u00a0Zde mrkn\u011bte na <strong><a href=\"http:\/\/www.selasport.cz\/cz\/jezernicke-viadukty\/vysledky.html\">kompletn\u00ed v\u00fdsledkov\u00fd servis<\/a> <\/strong>a z Jezernick\u00fdch viadukt\u016f u\u017e m\u00e1me i <strong><a href=\"http:\/\/moravecteam.rajce.idnes.cz\/2016.10.15._MTB_Jezernicke_viadukty\/\">fotogalerii<\/a>.<\/strong><\/p>\n","protected":false},"excerpt":{"rendered":"<p>Jako by MORAVCI leto\u0161n\u00ed tolik \u00fasp\u011b\u0161nou sez\u00f3nu necht\u011bli ani zakon\u010dit! \u017de v \u010cech\u00e1chna &#8222;z\u00e1padn\u00ed front\u011b&#8220; \u00a0&#8222;\u0159\u00e1d\u00ed&#8220; na\u0161e podzimn\u00ed do\u010dasn\u00e1 cyklokrosov\u00e1 rota, je jasn\u00e9 a podle pl\u00e1nu. \u017de ale po Sob\u011b\u0161ick\u00e9 muld\u011b, kter\u00e1 b\u00fdv\u00e1 pro n\u00e1s zpravidla posledn\u00edm bikov\u00fdm z\u00e1vodem sez\u00f3ny, budou jezdci na\u0161eho &#8222;druh\u00e9ho sledu&#8220; tak\u00e9 je\u0161t\u011b z\u00e1vodn\u011b \u010dinn\u00ed, s t\u00edm u\u017e se moc nepo\u010d\u00edtalo. &hellip; <a href=\"https:\/\/www.moravecteam.cz\/?p=5877\" class=\"more-link\">Pokra\u010dov\u00e1n\u00ed textu <span class=\"screen-reader-text\">Medaile z pod viadukt\u016f!<\/span> <span class=\"meta-nav\">&rarr;<\/span><\/a><\/p>\n","protected":false},"author":3,"featured_media":5911,"comment_status":"open","ping_status":"closed","sticky":false,"template":"","format":"standard","meta":[],"categories":[1],"tags":[],"_links":{"self":[{"href":"https:\/\/www.moravecteam.cz\/index.php?rest_route=\/wp\/v2\/posts\/5877"}],"collection":[{"href":"https:\/\/www.moravecteam.cz\/index.php?rest_route=\/wp\/v2\/posts"}],"about":[{"href":"https:\/\/www.moravecteam.cz\/index.php?rest_route=\/wp\/v2\/types\/post"}],"author":[{"embeddable":true,"href":"https:\/\/www.moravecteam.cz\/index.php?rest_route=\/wp\/v2\/users\/3"}],"replies":[{"embeddable":true,"href":"https:\/\/www.moravecteam.cz\/index.php?rest_route=%2Fwp%2Fv2%2Fcomments&post=5877"}],"version-history":[{"count":14,"href":"https:\/\/www.moravecteam.cz\/index.php?rest_route=\/wp\/v2\/posts\/5877\/revisions"}],"predecessor-version":[{"id":5923,"href":"https:\/\/www.moravecteam.cz\/index.php?rest_route=\/wp\/v2\/posts\/5877\/revisions\/5923"}],"wp:featuredmedia":[{"embeddable":true,"href":"https:\/\/www.moravecteam.cz\/index.php?rest_route=\/wp\/v2\/media\/5911"}],"wp:attachment":[{"href":"https:\/\/www.moravecteam.cz\/index.php?rest_route=%2Fwp%2Fv2%2Fmedia&parent=5877"}],"wp:term":[{"taxonomy":"category","embeddable":true,"href":"https:\/\/www.moravecteam.cz\/index.php?rest_route=%2Fwp%2Fv2%2Fcategories&post=5877"},{"taxonomy":"post_tag","embeddable":true,"href":"https:\/\/www.moravecteam.cz\/index.php?rest_route=%2Fwp%2Fv2%2Ftags&post=5877"}],"curies":[{"name":"wp","href":"https:\/\/api.w.org\/{rel}","templated":true}]}}