{"id":594,"date":"2015-05-25T22:47:22","date_gmt":"2015-05-25T20:47:22","guid":{"rendered":"http:\/\/www.moravecteam.cz\/?p=594"},"modified":"2015-05-25T23:10:56","modified_gmt":"2015-05-25T21:10:56","slug":"jarda-no-1","status":"publish","type":"post","link":"https:\/\/www.moravecteam.cz\/?p=594","title":{"rendered":"Jarda No.1!"},"content":{"rendered":"<p style=\"text-align: justify;\"><span style=\"color: #800000;\"><strong>P\u00e1tou novom\u011bstskou m\u00e1me za sebou a jestli\u017ee jsem ve zvac\u00edm \u010dl\u00e1nku na tento jeden z vrchol\u016f sez\u00f3ny hovo\u0159il o Petru Va\u0148kovi, jako zku\u0161en\u00e9m dirigentovi netu\u0161il jsem, kdo \u017ee to v hlavn\u00edm partu zahraje prvn\u00ed housle. K na\u0161\u00ed velk\u00e9 radosti to byl v ned\u011bln\u00edm odpoledni bikov\u00fd virtu\u00f3z Jaroslav Kulhav\u00fd. Jeho strhuj\u00edc\u00ed souboj s letit\u00fdm sokem Nino Schurterem musel div\u00e1ky nadchnout a Jardova ned\u011bln\u00ed zlat\u00e1 vizitka d\u00e1v\u00e1 tu\u0161it, co odhaduj\u00ed odborn\u00edci: \u017ee &#8222;Kulhec&#8220; se ur\u010do pokus\u00ed nejen do roka a do dne se st\u00e1t p\u0159ed dom\u00e1c\u00edm publikem sv\u011btov\u00fdm \u0161ampionem, ale ur\u010dit\u011b si brous\u00ed zuby i do Ria na obhajobu olympijsk\u00e9ho zlata z Lond\u00fdna!<\/strong><\/span><\/p>\n<figure id=\"attachment_604\" aria-describedby=\"caption-attachment-604\" style=\"width: 2000px\" class=\"wp-caption alignnone\"><a href=\"http:\/\/www.moravecteam.cz\/?attachment_id=604\" rel=\"attachment wp-att-604\"><img decoding=\"async\" loading=\"lazy\" class=\" wp-image-604\" alt=\"DSCN2686\" src=\"http:\/\/www.moravecteam.cz\/wp-content\/uploads\/2015\/05\/DSCN2686.jpg\" width=\"2000\" height=\"1648\" srcset=\"https:\/\/www.moravecteam.cz\/wp-content\/uploads\/2015\/05\/DSCN2686.jpg 2000w, https:\/\/www.moravecteam.cz\/wp-content\/uploads\/2015\/05\/DSCN2686-300x247.jpg 300w, https:\/\/www.moravecteam.cz\/wp-content\/uploads\/2015\/05\/DSCN2686-1024x843.jpg 1024w\" sizes=\"(max-width: 2000px) 100vw, 2000px\" \/><\/a><figcaption id=\"caption-attachment-604\" class=\"wp-caption-text\">Dorotka Smutn\u00e1 v z\u00e1vod\u011b sv\u00e9 kategorie osv\u011bd\u010dila bojovnost i cyklistick\u00fd kum\u0161t a po z\u00e1sluze vybojovala bronz!<\/figcaption><\/figure>\n<p style=\"text-align: justify;\">Gener\u00e1lka\u00a0na bl\u00ed\u017e\u00edc\u00ed se mistrovsv\u00ed sv\u011bta z\u00e1vod\u016f horsk\u00fdch kol, kter\u00e9 prob\u011bhne v Nov\u00e9m M\u011bst\u011b na Morav\u011b na p\u0159es rok, se po\u0159adatel\u016fm po v\u0161ech str\u00e1nk\u00e1ch vyda\u0159ila. Za dan\u00e9 situace, kdy byl podnik direktivou UCI ochuzen o sprinty a dva z\u00e1vody juniorsk\u00fdch kategori\u00ed, se z t\u00e9to akce nedalo &#8222;vym\u00e1\u010dknout&#8220; v\u00edc. Jak zvl\u00e1dli svoje \u00fakoly MORAVCI &#8211; dobrovoln\u00edci (v s\u00edle dev\u00edti mu\u017e\u016f, \u017een a d\u011bt\u00ed), to mus\u00ed posoudit na\u0161i do\u010dasn\u00ed nad\u0159\u00edzen\u00ed. Tak, jako tak, v dob\u011b na\u0161eho pobytu a pr\u00e1ce ve SKI are\u00e1lu jsem na na\u0161e \u010dinnosti \u017e\u00e1dn\u00e9 v\u00fdtky nezaznamenal.<\/p>\n<figure id=\"attachment_603\" aria-describedby=\"caption-attachment-603\" style=\"width: 2000px\" class=\"wp-caption alignnone\"><a href=\"http:\/\/www.moravecteam.cz\/?attachment_id=603\" rel=\"attachment wp-att-603\"><img decoding=\"async\" loading=\"lazy\" class=\" wp-image-603\" alt=\"DSCN2690\" src=\"http:\/\/www.moravecteam.cz\/wp-content\/uploads\/2015\/05\/DSCN2690.jpg\" width=\"2000\" height=\"1626\" srcset=\"https:\/\/www.moravecteam.cz\/wp-content\/uploads\/2015\/05\/DSCN2690.jpg 2000w, https:\/\/www.moravecteam.cz\/wp-content\/uploads\/2015\/05\/DSCN2690-300x243.jpg 300w, https:\/\/www.moravecteam.cz\/wp-content\/uploads\/2015\/05\/DSCN2690-1024x832.jpg 1024w\" sizes=\"(max-width: 2000px) 100vw, 2000px\" \/><\/a><figcaption id=\"caption-attachment-603\" class=\"wp-caption-text\">Ani\u010dka Smutn\u00e1 nesta\u010dila v z\u00e1vod\u011b d\u00edvek 11-12 let pouze na Kate\u0159inu Hude\u010dkovou, kter\u00e1 m\u00e1 u\u017e ale zku\u0161enosti ze z\u00e1vod\u016f \u010cesk\u00e9ho poh\u00e1ru.<\/figcaption><\/figure>\n<p style=\"text-align: justify;\">D\u011btsk\u00fd z\u00e1vod, jeho\u017e uspo\u0159\u00e1d\u00e1n\u00ed n\u00e1m bylo op\u011bt sv\u011b\u0159eno, prob\u011bhl bez komplikac\u00ed a z\u00e1jem stovky d\u011bt\u00ed od mr\u0148at na odr\u00e1\u017eedlech a\u017e po ty dvan\u00e1ctilet\u00e9, u\u017e realtivn\u011b zku\u0161en\u00e9 mlad\u00e9 bikery, n\u00e1s pot\u011b\u0161il i p\u0159ekvapil z\u00e1rove\u0148. Akci pomohlo i to, \u017ee cca kilometrovou hlavn\u00ed tra\u0165 bylo mo\u017eno vyt\u00fd\u010dit v lese s vyu\u017eit\u00edm \u010derstv\u011b vybudovan\u00fdch chodn\u00ed\u010dk\u016f v r\u00e1mci zdej\u0161\u00edch, nov\u011b zbudovan\u00fdch singl-trackov\u00fdch trat\u00ed. U\u017e tradi\u010dn\u011b na\u0161e barvy nevy\u0161ly v tomto decentn\u00edm kl\u00e1n\u00ed na pr\u00e1zdno d\u00edk <span style=\"color: #800000;\"><strong>sestr\u00e1m Smutn\u00fdm<\/strong><\/span>, kdy <strong><span style=\"color: #800000;\">Dorotka<\/span><\/strong> si z Vyso\u010dina ar\u00e9ny veze po bojovn\u00e9m v\u00fdkonu bronz a <strong><span style=\"color: #800000;\">Ani\u010dka<\/span> <\/strong>si ve sv\u00e9m startu zku\u0161en\u011b ohl\u00eddala st\u0159\u00edbro. Za zm\u00ed\u0148ku ur\u010dit\u011b stoj\u00ed i \u00fasp\u011bch dal\u0161\u00edch dvou na\u0161ich cyklist\u016f, kter\u00fd jsme zaznamenali p\u0159i m\u011b\u0159en\u00e9 \u010dasovce na jedn\u00e9 z k are\u00e1lu p\u0159ilehl\u00fdch, zm\u00ed\u0148en\u00fdch singl-trackov\u00fdch trat\u00ed. Nejrychlej\u0161\u00ed byl <strong><span style=\"color: #800000;\">Michal \u0160m\u00edda<\/span><\/strong> a na &#8222;bednu&#8220; ho s t\u0159et\u00edm nejlep\u0161\u00edm \u010dasem doprovodila <strong><span style=\"color: #800000;\">Terka Obo\u0159ilov\u00e1.<\/span><\/strong><\/p>\n<figure id=\"attachment_605\" aria-describedby=\"caption-attachment-605\" style=\"width: 2000px\" class=\"wp-caption alignnone\"><a href=\"http:\/\/www.moravecteam.cz\/?attachment_id=605\" rel=\"attachment wp-att-605\"><img decoding=\"async\" loading=\"lazy\" class=\" wp-image-605\" alt=\"DSCN2694 (1)\" src=\"http:\/\/www.moravecteam.cz\/wp-content\/uploads\/2015\/05\/DSCN2694-1.jpg\" width=\"2000\" height=\"1548\" srcset=\"https:\/\/www.moravecteam.cz\/wp-content\/uploads\/2015\/05\/DSCN2694-1.jpg 2000w, https:\/\/www.moravecteam.cz\/wp-content\/uploads\/2015\/05\/DSCN2694-1-300x232.jpg 300w, https:\/\/www.moravecteam.cz\/wp-content\/uploads\/2015\/05\/DSCN2694-1-1024x792.jpg 1024w\" sizes=\"(max-width: 2000px) 100vw, 2000px\" \/><\/a><figcaption id=\"caption-attachment-605\" class=\"wp-caption-text\">Z mil\u00e9ho ocen\u011bn\u00ed v m\u011b\u0159en\u00e9 \u010dasovce na trati jednoho ze singl-track\u016f, byli v\u0161ichni laure\u00e1ti v\u00edce-m\u00e9n\u011b p\u0159ekvapeni. Novom\u011bst\u0161t\u00ed byli zkr\u00e1tka pozorn\u00fdmi a \u0161t\u011bdr\u00fdmi hostiteli.<\/figcaption><\/figure>\n<p style=\"text-align: justify;\">\u017de m\u00e1me po bikov\u00e9m v\u00edkendu dal\u0161\u00ed dva v\u00fdznamn\u00e9 p\u0159\u00e1tele, je dal\u0161\u00edm d\u016fkazem, jak vst\u00ed\u0159\u00edcn\u011b a p\u0159\u00e1telsky se na\u0161e brig\u00e1dn\u00ed (nebo brig\u00e1dnick\u00e1?) \u010deta o v\u00fdkendu v okol\u00ed SKI hotelu prezentovala. V\u017edy\u0165 nen\u00ed zas toliko \u0161\u0165astn\u00fdch, kte\u0159\u00ed se m\u016f\u017eou pochlubit nav\u00e1z\u00e1n\u00edm p\u0159\u00e1telstv\u00ed a osobn\u00edho kontaktu s pan\u00ed Absalonovou (rodinn\u00e9 foto, kter\u00e9 jsem p\u0159i p\u0159eb\u00edr\u00e1n\u00ed \u010d\u00edsla na d\u011btsk\u00fd z\u00e1vod man\u017eel\u016fm Absalonov\u00fdm po\u0159\u00eddil, jsem ji\u017e dnes na mlad\u00e9 pan\u00ed Absalonov\u00e9 odeslal) a ani &#8222;kamar\u00e1t\u0161oft&#8220; s MUDr. Tom\u00e1\u0161em Sk\u0159i\u010dkou, \u0161\u00e9fchirurgem z nemocnice v Brn\u011b-Bohunic\u00edch, kter\u00fd po l\u00e9ta vel\u00ed na novom\u011bstsk\u00e9m sv\u011b\u0165\u00e1ku \u010det\u011b z\u00e1chran\u00e1\u0159\u016f, nen\u00ed taky k zahozen\u00ed&#8230; Zkr\u00e1tka a dob\u0159e &#8211; minul\u00fd v\u00edkend se n\u00e1m povedl! V\u0161e k premi\u00e9rov\u00e9mu z\u00e1vodu Sv\u011btov\u00e9ho poh\u00e1ru, v\u010detn\u011b v\u00fdsledk\u016f, najdete zde:\u00a0<strong><a href=\"http:\/\/mtbs.cz\/clanek\/kulhavy-vitezstvim-privedl-nove-mesto-k-varu\/kategorie\/svetovy-pohar-xc\">http:\/\/mtbs.cz\/clanek\/kulhavy-vitezstvim-privedl-nove-mesto-k-varu\/kategorie\/svetovy-pohar-xc<\/a>,\u00a0<\/strong>p\u0159ev\u00e1\u017en\u011b zat\u00edm moje fotky ne p\u0159\u00edli\u0161 velk\u00e9 kvality jsou k omrknut\u00ed u\u017e taky tady:\u00a0<strong><a href=\"http:\/\/moravecteam.rajce.idnes.cz\/2015.05.24._SP_MTB_Nove_Mesto_na_Morave\/\">http:\/\/moravecteam.rajce.idnes.cz\/2015.05.24._SP_MTB_Nove_Mesto_na_Morave\/<\/a><\/strong><\/p>\n","protected":false},"excerpt":{"rendered":"<p>P\u00e1tou novom\u011bstskou m\u00e1me za sebou a jestli\u017ee jsem ve zvac\u00edm \u010dl\u00e1nku na tento jeden z vrchol\u016f sez\u00f3ny hovo\u0159il o Petru Va\u0148kovi, jako zku\u0161en\u00e9m dirigentovi netu\u0161il jsem, kdo \u017ee to v hlavn\u00edm partu zahraje prvn\u00ed housle. K na\u0161\u00ed velk\u00e9 radosti to byl v ned\u011bln\u00edm odpoledni bikov\u00fd virtu\u00f3z Jaroslav Kulhav\u00fd. Jeho strhuj\u00edc\u00ed souboj s letit\u00fdm sokem Nino &hellip; <a href=\"https:\/\/www.moravecteam.cz\/?p=594\" class=\"more-link\">Pokra\u010dov\u00e1n\u00ed textu <span class=\"screen-reader-text\">Jarda No.1!<\/span> <span class=\"meta-nav\">&rarr;<\/span><\/a><\/p>\n","protected":false},"author":3,"featured_media":596,"comment_status":"closed","ping_status":"open","sticky":false,"template":"","format":"standard","meta":[],"categories":[1],"tags":[],"_links":{"self":[{"href":"https:\/\/www.moravecteam.cz\/index.php?rest_route=\/wp\/v2\/posts\/594"}],"collection":[{"href":"https:\/\/www.moravecteam.cz\/index.php?rest_route=\/wp\/v2\/posts"}],"about":[{"href":"https:\/\/www.moravecteam.cz\/index.php?rest_route=\/wp\/v2\/types\/post"}],"author":[{"embeddable":true,"href":"https:\/\/www.moravecteam.cz\/index.php?rest_route=\/wp\/v2\/users\/3"}],"replies":[{"embeddable":true,"href":"https:\/\/www.moravecteam.cz\/index.php?rest_route=%2Fwp%2Fv2%2Fcomments&post=594"}],"version-history":[{"count":7,"href":"https:\/\/www.moravecteam.cz\/index.php?rest_route=\/wp\/v2\/posts\/594\/revisions"}],"predecessor-version":[{"id":607,"href":"https:\/\/www.moravecteam.cz\/index.php?rest_route=\/wp\/v2\/posts\/594\/revisions\/607"}],"wp:featuredmedia":[{"embeddable":true,"href":"https:\/\/www.moravecteam.cz\/index.php?rest_route=\/wp\/v2\/media\/596"}],"wp:attachment":[{"href":"https:\/\/www.moravecteam.cz\/index.php?rest_route=%2Fwp%2Fv2%2Fmedia&parent=594"}],"wp:term":[{"taxonomy":"category","embeddable":true,"href":"https:\/\/www.moravecteam.cz\/index.php?rest_route=%2Fwp%2Fv2%2Fcategories&post=594"},{"taxonomy":"post_tag","embeddable":true,"href":"https:\/\/www.moravecteam.cz\/index.php?rest_route=%2Fwp%2Fv2%2Ftags&post=594"}],"curies":[{"name":"wp","href":"https:\/\/api.w.org\/{rel}","templated":true}]}}