{"id":608,"date":"2015-05-25T23:26:29","date_gmt":"2015-05-25T21:26:29","guid":{"rendered":"http:\/\/www.moravecteam.cz\/?p=608"},"modified":"2015-05-25T23:47:58","modified_gmt":"2015-05-25T21:47:58","slug":"medaile-i-z-vrchoviny","status":"publish","type":"post","link":"https:\/\/www.moravecteam.cz\/?p=608","title":{"rendered":"Medaile i z Vrchoviny!"},"content":{"rendered":"<p style=\"text-align: justify;\"><span style=\"color: #800000;\"><strong>Nejen ve Vyso\u010dina ar\u00e9n\u011b n\u00e1m to o minul\u00e9m v\u00edkendu medailov\u011b zacinkalo. Agyln\u00ed Tesa\u0159ovic \/ Tlamkovic \/ Prudkovic \u00faderka stihla je\u0161t\u011b p\u0159ed &#8222;Jardov\u00fdm koncertem&#8220; v r\u00e1mci &#8222;P\u00e1t\u00e9 Novom\u011bstsk\u00e9&#8220; premi\u00e9rov\u00fd z\u00e1vod MTB seri\u00e1lu o Poh\u00e1r \u010ceskomoravsk\u00e9 vrchoviny, kter\u00fd se jel v Poli\u010dce. A pod osobn\u00edm dohledem na\u0161eho \u0161\u00e9ftren\u00e9ra V\u00edti Prudka se na\u0161i mlad\u00ed p\u0159ekon\u00e1vali. V\u0161ak posu\u010fte sami.<\/strong><\/span><\/p>\n<figure id=\"attachment_613\" aria-describedby=\"caption-attachment-613\" style=\"width: 859px\" class=\"wp-caption alignnone\"><a href=\"http:\/\/www.moravecteam.cz\/?attachment_id=613\" rel=\"attachment wp-att-613\"><img decoding=\"async\" loading=\"lazy\" class=\" wp-image-613\" alt=\"IMG_2128\" src=\"http:\/\/www.moravecteam.cz\/wp-content\/uploads\/2015\/05\/IMG_2128.jpg\" width=\"859\" height=\"660\" srcset=\"https:\/\/www.moravecteam.cz\/wp-content\/uploads\/2015\/05\/IMG_2128.jpg 859w, https:\/\/www.moravecteam.cz\/wp-content\/uploads\/2015\/05\/IMG_2128-300x230.jpg 300w\" sizes=\"(max-width: 859px) 100vw, 859px\" \/><\/a><figcaption id=\"caption-attachment-613\" class=\"wp-caption-text\">Nenechte se m\u00fdlit: Na\u0161e &#8222;D\u017eejn&#8220; nep\u0159estupuje do t\u00fdmu Madesa&#8230; To jen vyhr\u00e1la v Poli\u010dce tento slu\u0161iv\u00fd dres.<\/figcaption><\/figure>\n<p style=\"text-align: justify;\"><strong><\/strong>Hned v \u00favodn\u00ed \u017e\u00e1kovsk\u00e9 kategorii jsme brali d\u00edk <strong><span style=\"color: #800000;\">Tom\u00e1\u0161i Tlamkovi &#8222;Contadorovi&#8220;<\/span><\/strong> a <strong><span style=\"color: #800000;\">V\u00edtkovi Such\u00e1nkovi<\/span><\/strong> cenn\u00fd &#8222;double&#8220;. Pro V\u00edtka to byla premi\u00e9ra v dresu MORAVCE a hned na poprv\u00e9 se mu zada\u0159ilo na &#8222;bednu&#8220;. Kategorii kadetek s p\u0159ehledem ovl\u00e1dla <strong><span style=\"color: #800000;\">Jana Tesa\u0159ov\u00e1<\/span><\/strong> a start junior\u016f se stal ko\u0159ist\u00ed na\u0161eho odhovance, \u00a0&#8222;lysick\u00e9 v\u00fdbu\u0161niny&#8220; &#8211; <strong><span style=\"color: #800000;\">Dominika Prudka\u00a0<\/span><\/strong><span style=\"color: #800000;\"><span style=\"color: #000000;\">(toho \u010dasu GT Opportunity)<\/span><\/span>, kdy\u017e ho na stupn\u011b v\u00edt\u011bz\u016f doprovodil v c\u00edli bronzov\u00fd &#8211; p\u0159i sv\u00e9m druh\u00e9m startu dne &#8211; <strong><span style=\"color: #800000;\">Tom\u00e1\u0161 Tlamky &#8222;Contador&#8220;<\/span><\/strong>, kter\u00fd tak ve sv\u00e9m \u00fatl\u00e9m v\u011bku t\u0159in\u00e1cti jar m\u011bl mo\u017enost poprv\u00e9 &#8222;p\u0159i\u010dichnout&#8220; k z\u00e1vodu junior\u016f. A tak paradoxn\u011b &#8211; medailov\u011b vy\u0161el v Poli\u010dce na pr\u00e1zdno pouze tren\u00e9r <span style=\"color: #800000;\"><strong>V\u00ed\u0165a Prudek<\/strong><\/span>, kter\u00fd bral v z\u00e1vd\u011b veter\u00e1n\u016f nepopul\u00e1rn\u00ed &#8222;bramboru&#8220;.<\/p>\n<figure id=\"attachment_612\" aria-describedby=\"caption-attachment-612\" style=\"width: 1059px\" class=\"wp-caption alignnone\"><a href=\"http:\/\/www.moravecteam.cz\/?attachment_id=612\" rel=\"attachment wp-att-612\"><img decoding=\"async\" loading=\"lazy\" class=\" wp-image-612\" alt=\"IMG_2129\" src=\"http:\/\/www.moravecteam.cz\/wp-content\/uploads\/2015\/05\/IMG_2129.jpg\" width=\"1059\" height=\"784\" srcset=\"https:\/\/www.moravecteam.cz\/wp-content\/uploads\/2015\/05\/IMG_2129.jpg 1059w, https:\/\/www.moravecteam.cz\/wp-content\/uploads\/2015\/05\/IMG_2129-300x222.jpg 300w, https:\/\/www.moravecteam.cz\/wp-content\/uploads\/2015\/05\/IMG_2129-1024x758.jpg 1024w\" sizes=\"(max-width: 1059px) 100vw, 1059px\" \/><\/a><figcaption id=\"caption-attachment-612\" class=\"wp-caption-text\">&#8222;Conador&#8220; na bedn\u011b se e spole\u010dnosti v pravd\u011b juniorsk\u00fdch svalovc\u016f neztr\u00e1c\u00ed!<\/figcaption><\/figure>\n<p style=\"text-align: justify;\">Abych se V\u00e1m p\u0159iznal, o seri\u00e1lu, kter\u00fd se jezd\u00ed ji\u017e n\u011bkolik sez\u00f3n, jsem nem\u011bl doposud potuchy. Na jeho ofici\u00e1ln\u00ed webovou str\u00e1nku mrkn\u011bte sem, najdete zde samo \u017ee i kompletn\u00ed v\u00fdsledkov\u00fd servis: <strong><a href=\"http:\/\/poharcmv.cz\/index.html\">http:\/\/poharcmv.cz\/index.html<\/a>\u00a0<\/strong>na n\u011bkolik fotek mrkn\u011bte zase sem:\u00a0<strong><a href=\"http:\/\/moravecteam.rajce.idnes.cz\/2015.05.24_Pohar_Ceskomoravske_vrchoviny_Policka\/\">http:\/\/moravecteam.rajce.idnes.cz\/2015.05.24_Pohar_Ceskomoravske_vrchoviny_Policka\/<\/a><\/strong><\/p>\n","protected":false},"excerpt":{"rendered":"<p>Nejen ve Vyso\u010dina ar\u00e9n\u011b n\u00e1m to o minul\u00e9m v\u00edkendu medailov\u011b zacinkalo. Agyln\u00ed Tesa\u0159ovic \/ Tlamkovic \/ Prudkovic \u00faderka stihla je\u0161t\u011b p\u0159ed &#8222;Jardov\u00fdm koncertem&#8220; v r\u00e1mci &#8222;P\u00e1t\u00e9 Novom\u011bstsk\u00e9&#8220; premi\u00e9rov\u00fd z\u00e1vod MTB seri\u00e1lu o Poh\u00e1r \u010ceskomoravsk\u00e9 vrchoviny, kter\u00fd se jel v Poli\u010dce. A pod osobn\u00edm dohledem na\u0161eho \u0161\u00e9ftren\u00e9ra V\u00edti Prudka se na\u0161i mlad\u00ed p\u0159ekon\u00e1vali. V\u0161ak posu\u010fte sami. &hellip; <a href=\"https:\/\/www.moravecteam.cz\/?p=608\" class=\"more-link\">Pokra\u010dov\u00e1n\u00ed textu <span class=\"screen-reader-text\">Medaile i z Vrchoviny!<\/span> <span class=\"meta-nav\">&rarr;<\/span><\/a><\/p>\n","protected":false},"author":3,"featured_media":614,"comment_status":"closed","ping_status":"open","sticky":false,"template":"","format":"standard","meta":[],"categories":[1],"tags":[],"_links":{"self":[{"href":"https:\/\/www.moravecteam.cz\/index.php?rest_route=\/wp\/v2\/posts\/608"}],"collection":[{"href":"https:\/\/www.moravecteam.cz\/index.php?rest_route=\/wp\/v2\/posts"}],"about":[{"href":"https:\/\/www.moravecteam.cz\/index.php?rest_route=\/wp\/v2\/types\/post"}],"author":[{"embeddable":true,"href":"https:\/\/www.moravecteam.cz\/index.php?rest_route=\/wp\/v2\/users\/3"}],"replies":[{"embeddable":true,"href":"https:\/\/www.moravecteam.cz\/index.php?rest_route=%2Fwp%2Fv2%2Fcomments&post=608"}],"version-history":[{"count":11,"href":"https:\/\/www.moravecteam.cz\/index.php?rest_route=\/wp\/v2\/posts\/608\/revisions"}],"predecessor-version":[{"id":622,"href":"https:\/\/www.moravecteam.cz\/index.php?rest_route=\/wp\/v2\/posts\/608\/revisions\/622"}],"wp:featuredmedia":[{"embeddable":true,"href":"https:\/\/www.moravecteam.cz\/index.php?rest_route=\/wp\/v2\/media\/614"}],"wp:attachment":[{"href":"https:\/\/www.moravecteam.cz\/index.php?rest_route=%2Fwp%2Fv2%2Fmedia&parent=608"}],"wp:term":[{"taxonomy":"category","embeddable":true,"href":"https:\/\/www.moravecteam.cz\/index.php?rest_route=%2Fwp%2Fv2%2Fcategories&post=608"},{"taxonomy":"post_tag","embeddable":true,"href":"https:\/\/www.moravecteam.cz\/index.php?rest_route=%2Fwp%2Fv2%2Ftags&post=608"}],"curies":[{"name":"wp","href":"https:\/\/api.w.org\/{rel}","templated":true}]}}