{"id":641,"date":"2015-05-30T22:53:48","date_gmt":"2015-05-30T20:53:48","guid":{"rendered":"http:\/\/www.moravecteam.cz\/?p=641"},"modified":"2015-06-01T07:00:14","modified_gmt":"2015-06-01T05:00:14","slug":"inovovane-okolo-s-kolem","status":"publish","type":"post","link":"https:\/\/www.moravecteam.cz\/?p=641","title":{"rendered":"Inovovan\u00e9 Okolo s kolem"},"content":{"rendered":"<p style=\"text-align: justify;\"><a href=\"http:\/\/www.moravecteam.cz\/?attachment_id=645\" rel=\"attachment wp-att-645\"><img decoding=\"async\" loading=\"lazy\" class=\"size-full wp-image-645 alignleft\" title=\"N\u00e1m dob\u0159e zn\u00e1m\u00fd Ivan K\u0159iv\u00e1nek byl jednou z hv\u011bzd leto\u0161n\u00edho Okolo s kolem.\" alt=\"1371-img_6499\" src=\"http:\/\/www.moravecteam.cz\/wp-content\/uploads\/2015\/05\/1371-img_6499.jpg\" width=\"220\" height=\"252\" \/><\/a>Nov\u00fd impuls dostala letos tradi\u010dn\u00ed vyj\u00ed\u017e\u010fka pro ryze amat\u00e9rsk\u00e9 cyklisty v podob\u011b zanga\u017eov\u00e1n\u00ed se do akce Erikem \u0158ezn\u00edkem. \u00a0S pomoc\u00ed dal\u0161\u00edch MORAVC\u016e se v p\u0159edposledn\u00ed den m\u011b\u00edce l\u00e1sky se\u0161el na letovick\u00e9m koupali\u0161ti po\u010detn\u00fd peloton amat\u00e9rsk\u00fdch sportovc\u016f, kte\u0159\u00ed jezd\u00ed r\u00e1di na kole bez v\u011bt\u0161\u00edch z\u00e1vodnick\u00fdch ambic\u00ed. Bohat\u00fd doprovodn\u00fd program (fenomen\u00e1ln\u00ed drez\u00edn\u00e1\u0159 Ivan K\u0159iv\u00e1nek, tv\u016frce cyklokuriozit Martin Zehnal, biketrialov\u00fd odd\u00edl z Blanska&#8230;) ur\u010dit\u011b p\u0159il\u00e1kal nejen &#8222;kolisty&#8220; ale i \u0161irokou letovickou ve\u0159ejnost. A kdy\u017e k tomu p\u0159ipo\u010dteme slu\u0161n\u00e9 po\u010das\u00ed a ve\u010dern\u00ed produkci &#8222;\u017eiv\u00e9 kapely&#8220;, akce se nemohla nevyda\u0159it. Podrobnosti z v\u00fdznamn\u00e9 region\u00e1ln\u00ed ud\u00e1losti i fotky hledjte zde:<a href=\"http:\/\/www.okoloskolem.cz\/\">\u00a0<strong>http:\/\/www.okoloskolem.cz\/\u00a0<\/strong><\/a><\/p>\n","protected":false},"excerpt":{"rendered":"<p>Nov\u00fd impuls dostala letos tradi\u010dn\u00ed vyj\u00ed\u017e\u010fka pro ryze amat\u00e9rsk\u00e9 cyklisty v podob\u011b zanga\u017eov\u00e1n\u00ed se do akce Erikem \u0158ezn\u00edkem. \u00a0S pomoc\u00ed dal\u0161\u00edch MORAVC\u016e se v p\u0159edposledn\u00ed den m\u011b\u00edce l\u00e1sky se\u0161el na letovick\u00e9m koupali\u0161ti po\u010detn\u00fd peloton amat\u00e9rsk\u00fdch sportovc\u016f, kte\u0159\u00ed jezd\u00ed r\u00e1di na kole bez v\u011bt\u0161\u00edch z\u00e1vodnick\u00fdch ambic\u00ed. Bohat\u00fd doprovodn\u00fd program (fenomen\u00e1ln\u00ed drez\u00edn\u00e1\u0159 Ivan K\u0159iv\u00e1nek, tv\u016frce cyklokuriozit Martin &hellip; <a href=\"https:\/\/www.moravecteam.cz\/?p=641\" class=\"more-link\">Pokra\u010dov\u00e1n\u00ed textu <span class=\"screen-reader-text\">Inovovan\u00e9 Okolo s kolem<\/span> <span class=\"meta-nav\">&rarr;<\/span><\/a><\/p>\n","protected":false},"author":3,"featured_media":0,"comment_status":"closed","ping_status":"open","sticky":false,"template":"","format":"standard","meta":[],"categories":[13],"tags":[],"_links":{"self":[{"href":"https:\/\/www.moravecteam.cz\/index.php?rest_route=\/wp\/v2\/posts\/641"}],"collection":[{"href":"https:\/\/www.moravecteam.cz\/index.php?rest_route=\/wp\/v2\/posts"}],"about":[{"href":"https:\/\/www.moravecteam.cz\/index.php?rest_route=\/wp\/v2\/types\/post"}],"author":[{"embeddable":true,"href":"https:\/\/www.moravecteam.cz\/index.php?rest_route=\/wp\/v2\/users\/3"}],"replies":[{"embeddable":true,"href":"https:\/\/www.moravecteam.cz\/index.php?rest_route=%2Fwp%2Fv2%2Fcomments&post=641"}],"version-history":[{"count":4,"href":"https:\/\/www.moravecteam.cz\/index.php?rest_route=\/wp\/v2\/posts\/641\/revisions"}],"predecessor-version":[{"id":657,"href":"https:\/\/www.moravecteam.cz\/index.php?rest_route=\/wp\/v2\/posts\/641\/revisions\/657"}],"wp:attachment":[{"href":"https:\/\/www.moravecteam.cz\/index.php?rest_route=%2Fwp%2Fv2%2Fmedia&parent=641"}],"wp:term":[{"taxonomy":"category","embeddable":true,"href":"https:\/\/www.moravecteam.cz\/index.php?rest_route=%2Fwp%2Fv2%2Fcategories&post=641"},{"taxonomy":"post_tag","embeddable":true,"href":"https:\/\/www.moravecteam.cz\/index.php?rest_route=%2Fwp%2Fv2%2Ftags&post=641"}],"curies":[{"name":"wp","href":"https:\/\/api.w.org\/{rel}","templated":true}]}}