{"id":653,"date":"2015-05-31T23:47:07","date_gmt":"2015-05-31T21:47:07","guid":{"rendered":"http:\/\/www.moravecteam.cz\/?p=653"},"modified":"2015-06-01T06:51:57","modified_gmt":"2015-06-01T04:51:57","slug":"co-se-bude-dit-st23","status":"publish","type":"post","link":"https:\/\/www.moravecteam.cz\/?p=653","title":{"rendered":"Co se bude d\u00edt? (ST23)"},"content":{"rendered":"<h5><span style=\"color: #800000;\">\u00dater\u00fd 2.6.2015<\/span><\/h5>\n<p style=\"text-align: justify;\">Pravideln\u00fd tr\u00e9nink z\u00e1vodn\u00edho t\u00fdmu pro \u010cesk\u00e9 poh\u00e1ry s\u00a0V\u00ed\u0165ou Prudkem.\u00a0Sraz v Boskovic\u00edch u Novibry v 17.00 hodin. Kdo se nebude moci \u00fa\u010dastnit, omluvte se v\u010das V\u00ed\u0165ovi na jeho mobiln\u00ed apart\u00e1t s identifik\u00e1torem\u00a0731 180 096.<\/p>\n<h5><span style=\"color: #800000;\">St\u0159eda 3.6.2015<\/span><\/h5>\n<p style=\"text-align: justify;\">Pravideln\u00fd tr\u00e9nink biker\u016f MORAVCE &#8222;druh\u00e9ho sledu&#8220; &#8211; tj. t\u011bch, kte\u0159\u00ed je\u0161t\u011b \u010cesk\u00fd poh\u00e1r horsk\u00fdch kol nejezd\u00ed, ale jsou zdatn\u00ed v region\u00e1ln\u00edm seri\u00e1lu o Poh\u00e1r Drahansk\u00e9 vrchoviny. Sraz mlad\u00fdch biker\u016f je v 17.00 hodin, tentokr\u00e1t u Z\u0160 Bene\u0161ov, tr\u00e9nink povede\u00a0Milan Tlamka.\u00a0V p\u0159\u00edpad\u011b \u00a0dotaz\u016f kontaktujte Milana na jeho mobiln\u00ed apar\u00e1t s identifik\u00e1torem\u00a0776 108 046. Ve stejn\u00e9m \u010dase a na stejn\u00e9m m\u00edst\u011b prob\u011bhne tr\u00e9nink i o t\u00fdden pozd\u011bji &#8211; tj. 10.6.2015.<\/p>\n<h5><span style=\"color: #800000;\">Sobota 6.6. 2015<\/span><\/h5>\n<p style=\"text-align: justify;\">T\u0159et\u00ed z\u00e1vod Poh\u00e1ru Drahansk\u00e9 vrchoviny horsk\u00fdch kol, kter\u00fd po ro\u010dn\u00ed p\u0159est\u00e1vce op\u011bt pohost\u00ed Protivanov. \u00da\u010dast a dopravu si ka\u017ed\u00fd zaji\u0161\u0165uje s\u00e1m, \u00a0propozice z\u00e1vodu, jeho\u017e hlavn\u00ed \u010d\u00e1st\u00ed by m\u011bly b\u00fdt sprinty, hledejte na\u00a0<strong><a href=\"http:\/\/www.pohardrahanskevrchoviny.cz\/\">http:\/\/www.pohardrahanskevrchoviny.cz\/<\/a><\/strong><\/p>\n","protected":false},"excerpt":{"rendered":"<p>\u00dater\u00fd 2.6.2015 Pravideln\u00fd tr\u00e9nink z\u00e1vodn\u00edho t\u00fdmu pro \u010cesk\u00e9 poh\u00e1ry s\u00a0V\u00ed\u0165ou Prudkem.\u00a0Sraz v Boskovic\u00edch u Novibry v 17.00 hodin. Kdo se nebude moci \u00fa\u010dastnit, omluvte se v\u010das V\u00ed\u0165ovi na jeho mobiln\u00ed apart\u00e1t s identifik\u00e1torem\u00a0731 180 096. St\u0159eda 3.6.2015 Pravideln\u00fd tr\u00e9nink biker\u016f MORAVCE &#8222;druh\u00e9ho sledu&#8220; &#8211; tj. t\u011bch, kte\u0159\u00ed je\u0161t\u011b \u010cesk\u00fd poh\u00e1r horsk\u00fdch kol nejezd\u00ed, ale jsou &hellip; <a href=\"https:\/\/www.moravecteam.cz\/?p=653\" class=\"more-link\">Pokra\u010dov\u00e1n\u00ed textu <span class=\"screen-reader-text\">Co se bude d\u00edt? (ST23)<\/span> <span class=\"meta-nav\">&rarr;<\/span><\/a><\/p>\n","protected":false},"author":3,"featured_media":0,"comment_status":"closed","ping_status":"open","sticky":false,"template":"","format":"standard","meta":[],"categories":[11],"tags":[],"_links":{"self":[{"href":"https:\/\/www.moravecteam.cz\/index.php?rest_route=\/wp\/v2\/posts\/653"}],"collection":[{"href":"https:\/\/www.moravecteam.cz\/index.php?rest_route=\/wp\/v2\/posts"}],"about":[{"href":"https:\/\/www.moravecteam.cz\/index.php?rest_route=\/wp\/v2\/types\/post"}],"author":[{"embeddable":true,"href":"https:\/\/www.moravecteam.cz\/index.php?rest_route=\/wp\/v2\/users\/3"}],"replies":[{"embeddable":true,"href":"https:\/\/www.moravecteam.cz\/index.php?rest_route=%2Fwp%2Fv2%2Fcomments&post=653"}],"version-history":[{"count":4,"href":"https:\/\/www.moravecteam.cz\/index.php?rest_route=\/wp\/v2\/posts\/653\/revisions"}],"predecessor-version":[{"id":658,"href":"https:\/\/www.moravecteam.cz\/index.php?rest_route=\/wp\/v2\/posts\/653\/revisions\/658"}],"wp:attachment":[{"href":"https:\/\/www.moravecteam.cz\/index.php?rest_route=%2Fwp%2Fv2%2Fmedia&parent=653"}],"wp:term":[{"taxonomy":"category","embeddable":true,"href":"https:\/\/www.moravecteam.cz\/index.php?rest_route=%2Fwp%2Fv2%2Fcategories&post=653"},{"taxonomy":"post_tag","embeddable":true,"href":"https:\/\/www.moravecteam.cz\/index.php?rest_route=%2Fwp%2Fv2%2Ftags&post=653"}],"curies":[{"name":"wp","href":"https:\/\/api.w.org\/{rel}","templated":true}]}}