{"id":6635,"date":"2016-12-10T22:36:28","date_gmt":"2016-12-10T21:36:28","guid":{"rendered":"http:\/\/www.moravecteam.cz\/?p=6635"},"modified":"2016-12-10T23:36:20","modified_gmt":"2016-12-10T22:36:20","slug":"zaverecna-v-unicove","status":"publish","type":"post","link":"https:\/\/www.moravecteam.cz\/?p=6635","title":{"rendered":"Z\u00e1v\u011bre\u010dn\u00e1 v Uni\u010dov\u011b!"},"content":{"rendered":"<p style=\"text-align: justify;\"><strong><span style=\"color: #800000;\">V\u011bru dlouh\u00e1, dlouh\u00e1 byla pro MORAVEC Team leto\u0161n\u00ed sez\u00f3na&#8230; Vzpom\u00edn\u00e1te? Na p\u0159elomu b\u0159ezna a dubna (n\u011bkte\u0159\u00ed i d\u0159\u00edve) jsme nasko\u010dili z\u00e1vodn\u011b do sedel a v podstat\u011b v cyklu &#8211; co v\u00edkend to z\u00e1vod &#8211; jsme \u00a0&#8211; po osmi a p\u016fl m\u011bs\u00edc\u00edch n\u00e1ro\u010dn\u00fdch souboj\u016f na rozli\u010dn\u00fdch cyklistick\u00fdch front\u00e1ch dorazili p\u0159i Mistrovstvi \u010cR v cyklokrosu v Uni\u010dov\u011b v p\u0159edve\u010der t\u0159et\u00edho adventu &#8211; do c\u00edle&#8230; A lou\u010den\u00ed, kter\u00e9 obstaralo sedm na\u0161ich rajdr\u016f, bylo v\u00edc ne\u017e d\u016fstojn\u00e9! Jedno supr um\u00edst\u011bn\u00ed v TOP &#8222;Five&#8220;, hned t\u0159i v TOP &#8222;Twenty&#8220;, jedno v TOP &#8222;Thirty&#8220; a dv\u011b v TOP &#8222;Forty&#8220; jasn\u011b dokazuje, \u017ee MORAVEC nejen v Uni\u010dov\u011b, ale i po celou sez\u00f3nu, jak u\u017e se stalo zvykem, \u00a0hodn\u011b &#8222;tvrdil muziku&#8220;!<\/span><\/strong><\/p>\n<figure id=\"attachment_6646\" aria-describedby=\"caption-attachment-6646\" style=\"width: 533px\" class=\"wp-caption alignnone\"><a href=\"http:\/\/www.moravecteam.cz\/?attachment_id=6646\" rel=\"attachment wp-att-6646\"><img decoding=\"async\" loading=\"lazy\" class=\" wp-image-6646\" alt=\"img_2465\" src=\"http:\/\/www.moravecteam.cz\/wp-content\/uploads\/2016\/12\/IMG_2465.jpg\" width=\"533\" height=\"468\" srcset=\"https:\/\/www.moravecteam.cz\/wp-content\/uploads\/2016\/12\/IMG_2465.jpg 533w, https:\/\/www.moravecteam.cz\/wp-content\/uploads\/2016\/12\/IMG_2465-300x263.jpg 300w\" sizes=\"(max-width: 533px) 100vw, 533px\" \/><\/a><figcaption id=\"caption-attachment-6646\" class=\"wp-caption-text\">Ani\u010dka Zem\u00e1nkov\u00e1 za\u010dala sv\u00fdm v\u00fdkonem a v\u00fdsledkem velmi zdatn\u011b na\u0161e uni\u010dovsk\u00e9 \u00fa\u010dinkov\u00e1n\u00ed.<\/figcaption><\/figure>\n<p style=\"text-align: justify;\">Ml\u00e1de\u017enick\u00fd mistr\u00e1k v malebn\u00e9m han\u00e1ck\u00e9m n\u011bste\u010dku p\u0159il\u00e1kal na start hutnou konkurenci, pro kterou p\u0159ipravili po\u0159adatel\u00e9 okruh dlouh\u00fd bez 200m rovn\u00e9 t\u0159i klometry. Vyv\u00e1\u017een\u00fd a obvykle jeteln\u00fd okruh tentokr\u00e1t hodn\u011b poznamenalo po\u010das\u00ed. Oteplilo se a zmrzl\u00e1 tra\u0165 &#8222;povolila&#8220;, bohu\u017eel ale ne tak, aby z\u00e1vodn\u00edci brouzdali \u0159idk\u00fdm blat\u00ed\u010dkm&#8230; Bl\u00e1to bylo, ale ne ka\u0161ovit\u00e9 ale nejl\u00e9pe by je bylo mo\u017en\u00e9 snad p\u0159irovnat ke sklen\u00e1\u0159sk\u00e9mu kytu&#8230; Rajdr\u016fm se lepilo na jejich cyklokrosov\u00e9 speci\u00e1ly t\u00edm v\u00edc, \u010d\u00edm d\u00e9le byli v r\u00e1mci sv\u00e9ho startu v akci&#8230;Velkou roli za dan\u00e9 situace sehr\u00e1ly podp\u016frn\u00e9 t\u00fdmy na depu, kter\u00e9 se sna\u017eily nep\u0159\u00edzniv\u00e9 podm\u00ednky v r\u00e1mci mo\u017enost\u00ed (vym\u011b\u0148ov\u00e1n\u00edm kol, myt\u00edm kol, zbavov\u00e1n\u00edm kol n\u00e1nos\u016f kytovit\u00e9ho bahna&#8230;) &#8211; eliminovat nebo alespo\u0148 minimalizovat&#8230;<\/p>\n<figure id=\"attachment_6648\" aria-describedby=\"caption-attachment-6648\" style=\"width: 817px\" class=\"wp-caption alignnone\"><a href=\"http:\/\/www.moravecteam.cz\/?attachment_id=6648\" rel=\"attachment wp-att-6648\"><img decoding=\"async\" loading=\"lazy\" class=\" wp-image-6648\" alt=\"img_2477\" src=\"http:\/\/www.moravecteam.cz\/wp-content\/uploads\/2016\/12\/IMG_2477.jpg\" width=\"817\" height=\"1079\" srcset=\"https:\/\/www.moravecteam.cz\/wp-content\/uploads\/2016\/12\/IMG_2477.jpg 817w, https:\/\/www.moravecteam.cz\/wp-content\/uploads\/2016\/12\/IMG_2477-227x300.jpg 227w, https:\/\/www.moravecteam.cz\/wp-content\/uploads\/2016\/12\/IMG_2477-775x1024.jpg 775w\" sizes=\"(max-width: 817px) 100vw, 817px\" \/><\/a><figcaption id=\"caption-attachment-6648\" class=\"wp-caption-text\">Roman \u0160indel\u00e1\u0159 v z\u00e1vod\u011b \u017e\u00e1k\u016f potvrdil srdce bojovn\u00edka! Moc nechyb\u011blo a z\u00e1vod dokon\u010dil s pln\u00fdm po\u010dtem kol a &#8222;na bodech&#8220;!<\/figcaption><\/figure>\n<p style=\"text-align: justify;\">Jako prvn\u00ed zas\u00e1hla do boj\u016f tradi\u010dn\u011b p\u0159i startu kadetek <span style=\"color: #800000;\"><strong>Ani\u010dka Zem\u00e1nkov\u00e1<\/strong><\/span> a na vlastn\u00ed k\u016f\u017ei okusila v pr\u016fb\u011bhu z\u00e1vodu, kter\u00fd byl vyps\u00e1n pro tuto kategorii na dv\u011b kola, uni\u010dovsk\u00e9 tra\u0165ov\u00e9 &#8222;peklo&#8220;&#8230; P\u0159esto se s krajn\u011b kritick\u00fdmi podm\u00ednkami vyrovnala, jak jsme u n\u00ed zvykl\u00ed, se srdcem lvice-bojovnice. Um\u00edst\u011bn\u00ed v TOP 10 ji tentokr\u00e1t sice uniklo, ale fini\u0161ovala se ztr\u00e1tou pouh\u00fdch dvou minut na v\u00edt\u011bzku Magdalenu Mi\u0161o\u0148ovou (SOKOL Velt\u011b\u017e) a to j\u00ed muselo naplnit pocitem z dob\u0159e odveden\u00e9 pr\u00e1ce!<\/p>\n<figure id=\"attachment_6647\" aria-describedby=\"caption-attachment-6647\" style=\"width: 663px\" class=\"wp-caption alignnone\"><a href=\"http:\/\/www.moravecteam.cz\/?attachment_id=6647\" rel=\"attachment wp-att-6647\"><img decoding=\"async\" loading=\"lazy\" class=\" wp-image-6647\" alt=\"img_2474\" src=\"http:\/\/www.moravecteam.cz\/wp-content\/uploads\/2016\/12\/IMG_2474.jpg\" width=\"663\" height=\"861\" srcset=\"https:\/\/www.moravecteam.cz\/wp-content\/uploads\/2016\/12\/IMG_2474.jpg 663w, https:\/\/www.moravecteam.cz\/wp-content\/uploads\/2016\/12\/IMG_2474-231x300.jpg 231w\" sizes=\"(max-width: 663px) 100vw, 663px\" \/><\/a><figcaption id=\"caption-attachment-6647\" class=\"wp-caption-text\">I Jakub Tesa\u0159 skv\u011ble p\u0159edvedl, jak se bojuje v extr\u00e9mn\u00edch podm\u00ednk\u00e1ch za MORAVEC Team&#8230; Ani on nebyl bodovan\u00fdm met\u00e1m daleko.<\/figcaption><\/figure>\n<p style=\"text-align: justify;\">Bezm\u00e1la \u010dty\u0159icet star\u0161\u00edch \u017e\u00e1k\u016f vyrazilo na sv\u016fj z\u00e1vod kr\u00e1tce p\u0159ed p\u016fl jeden\u00e1ctou a kluci (a i ka\u017ed\u00e1 dal\u0161\u00ed kategorie po nich) na tom byli z hlediska povrchu trat\u011b o &#8222;level&#8220; h\u016f\u0159e ne\u017e jejich p\u0159edch\u016fdci, kte\u0159\u00ed svou j\u00edzdou okruh samoz\u0159ejm\u011b je\u0161t\u011b v\u00edc rozjezdili a t\u00edm je\u0161t\u011b v\u00edc zt\u00ed\u017eili&#8230; K nepochopen\u00ed v\u0161ech stanovili po\u0159adatel\u00e9 \u017e\u00e1\u010dk\u016fm z\u00e1vod na 3(!) kola, a tito si v jeho pr\u016fb\u011bhu za\u017eili skute\u010dnou &#8222;Kalv\u00e1rii&#8220;&#8230; Mezi sme\u010dkou el\u00e9v\u016f byli i dva na\u0161i a za sv\u016fj state\u010dn\u00fd v\u00fdkon na kolech, kter\u00e1 se &#8222;okytovan\u00e1&#8220; bahnem prakticky neto\u010dila, zaslou\u017e\u00ed velkou pochvalu! \u00a0A co chyb\u011blo, aby i tentokr\u00e1t oba na\u0161i , <strong><span style=\"color: #800000;\">Roman \u0160indel\u00e1\u0159<\/span><\/strong> s <span style=\"color: #800000;\"><strong>Jakubem Tesa\u0159em<\/strong><\/span>, dos\u00e1hli na bodov\u00e1 u\u00edst\u011bn\u00ed?<\/p>\n<figure id=\"attachment_6649\" aria-describedby=\"caption-attachment-6649\" style=\"width: 733px\" class=\"wp-caption alignnone\"><a href=\"http:\/\/www.moravecteam.cz\/?attachment_id=6649\" rel=\"attachment wp-att-6649\"><img decoding=\"async\" loading=\"lazy\" class=\" wp-image-6649\" alt=\"img_2484\" src=\"http:\/\/www.moravecteam.cz\/wp-content\/uploads\/2016\/12\/IMG_2484.jpg\" width=\"733\" height=\"809\" srcset=\"https:\/\/www.moravecteam.cz\/wp-content\/uploads\/2016\/12\/IMG_2484.jpg 733w, https:\/\/www.moravecteam.cz\/wp-content\/uploads\/2016\/12\/IMG_2484-271x300.jpg 271w\" sizes=\"(max-width: 733px) 100vw, 733px\" \/><\/a><figcaption id=\"caption-attachment-6649\" class=\"wp-caption-text\">Tom\u00e1\u0161 Tlamka &#8222;Contador&#8220; byl jedn\u00edm z hlavn\u00edch hrdin\u016f startu kadet\u016f. Neb\u00fdt jeho sm\u016flovit\u00e9ho p\u00e1du, nebyl by souboj o meadile pravd\u011bpodobn\u011b rozhodnut\u00fd tak brzy&#8230;<\/figcaption><\/figure>\n<p style=\"text-align: justify;\">S je\u0161t\u011b v\u00edce &#8222;dorasovanou&#8220; trat\u00ed se vydalo po jeden\u00e1ct\u00e9 hodin\u011b servat t\u0159icet kadet\u016f se dv\u011bma na\u0161imi v\u010detn\u011b. <strong><span style=\"color: #800000;\">Tom\u00e1\u0161 Tlamka &#8222;Contador&#8220;<\/span><\/strong> v z\u00e1vod\u011b potvrdil, \u017ee &#8222;bedna&#8220; z Jabkenic nebyla v\u016fbec \u017e\u00e1dnou n\u00e1hodou. Naopak. I v Uni\u010dov\u011b se r\u00fdsovalo podobn\u00e9 um\u00edst\u011bn\u00ed, kdy\u017e do druh\u00e9ho ze \u010dty\u0159 okruh\u016f naj\u00ed\u017ed\u011bl Tom\u00e1\u0161 na 4. m\u00edst\u011b v re\u00e1ln\u00e9m kontaktu na medailov\u00e9 pozice. P\u00e1d na jednom z prudk\u00fdch sjezd\u016f ho ale zbrzdil na tolik, \u017ee se mu absolutn\u00ed \u010delo vzd\u00e1lilo a p\u0159es ve\u0161kerou snahu a postupn\u00e9 zrychlov\u00e1n\u00ed se u\u017e se ztr\u00e1tou nedalo nic ud\u011blat. P\u0159esto to byl pr\u00e1v\u011b tento n\u00e1\u0161 mlad\u00fd borec, kter\u00fd vyjel pro MORAVEC v Uni\u010dov\u011b nejlep\u0161\u00ed v\u00fdsledek!<\/p>\n<figure id=\"attachment_6650\" aria-describedby=\"caption-attachment-6650\" style=\"width: 465px\" class=\"wp-caption alignnone\"><a href=\"http:\/\/www.moravecteam.cz\/?attachment_id=6650\" rel=\"attachment wp-att-6650\"><img decoding=\"async\" loading=\"lazy\" class=\"size-full wp-image-6650\" alt=\"img_2487\" src=\"http:\/\/www.moravecteam.cz\/wp-content\/uploads\/2016\/12\/IMG_2487.jpg\" width=\"465\" height=\"422\" srcset=\"https:\/\/www.moravecteam.cz\/wp-content\/uploads\/2016\/12\/IMG_2487.jpg 465w, https:\/\/www.moravecteam.cz\/wp-content\/uploads\/2016\/12\/IMG_2487-300x272.jpg 300w\" sizes=\"(max-width: 465px) 100vw, 465px\" \/><\/a><figcaption id=\"caption-attachment-6650\" class=\"wp-caption-text\">Honza &#8222;D\u017eony&#8220; \u0160indel\u00e1\u0159 zajel na han\u00e9 sv\u016fj TOP v\u00fdkon a v\u00fdsledek! Mnoho nechyb\u011blo, aby se prosadil do TOP10!<\/figcaption><\/figure>\n<p style=\"text-align: justify;\">\u017divotn\u00ed cyklokros zajel v sobotu i <span style=\"color: #800000;\"><strong>Honza &#8222;D\u017eony&#8220; \u0160iindel\u00e1\u0159<\/strong><\/span>. Po startu se dr\u017eel v prvn\u00ed des\u00edtce a i kdy\u017e se p\u0159es Honzu posunulo n\u011bkolik soupe\u0159\u016f, dr\u017eel i v dal\u0161\u00edm pr\u016fb\u011bhu z\u00e1vodu s nimi krok a d\u00edky dob\u0159e rozvr\u017een\u00fdm sil\u00e1m a postupn\u00e9mu zrychlov\u00e1n\u00ed se zd\u00e1lo, \u017ee se do TOP 10 stihne je\u0161t\u011b vr\u00e1tit! Nakonec se mu to sice nepoda\u0159ilo, nicm\u00e9n\u011b n\u00e1m d\u00e1 asi za pravdu, \u017ee lep\u0161\u00ed nz\u00e1vod v cyklokrosu je\u0161t\u011b nezajel! Oba na\u0161i kadeti zkr\u00e1tka v Uni\u010dov\u011b potvrdili, \u017ee pr\u00e1v\u011b tato kategorie byla letos na\u0161\u00ed par\u00e1dn\u00ed!<\/p>\n<figure id=\"attachment_6651\" aria-describedby=\"caption-attachment-6651\" style=\"width: 1129px\" class=\"wp-caption alignnone\"><a href=\"http:\/\/www.moravecteam.cz\/?attachment_id=6651\" rel=\"attachment wp-att-6651\"><img decoding=\"async\" loading=\"lazy\" class=\" wp-image-6651\" alt=\"img_2516\" src=\"http:\/\/www.moravecteam.cz\/wp-content\/uploads\/2016\/12\/IMG_2516.jpg\" width=\"1129\" height=\"1003\" srcset=\"https:\/\/www.moravecteam.cz\/wp-content\/uploads\/2016\/12\/IMG_2516.jpg 1129w, https:\/\/www.moravecteam.cz\/wp-content\/uploads\/2016\/12\/IMG_2516-300x266.jpg 300w, https:\/\/www.moravecteam.cz\/wp-content\/uploads\/2016\/12\/IMG_2516-1024x909.jpg 1024w\" sizes=\"(max-width: 1129px) 100vw, 1129px\" \/><\/a><figcaption id=\"caption-attachment-6651\" class=\"wp-caption-text\">I na v\u00fdkon Dominika Prudka bylo radost pohled\u011bt! Na start se postavil jako by z \u017eertu, ale v z\u00e1vod\u011b si vedl jako hrdina!<\/figcaption><\/figure>\n<p style=\"text-align: justify;\">Netradi\u010dn\u011b (kv\u016fli sousledu sportovn\u00edch p\u0159enos\u016f na \u010cT4 Sport) startovali m\u00edsto \u017een hodinu po poledni mu\u017ei ELITE. Na start se op\u011bt objevil n\u00e1\u0161 <span style=\"color: #800000;\"><strong>Dominik Prudek<\/strong><\/span> a po necel\u00e9 hodin\u011b jsme d\u00edky n\u011bmu mohli op\u011bt p\u0159episovat odd\u00edlov\u00e9 d\u011bjiny. Dominik byl klasifikov\u00e1n po bojovn\u00e9m, dynamick\u00e9m v\u00fdkonu jako 23. a neklame-li m\u011b pam\u011b\u0165, na\u0161aho nejlep\u0161\u00edho v\u00fdsledku v t\u00e9to kategorii dos\u00e1hl p\u0159ed lety 29. m\u00edstem v Hlinsku Petr Bo\u0159il. Dominik znovu uk\u00e1zal, \u017ee kdy\u017e m\u00e1 den, je schopen favotity hodn\u011b potr\u00e1pit a zajet vynikaj\u00edc\u00ed v\u00fdsledek!<\/p>\n<figure id=\"attachment_6652\" aria-describedby=\"caption-attachment-6652\" style=\"width: 859px\" class=\"wp-caption alignnone\"><a href=\"http:\/\/www.moravecteam.cz\/?attachment_id=6652\" rel=\"attachment wp-att-6652\"><img decoding=\"async\" loading=\"lazy\" class=\" wp-image-6652\" alt=\"img_2522\" src=\"http:\/\/www.moravecteam.cz\/wp-content\/uploads\/2016\/12\/IMG_2522.jpg\" width=\"859\" height=\"1141\" srcset=\"https:\/\/www.moravecteam.cz\/wp-content\/uploads\/2016\/12\/IMG_2522.jpg 859w, https:\/\/www.moravecteam.cz\/wp-content\/uploads\/2016\/12\/IMG_2522-225x300.jpg 225w, https:\/\/www.moravecteam.cz\/wp-content\/uploads\/2016\/12\/IMG_2522-770x1024.jpg 770w\" sizes=\"(max-width: 859px) 100vw, 859px\" \/><\/a><figcaption id=\"caption-attachment-6652\" class=\"wp-caption-text\">Soust\u0159ed\u011bn\u00e1 Jana Tesa\u0159ov\u00e1 na startu. V z\u00e1vod\u011b sice Kate\u0159in\u011b Nash podlehla, ale v celkov\u00e9m po\u0159ad\u00ed \u010cesk\u00e9ho poh\u00e1ru ji porazila!<\/figcaption><\/figure>\n<p style=\"text-align: justify;\">U\u017e tak\u0159ka se soumrakem vyrazila na tra\u0165 za st\u00e1l\u00e9ho &#8222;vlezl\u00e9ho&#8220; sychrav\u00e9ho po\u010das\u00ed dvac\u00edtka juniorek a \u017een, kdy\u017e krom\u011b hlavn\u00ed favoritky &#8211; Kate\u0159iny Nash &#8211; nechyb\u011bla ve startovn\u00edm poli ani na\u0161e <strong><span style=\"color: #800000;\">Jana &#8222;D\u017eejn&#8220; Tesa\u0159ov\u00e1<\/span><\/strong>. A byla to pr\u00e1v\u011b ona, kter\u00e1 po vyda\u0159en\u00e9m, bojovn\u00e9m v\u00fdkonu um\u00edst\u011bn\u00edm v TOP 20 uzav\u0159ela &#8222;de facto&#8220; definitivn\u011b na\u0161e z\u00e1vodn\u00ed \u00fa\u010dinkov\u00e1n\u00ed v sez\u00f3n\u011b 2016. A sv\u00fdm v\u00fdkonem a v\u00fdslekem zavr\u0161ila pro n\u00e1s tolik \u00fasp\u011b\u0161nou sez\u00f3nu, kter\u00e1 byla asi nej\u00fasp\u011b\u0161n\u011bj\u0161\u00ed v cel\u00e9 historii odd\u00edlu&#8230; <span style=\"color: #800000;\"><strong>Poj\u010fme si \u00a0ale nyn\u00ed odkontrolovat uni\u010dovskou v\u00fdsledkovou definitivu:<\/strong><\/span><\/p>\n<ul>\n<li style=\"text-align: justify;\">star\u0161\u00ed \u017e\u00e1ci: 31. Roman \u0160indel\u00e1\u0159 (celkov\u011b 40.), \u00a034. Jakub Tesa\u0159 (celkov\u011b 38.) \/ v t\u00fdmov\u00e9 sout\u011b\u017ei &#8211; 21. MORAVEC Team<\/li>\n<li style=\"text-align: justify;\">kadetky: 13. Anna Zem\u00e1nkov\u00e1 (8.) \/\u00a0v t\u00fdmov\u00e9 sout\u011b\u017ei &#8211; 5. MORAVEC Team<\/li>\n<li style=\"text-align: justify;\">kadeti: 5. Tom\u00e1\u0161 Tlamka \u201eContador\u201c\u00a0(4.), 12. Honza &#8222;D\u017eony&#8220; \u0160indel\u00e1\u0159 (19.) \u00a0\/\u00a0v t\u00fdmov\u00e9 sout\u011b\u017ei &#8211; 4. MORAVEC Team<\/li>\n<li style=\"text-align: justify;\">\u017eeny, juniorky: 17. Jana \u201eD\u017eejn\u201c Tesa\u0159ov\u00e1 (25.)\u00a0\/\u00a0v t\u00fdmov\u00e9 sout\u011b\u017ei &#8211; 18. MORAVEC Team<\/li>\n<li style=\"text-align: justify;\">mu\u017ei ELITE &#8211; 23. Dominik Prudek (60.) \/ v t\u00fdmov\u00e9 sout\u011b\u017ei &#8211; 44. MORAVEC Taem<\/li>\n<\/ul>\n<figure id=\"attachment_6645\" aria-describedby=\"caption-attachment-6645\" style=\"width: 1047px\" class=\"wp-caption alignnone\"><a href=\"http:\/\/www.moravecteam.cz\/?attachment_id=6645\" rel=\"attachment wp-att-6645\"><img decoding=\"async\" loading=\"lazy\" class=\" wp-image-6645\" alt=\"img_2464\" src=\"http:\/\/www.moravecteam.cz\/wp-content\/uploads\/2016\/12\/IMG_2464.jpg\" width=\"1047\" height=\"1111\" srcset=\"https:\/\/www.moravecteam.cz\/wp-content\/uploads\/2016\/12\/IMG_2464.jpg 1047w, https:\/\/www.moravecteam.cz\/wp-content\/uploads\/2016\/12\/IMG_2464-282x300.jpg 282w, https:\/\/www.moravecteam.cz\/wp-content\/uploads\/2016\/12\/IMG_2464-965x1024.jpg 965w\" sizes=\"(max-width: 1047px) 100vw, 1047px\" \/><\/a><figcaption id=\"caption-attachment-6645\" class=\"wp-caption-text\">FAN klub MORAVCE bylo nejen sly\u0161et, ale i vid\u011bt!<\/figcaption><\/figure>\n<p style=\"text-align: justify;\"><span style=\"text-align: justify;\">V\u00fdsledky &#8211; a snad mi d\u00e1te za pravdu &#8211; vskutku okulib\u00e9&#8230; D\u00edky v\u0161em rajdr\u016fm za poctivou, bojovnou rachotu v uni\u010dovsk\u00e9m kytov\u00e9m bahn\u011b, speci\u00e1ln\u00ed d\u00edk pat\u0159\u00ed samoz\u0159ejm\u011b i podp\u016frn\u00e9mu t\u00fdmu v \u010dele s Milanem Tlamkou, kter\u00fd m\u00e1 v\u017edy um\u011brn\u011b t\u00edm v\u00edc pr\u00e1ce, \u010d\u00edm t\u011b\u017e\u0161\u00ed jsou klimatick\u00e9 podm\u00ednky&#8230; Nem\u016f\u017eu vynechat ani FAN klub, kter\u00fd akusticky na\u0161im, mysl\u00edm, hodn\u011b pom\u00e1hal&#8230; Z\u00e1v\u011brem snad u\u017e jen dv\u011b pozn\u00e1mky k z\u00e1vodu: Je v\u011bru \u0161koda, \u017ee na mistr\u00e1ku ani v r\u00e1mci celkov\u00e9ho poh\u00e1rov\u00e9ho po\u0159ad\u00ed, se nevyhla\u0161uje p\u011bt nejlep\u0161\u00edch z\u00e1vodn\u00edk\u016f, tj. ve sv\u011bt\u011b b\u011b\u017en\u00e9 tzv. &#8222;p\u00f3dium&#8220;&#8230; Mrz\u00ed n\u00e1s to u\u017e del\u0161\u00ed dobu a nad\u0161el \u010das s t\u00edm n\u011bco kone\u010dn\u011b ud\u011blat! A za druh\u00e9 je pro m\u011b udivuj\u00edc\u00ed skute\u010dnost, pro\u010d \u010cesk\u00e1 televize, kdy\u017e u\u017e od r\u00e1na m\u00e1 v\u0161e p\u0159ipraveno k akci, nenasn\u00edm\u00e1 z\u00e1vody d\u011btsk\u00fdch kategori\u00ed? Toto mi u\u017e hlava nebere v\u016fbec&#8230; I kdy\u017e to v Uni\u010dov\u011b nevypadalo, ale podle m\u00e9ho n\u00e1zoru zdaleka ne v\u0161e je v r\u00e1mci \u010desk\u00e9ho cyklokrosu &#8222;ready&#8220;&#8230; Mrkn\u011bte na <\/span><strong style=\"text-align: justify;\"><a href=\"http:\/\/moravecteam.rajce.idnes.cz\/2016.12.10_Toi_Toi_Cup_a_MCR_v_cyklokrosu_mladeze_Unicov\/\">&#8222;bohat\u00f3 fotogalerio z Han\u00e9&#8220;<\/a><\/strong><span style=\"text-align: justify;\"> a taky na &#8211; pro n\u00e1s &#8211; <\/span><strong style=\"text-align: justify;\"><a href=\"http:\/\/www.cyklokros.cz\/cz\/toi-toi-cup-2016\/toi-toi-cup-2016\/unicov\/vysledky\">supr v\u00fdsledkov\u00fd sum\u00e1\u0159<\/a><\/strong><span style=\"text-align: justify;\">!<\/span><\/p>\n<figure id=\"attachment_6653\" aria-describedby=\"caption-attachment-6653\" style=\"width: 1769px\" class=\"wp-caption alignnone\"><a href=\"http:\/\/www.moravecteam.cz\/?attachment_id=6653\" rel=\"attachment wp-att-6653\"><img decoding=\"async\" loading=\"lazy\" class=\" wp-image-6653\" alt=\"img_4969\" src=\"http:\/\/www.moravecteam.cz\/wp-content\/uploads\/2016\/12\/IMG_4969.jpg\" width=\"1769\" height=\"1495\" srcset=\"https:\/\/www.moravecteam.cz\/wp-content\/uploads\/2016\/12\/IMG_4969.jpg 1769w, https:\/\/www.moravecteam.cz\/wp-content\/uploads\/2016\/12\/IMG_4969-300x253.jpg 300w, https:\/\/www.moravecteam.cz\/wp-content\/uploads\/2016\/12\/IMG_4969-1024x865.jpg 1024w\" sizes=\"(max-width: 1769px) 100vw, 1769px\" \/><\/a><figcaption id=\"caption-attachment-6653\" class=\"wp-caption-text\">Uni\u010divsk\u00fd kyt&#8230; Bahno dok\u00e1zalo zalepit kolo tak, \u017ee s n\u00edm prost\u011b ne\u0161lo ot\u00e1\u010det&#8230; Skute\u010dn\u00fd extr\u00e9m, jak\u00fd jsme doposud neza\u017eili&#8230;<\/figcaption><\/figure>\n<p style=\"text-align: justify;\">\n","protected":false},"excerpt":{"rendered":"<p>V\u011bru dlouh\u00e1, dlouh\u00e1 byla pro MORAVEC Team leto\u0161n\u00ed sez\u00f3na&#8230; Vzpom\u00edn\u00e1te? Na p\u0159elomu b\u0159ezna a dubna (n\u011bkte\u0159\u00ed i d\u0159\u00edve) jsme nasko\u010dili z\u00e1vodn\u011b do sedel a v podstat\u011b v cyklu &#8211; co v\u00edkend to z\u00e1vod &#8211; jsme \u00a0&#8211; po osmi a p\u016fl m\u011bs\u00edc\u00edch n\u00e1ro\u010dn\u00fdch souboj\u016f na rozli\u010dn\u00fdch cyklistick\u00fdch front\u00e1ch dorazili p\u0159i Mistrovstvi \u010cR v cyklokrosu v Uni\u010dov\u011b &hellip; <a href=\"https:\/\/www.moravecteam.cz\/?p=6635\" class=\"more-link\">Pokra\u010dov\u00e1n\u00ed textu <span class=\"screen-reader-text\">Z\u00e1v\u011bre\u010dn\u00e1 v Uni\u010dov\u011b!<\/span> <span class=\"meta-nav\">&rarr;<\/span><\/a><\/p>\n","protected":false},"author":3,"featured_media":6644,"comment_status":"open","ping_status":"closed","sticky":false,"template":"","format":"standard","meta":[],"categories":[1],"tags":[],"_links":{"self":[{"href":"https:\/\/www.moravecteam.cz\/index.php?rest_route=\/wp\/v2\/posts\/6635"}],"collection":[{"href":"https:\/\/www.moravecteam.cz\/index.php?rest_route=\/wp\/v2\/posts"}],"about":[{"href":"https:\/\/www.moravecteam.cz\/index.php?rest_route=\/wp\/v2\/types\/post"}],"author":[{"embeddable":true,"href":"https:\/\/www.moravecteam.cz\/index.php?rest_route=\/wp\/v2\/users\/3"}],"replies":[{"embeddable":true,"href":"https:\/\/www.moravecteam.cz\/index.php?rest_route=%2Fwp%2Fv2%2Fcomments&post=6635"}],"version-history":[{"count":12,"href":"https:\/\/www.moravecteam.cz\/index.php?rest_route=\/wp\/v2\/posts\/6635\/revisions"}],"predecessor-version":[{"id":6659,"href":"https:\/\/www.moravecteam.cz\/index.php?rest_route=\/wp\/v2\/posts\/6635\/revisions\/6659"}],"wp:featuredmedia":[{"embeddable":true,"href":"https:\/\/www.moravecteam.cz\/index.php?rest_route=\/wp\/v2\/media\/6644"}],"wp:attachment":[{"href":"https:\/\/www.moravecteam.cz\/index.php?rest_route=%2Fwp%2Fv2%2Fmedia&parent=6635"}],"wp:term":[{"taxonomy":"category","embeddable":true,"href":"https:\/\/www.moravecteam.cz\/index.php?rest_route=%2Fwp%2Fv2%2Fcategories&post=6635"},{"taxonomy":"post_tag","embeddable":true,"href":"https:\/\/www.moravecteam.cz\/index.php?rest_route=%2Fwp%2Fv2%2Ftags&post=6635"}],"curies":[{"name":"wp","href":"https:\/\/api.w.org\/{rel}","templated":true}]}}