{"id":665,"date":"2015-06-08T10:33:19","date_gmt":"2015-06-08T08:33:19","guid":{"rendered":"http:\/\/www.moravecteam.cz\/?p=665"},"modified":"2015-06-08T20:44:00","modified_gmt":"2015-06-08T18:44:00","slug":"prvni-etapak","status":"publish","type":"post","link":"https:\/\/www.moravecteam.cz\/?p=665","title":{"rendered":"Prvn\u00ed &#8222;etap\u00e1k&#8220;&#8230;"},"content":{"rendered":"<p style=\"text-align: justify;\"><span style=\"color: #800000;\"><strong>&#8230;maj\u00ed za sebou dva na\u0161i elitn\u00ed z\u00e1vo\u010f\u00e1ci &#8211; Michal \u0160m\u00edda s Tom\u00e1\u0161em Tlamkou &#8222;Contadorem&#8220;. Minul\u00fd v\u00edkend startovali pod hlavi\u010dkou SCM Favorit Brno\u00a0za \u00a0metodick\u00e9ho veden\u00ed erudovan\u00e9ho tren\u00e9ra SCM Luk\u00e1\u0161e Petra na tradi\u010dn\u00edm \u017e\u00e1kovsk\u00e9m etapov\u00e9m z\u00e1vod\u011b v okol\u00ed Lan\u0161krouna.\u00a0Etap\u00e1k byl pro n\u011b p\u0159edev\u0161\u00edm pr\u016fpravou na bl\u00ed\u017e\u00edc\u00ed se Olympi\u00e1du d\u011bt\u00ed a ml\u00e1de\u017ee v Plzni, kde oba na\u0161e mlad\u00e9\u00a0&#8222;snajpry&#8220;, krom\u011b jejich hlavn\u00ed cyklistick\u00e9 discipl\u00edny,\u00a0\u010dek\u00e1 i\u00a0silni\u010dn\u00ed z\u00e1vod z hromadn\u00fdm startem.\u00a0<\/strong><\/span><\/p>\n<figure id=\"attachment_715\" aria-describedby=\"caption-attachment-715\" style=\"width: 183px\" class=\"wp-caption alignleft\"><a href=\"http:\/\/www.moravecteam.cz\/?attachment_id=715\" rel=\"attachment wp-att-715\"><img decoding=\"async\" loading=\"lazy\" class=\"size-full wp-image-715 \" alt=\"KONICA MINOLTA DIGITAL CAMERA\" src=\"http:\/\/www.moravecteam.cz\/wp-content\/uploads\/2015\/06\/PICT0592.jpg\" width=\"183\" height=\"300\" \/><\/a><figcaption id=\"caption-attachment-715\" class=\"wp-caption-text\">Michal \u0160m\u00edda si se silni\u010dn\u00edm kolem rozum\u00ed.<\/figcaption><\/figure>\n<p style=\"text-align: justify;\">Jako je silni\u010dn\u00ed ZMM v Jev\u00ed\u010dku Mekkou kadetsk\u00fdch kategori\u00ed, Lan\u0161kroun je zase u\u017e po l\u00e9ta presti\u017en\u00ed \u0161tac\u00ed pro kategorie \u017e\u00e1kovsk\u00e9. A \u017ee je tento mezin\u00e1rodn\u00ed z\u00e1vod v oblib\u011b, sv\u011bd\u010d\u00ed v\u00edce jak stohlav\u00e9 chlapeck\u00e9 startovn\u00ed pole borc\u016f z r\u016fzn\u00fdch zem\u00ed Evropy, kter\u00e9 se na trat\u00edch, v podh\u016f\u0159\u00ed Orlick\u00fdch hor letos se\u0161lo. A k na\u0161\u00ed velk\u00e9 radosti se dva na\u0161i\u00a0mlad\u00ed kovan\u00ed bike\u0159i\u00a0mezi specialisty\u00a0&#8211; silni\u010d\u00e1\u0159i v\u016fbec neztratili.\u00a0Spolu s ostatn\u00edmi soupe\u0159i museli zvl\u00e1dnout v pr\u016fb\u011bhu v\u00edkendu t\u0159i n\u00e1ro\u010dn\u00e9 etapy (45km-30km-43km) plus \u010dasovku (8km), co\u017e v kopcovit\u00e9m ter\u00e9nu podh\u016f\u0159\u00ed Orlick\u00fdch hor a za hork\u00e9ho po\u010das\u00ed, kter\u00e9 minul\u00e9 dny doprov\u00e1zelo, nebylo v\u016fbec jednoduch\u00e9. \u017de si \u00fanava brala svoji da\u0148, o tom sv\u011bd\u010d\u00ed i n\u011bkolik hromadn\u00fdch p\u00e1d\u016f, kter\u00e9 startovn\u00ed pole postihly, na\u0161t\u011bst\u00ed se ale v\u0161e obe\u0161lo bez v\u00e1\u017en\u011bj\u0161\u00edch n\u00e1sledk\u016f. Jedin\u00fd probl\u00e9m technick\u00e9ho r\u00e1zu postihl &#8222;Contadora&#8220; v sobotn\u00ed etap\u011b, kdy\u017e ho ne m\u00e1lo zbrzdil defekt.<\/p>\n<figure id=\"attachment_716\" aria-describedby=\"caption-attachment-716\" style=\"width: 180px\" class=\"wp-caption alignleft\"><a href=\"http:\/\/www.moravecteam.cz\/?attachment_id=716\" rel=\"attachment wp-att-716\"><img decoding=\"async\" loading=\"lazy\" class=\"size-full wp-image-716 \" alt=\"KONICA MINOLTA DIGITAL CAMERA\" src=\"http:\/\/www.moravecteam.cz\/wp-content\/uploads\/2015\/06\/PICT0593.jpg\" width=\"180\" height=\"300\" \/><\/a><figcaption id=\"caption-attachment-716\" class=\"wp-caption-text\">Tom\u00e1\u0161 Tlamka &#8222;Contador&#8220; &#8211; na silni\u010dn\u00edm speci\u00e1lu byl doposud m\u00e1lo k vid\u011bn\u00ed.<\/figcaption><\/figure>\n<p style=\"text-align: justify;\">Po ned\u011bln\u00ed \u010dtvrt\u00e9 etap\u011b jsme se tedy mohli s uspokojen\u00edm ve v\u00fdsledkov\u00fdch listin\u00e1ch do\u010d\u00edst, \u017ee <span style=\"color: #800000;\"><strong>Michal \u0160m\u00edda byl klasifikov\u00e1n na 73. m\u00edst\u011b a Tom\u00e1\u0161 Tlamka &#8222;Contador&#8220; na 87. m\u00edst\u011b.<\/strong><\/span> Oba na\u0161i v okol\u00ed Lan\u0161krouna nejen kvalitn\u011b silov\u011b potr\u00e9novali, ale vezou si\u00a0 krom\u011b tohoto slu\u0161n\u00e9ho v\u00fdsledku p\u0159edev\u0161\u00edm ranec zku\u0161enost\u00ed se z\u00e1vodem tohoto typu. A ty\u00a0se ur\u010dit\u011b se budou co nevid\u011bt hodit pod plze\u0148sk\u00fdmi olympijsk\u00fdmi kruhy. Dv\u011bma na\u0161im state\u010dn\u00fdm d\u00edky moc za vzorn\u00e9 repre MORAVCE. V\u00fdsledkov\u00fd servis\u00a0\u00a0studujte d\u0159\u00edv nebo pozd\u011bji\u00a0zde: <strong><a href=\"http:\/\/vysledky.cyklovysledky.cz\/\">http:\/\/vysledky.cyklovysledky.cz\/<\/a>, <\/strong>za\u00a0z\u00e1kladn\u00ed informace, co \u017ee se v okol\u00ed Lan\u0161krouna o uplynul\u00e9m, sluncem zalit\u00e9m v\u00edkendu d\u011blo, d\u00edky moc Milanu Tlamkovi. Ofici\u00e1ln\u00ed str\u00e1nky bl\u00ed\u017e\u00edc\u00ed se olympi\u00e1dy d\u011bt\u00ed a ml\u00e1de\u017ee v Plzni, na kter\u00e9 dva na\u0161e \u00fa\u010dastnicky dopln\u00ed je\u0161t\u011b Terka Obo\u0159ilov\u00e1, okoukn\u011bte tu\u0165:\u00a0<strong><a href=\"http:\/\/odm.olympic.cz\/2015\">http:\/\/odm.olympic.cz\/2015<\/a><\/strong><\/p>\n<p style=\"text-align: justify;\">\n","protected":false},"excerpt":{"rendered":"<p>&#8230;maj\u00ed za sebou dva na\u0161i elitn\u00ed z\u00e1vo\u010f\u00e1ci &#8211; Michal \u0160m\u00edda s Tom\u00e1\u0161em Tlamkou &#8222;Contadorem&#8220;. Minul\u00fd v\u00edkend startovali pod hlavi\u010dkou SCM Favorit Brno\u00a0za \u00a0metodick\u00e9ho veden\u00ed erudovan\u00e9ho tren\u00e9ra SCM Luk\u00e1\u0161e Petra na tradi\u010dn\u00edm \u017e\u00e1kovsk\u00e9m etapov\u00e9m z\u00e1vod\u011b v okol\u00ed Lan\u0161krouna.\u00a0Etap\u00e1k byl pro n\u011b p\u0159edev\u0161\u00edm pr\u016fpravou na bl\u00ed\u017e\u00edc\u00ed se Olympi\u00e1du d\u011bt\u00ed a ml\u00e1de\u017ee v Plzni, kde oba na\u0161e mlad\u00e9\u00a0&#8222;snajpry&#8220;, &hellip; <a href=\"https:\/\/www.moravecteam.cz\/?p=665\" class=\"more-link\">Pokra\u010dov\u00e1n\u00ed textu <span class=\"screen-reader-text\">Prvn\u00ed &#8222;etap\u00e1k&#8220;&#8230;<\/span> <span class=\"meta-nav\">&rarr;<\/span><\/a><\/p>\n","protected":false},"author":3,"featured_media":719,"comment_status":"closed","ping_status":"open","sticky":false,"template":"","format":"standard","meta":[],"categories":[1],"tags":[],"_links":{"self":[{"href":"https:\/\/www.moravecteam.cz\/index.php?rest_route=\/wp\/v2\/posts\/665"}],"collection":[{"href":"https:\/\/www.moravecteam.cz\/index.php?rest_route=\/wp\/v2\/posts"}],"about":[{"href":"https:\/\/www.moravecteam.cz\/index.php?rest_route=\/wp\/v2\/types\/post"}],"author":[{"embeddable":true,"href":"https:\/\/www.moravecteam.cz\/index.php?rest_route=\/wp\/v2\/users\/3"}],"replies":[{"embeddable":true,"href":"https:\/\/www.moravecteam.cz\/index.php?rest_route=%2Fwp%2Fv2%2Fcomments&post=665"}],"version-history":[{"count":8,"href":"https:\/\/www.moravecteam.cz\/index.php?rest_route=\/wp\/v2\/posts\/665\/revisions"}],"predecessor-version":[{"id":731,"href":"https:\/\/www.moravecteam.cz\/index.php?rest_route=\/wp\/v2\/posts\/665\/revisions\/731"}],"wp:featuredmedia":[{"embeddable":true,"href":"https:\/\/www.moravecteam.cz\/index.php?rest_route=\/wp\/v2\/media\/719"}],"wp:attachment":[{"href":"https:\/\/www.moravecteam.cz\/index.php?rest_route=%2Fwp%2Fv2%2Fmedia&parent=665"}],"wp:term":[{"taxonomy":"category","embeddable":true,"href":"https:\/\/www.moravecteam.cz\/index.php?rest_route=%2Fwp%2Fv2%2Fcategories&post=665"},{"taxonomy":"post_tag","embeddable":true,"href":"https:\/\/www.moravecteam.cz\/index.php?rest_route=%2Fwp%2Fv2%2Ftags&post=665"}],"curies":[{"name":"wp","href":"https:\/\/api.w.org\/{rel}","templated":true}]}}