{"id":6660,"date":"2016-12-11T23:16:02","date_gmt":"2016-12-11T22:16:02","guid":{"rendered":"http:\/\/www.moravecteam.cz\/?p=6660"},"modified":"2016-12-11T23:26:08","modified_gmt":"2016-12-11T22:26:08","slug":"treti-advent-v-brne","status":"publish","type":"post","link":"https:\/\/www.moravecteam.cz\/?p=6660","title":{"rendered":"T\u0159et\u00ed Advent v Brn\u011b!"},"content":{"rendered":"<p style=\"text-align: justify;\"><span style=\"color: #800000;\"><strong>Jak rychle se v\u017edy ten rok &#8222;p\u0159ekul\u00ed&#8220;&#8230; Jako by to bylo v\u010dera, kdy\u017e jsme p\u0159ed rokem p\u0159ibli\u017en\u011b ve stejn\u00e9m Adventn\u00edm \u010dase vyrazili za Vlastimilem MORAVCEM, abychom se poklonili jeho pam\u00e1tce a pochlubili se dosa\u017een\u00fdmi \u00fasp\u011bchy, o kter\u00e9 rok co rok usilujeme v jeho jm\u00e9nu&#8230; Leto\u0161n\u00ed pietn\u00ed n\u00e1v\u0161t\u011bvu jsme sice neabsolvovali v rekordn\u00edm po\u010dtu, \u017ee n\u00e1s ale bylo u m\u00edsta posledn\u00edho odpo\u010dinku na\u0161\u00ed Ikony m\u00e9n\u011b, ne\u017e na\u0161ich brn\u011bnsk\u00fdch kamar\u00e1d\u016f, se kter\u00fdmi se zde u\u017e po l\u00e9ta pravideln\u011b setk\u00e1v\u00e1me, n\u00e1s pot\u011b\u0161ilo! A v\u00fd\u010det leto\u0161n\u00edch \u00fasp\u011bch\u016f, se kter\u00fdmi jsme s Vlast\u00edkovi mohli pochlubit, byl, v\u011b\u0159te, rekordn\u00ed!<\/strong><\/span><\/p>\n<figure id=\"attachment_6663\" aria-describedby=\"caption-attachment-6663\" style=\"width: 1211px\" class=\"wp-caption alignnone\"><a href=\"http:\/\/www.moravecteam.cz\/?attachment_id=6663\" rel=\"attachment wp-att-6663\"><img decoding=\"async\" loading=\"lazy\" class=\" wp-image-6663\" alt=\"img_2554\" src=\"http:\/\/www.moravecteam.cz\/wp-content\/uploads\/2016\/12\/IMG_2554.jpg\" width=\"1211\" height=\"1267\" srcset=\"https:\/\/www.moravecteam.cz\/wp-content\/uploads\/2016\/12\/IMG_2554.jpg 1211w, https:\/\/www.moravecteam.cz\/wp-content\/uploads\/2016\/12\/IMG_2554-25x25.jpg 25w, https:\/\/www.moravecteam.cz\/wp-content\/uploads\/2016\/12\/IMG_2554-286x300.jpg 286w, https:\/\/www.moravecteam.cz\/wp-content\/uploads\/2016\/12\/IMG_2554-978x1024.jpg 978w\" sizes=\"(max-width: 1211px) 100vw, 1211px\" \/><\/a><figcaption id=\"caption-attachment-6663\" class=\"wp-caption-text\">Zitu\u0161ka od na\u0161eho posledn\u00edho setk\u00e1n\u00ed (p\u0159i MTB PDV na Bene\u0161ov\u011b) op\u011bt znateln\u011b povyrostla! V\u0161ak u\u017e pr\u00fd po\u0161ilh\u00e1v\u00e1 po odr\u00e1\u017eedlu a po MTB &#8222;Vrchovin\u011b&#8220; 2017!<\/figcaption><\/figure>\n<p style=\"text-align: justify;\"><span style=\"color: #800000;\"><span style=\"color: #000000;\">Ke t\u0159em MORAVC\u016eM, kte\u0159\u00ed vyrazili ve stanoven\u00e9m startovn\u00edm \u010dase &#8222;\u010c&#8220; z Boskovic se ve Skalici nad Svitavou p\u0159idali dal\u0161\u00ed dva a po cest\u011b do Brna jsme se d\u00edk Milanu Tlamkovi on-line p\u0159ekvapiv\u011b propojili nejen zvukem, ale i obrazem s Malajsk\u00fdm Langkawi, kde v sou\u010dasnosti velmi \u00fasp\u011b\u0161n\u011b operuje na\u0161e Zav\u0159elovic Do\u010dasn\u00e1 Asijsk\u00e1 Rota! Velmi neo\u010dek\u00e1van\u00e9, ale hlavn\u011b velmi mil\u00e9 zpest\u0159en\u00ed na\u0161\u00ed cesty! Zat\u00edmco setk\u00e1n\u00ed se dv\u011bma Ji\u0159\u00edky, Ad\u00e9lkou a Ilonou bylo vzd\u00e1len\u00e9 formou videokonference, setk\u00e1n\u00ed s na\u0161imi brn\u011bnsk\u00fdmi p\u0159\u00e1teli na \u00fast\u0159edn\u00edm h\u0159bitov\u011b u hrobu Vlastimila MORVCE bylo veskrze bl\u00edzk\u00e9 (ale nikoli t\u0159et\u00edho druhu) a samoz\u0159ejm\u011b zcela re\u00e1ln\u00e9 a tak\u0159\u00edkaj\u00edc &#8222;hmotn\u00e9&#8220;.<\/span><\/span><\/p>\n<figure id=\"attachment_6665\" aria-describedby=\"caption-attachment-6665\" style=\"width: 1934px\" class=\"wp-caption alignnone\"><a href=\"http:\/\/www.moravecteam.cz\/?attachment_id=6665\" rel=\"attachment wp-att-6665\"><img decoding=\"async\" loading=\"lazy\" class=\" wp-image-6665\" alt=\"img_2582\" src=\"http:\/\/www.moravecteam.cz\/wp-content\/uploads\/2016\/12\/IMG_2582.jpg\" width=\"1934\" height=\"1376\" srcset=\"https:\/\/www.moravecteam.cz\/wp-content\/uploads\/2016\/12\/IMG_2582.jpg 1934w, https:\/\/www.moravecteam.cz\/wp-content\/uploads\/2016\/12\/IMG_2582-300x213.jpg 300w, https:\/\/www.moravecteam.cz\/wp-content\/uploads\/2016\/12\/IMG_2582-1024x728.jpg 1024w\" sizes=\"(max-width: 1934px) 100vw, 1934px\" \/><\/a><figcaption id=\"caption-attachment-6665\" class=\"wp-caption-text\">Na m\u00edst\u011b teragick\u00e9 od\u00e1losti, od kter\u00e9 ub\u011bhlo 15. dubna 2016 u\u017e 30 let&#8230;<\/figcaption><\/figure>\n<p style=\"text-align: justify;\"><span style=\"color: #800000;\"><span style=\"color: #000000;\">Za dan\u00e9 spor\u00e9 \u00fa\u010dasti MORAVC\u016e (bylo n\u00e1s &#8222;Pol\u00e1\u010dkovsk\u00fdch&#8220; p\u011bt) n\u00e1s &#8222;br\u0148\u00e1ce po\u010detn\u011b trumfle&#8220; (bylo jich &#8222;nepol\u00e1\u010dkovsk\u00fdch&#8220; \u0161est), ale to n\u00e1m v\u016fbec, ale v\u016fbec nevadilo&#8230; Naopak&#8230; Pov\u00eddat si u pomn\u00ed\u010dku rodiny MORAVC\u016e bylo po \u010dase vskutku o \u010dem, kdy\u017e hv\u011bzdi\u010dkou setk\u00e1n\u00ed byla bezesporu roztomil\u00e1 Ziut\u0161ka Bartol\u0161ic-MORAVCOV\u00c1! Dal\u0161\u00ed co n\u00e1s velmi pot\u011b\u0161ilo je fakt, \u017ee Zitu\u0161ka bude m\u00edt na p\u0159es rok, koncem b\u0159ezna sest\u0159i\u010dku!!! Bartol\u0161icovi se od n\u00e1s p\u0159i n\u00e1vratu ze h\u0159bitova sice odd\u011blili (sp\u00e1nkov\u00fd re\u017eim Zitu\u0161ky si to vy\u017e\u00e1dal), ale se zbyl\u00fdmi Br\u0148\u00e1ky jsme &#8211; jako v\u017edy &#8211; vyrazili je\u0161t\u011b na osudn\u00e9 m\u00edsto, kter\u00e9 se p\u0159ed v\u00edce jak t\u0159iceti lety stalo Vlast\u00edku MORAVCOVI osudn\u00fdm&#8230; I zde jsme, stejn\u011b jako na h\u0159bitov\u011b, zap\u00e1lili sv\u00ed\u010dku a setrvali v kr\u00e1tk\u00e9, tich\u00e9 vzpom\u00ednce na tragickou ud\u00e1lost&#8230;\u00a0<\/span><\/span><\/p>\n<figure id=\"attachment_6666\" aria-describedby=\"caption-attachment-6666\" style=\"width: 1559px\" class=\"wp-caption alignnone\"><a href=\"http:\/\/www.moravecteam.cz\/?attachment_id=6666\" rel=\"attachment wp-att-6666\"><img decoding=\"async\" loading=\"lazy\" class=\" wp-image-6666\" alt=\"img_2603\" src=\"http:\/\/www.moravecteam.cz\/wp-content\/uploads\/2016\/12\/IMG_2603.jpg\" width=\"1559\" height=\"927\" srcset=\"https:\/\/www.moravecteam.cz\/wp-content\/uploads\/2016\/12\/IMG_2603.jpg 1559w, https:\/\/www.moravecteam.cz\/wp-content\/uploads\/2016\/12\/IMG_2603-300x178.jpg 300w, https:\/\/www.moravecteam.cz\/wp-content\/uploads\/2016\/12\/IMG_2603-1024x608.jpg 1024w\" sizes=\"(max-width: 1559px) 100vw, 1559px\" \/><\/a><figcaption id=\"caption-attachment-6666\" class=\"wp-caption-text\">Spole\u010dn\u00e1 fotka s Ivanem Ku\u010d\u00edrkem o ob\u011bd\u011b v restauraci Montana v Kohoutovic\u00edch.<\/figcaption><\/figure>\n<p style=\"text-align: justify;\">N\u00e1v\u0161t\u011bva \u00fatuln\u00e9 kohoutovsk\u00e9 hosp\u016fdky &#8222;Montana&#8220; p\u0159i\u0161la posl\u00e9ze velmi vhod. Va\u0159\u00ed zde v\u00fdborn\u011b no a p\u011bt(!) druh\u016f to\u010den\u00fdch piv bylo pro n\u00e1s, pov\u011bt\u0161inou ortodoxn\u00ed piva\u0159e, velmi mil\u00fdm p\u0159ekvapen\u00edm! Ne ale jedin\u00fdm! Z\u00e1hy se Jarda Blaha v\u0161imnul, \u017ee hostem hosp\u016fdky je mimo n\u00e1s i dal\u0161\u00ed z kamar\u00e1d\u016f Vlast\u00edka MORAVCE za jeho \u017eivota: trojn\u00e1sobn\u00fd dr\u00e1ha\u0159sk\u00fd s\u011btov\u00fd \u0161ampion <strong><a href=\"https:\/\/leporelo.info\/kucirek-ivan\">Ivan Ku\u010d\u00edrek<\/a><\/strong>! Velmi rychle jsme ov\u011b\u0159ili, \u017ee i Ivan je na\u0161e &#8222;krevn\u00ed skupina&#8220;!\u017d e jsme v Montan\u011b str\u00e1vili velmi fajn odpoledne, je jasn\u011b vid\u011bt z <strong><a href=\"http:\/\/moravecteam.rajce.idnes.cz\/2016.12.11_U_hrobu_Vlastimila_MORAVCE\/\">fotogalerie<\/a><\/strong> a v\u0161e dokreslila podve\u010dern\u00ed proch\u00e1zka Adventn\u00edm Brnem: z &#8222;\u010c\u00e1ry&#8220; p\u0159es &#8222;Svobo\u010f\u00e1k&#8220; a pak jsme to vzali je\u0161t\u011b i na &#8222;Zel\u0148\u00e1k&#8220;. Tepl\u00e9 n\u00e1poje chutnaly, stejn\u011b jako vo\u0148av\u00fd brambor\u00e1k! O t\u0159et\u00ed Adventn\u00ed ned\u011bli MORAVCE nuda v Brn\u011b zkr\u00e1tka nepotkala..!<\/p>\n<figure id=\"attachment_6667\" aria-describedby=\"caption-attachment-6667\" style=\"width: 1691px\" class=\"wp-caption alignnone\"><a href=\"http:\/\/www.moravecteam.cz\/?attachment_id=6667\" rel=\"attachment wp-att-6667\"><img decoding=\"async\" loading=\"lazy\" class=\" wp-image-6667\" alt=\"img_2629\" src=\"http:\/\/www.moravecteam.cz\/wp-content\/uploads\/2016\/12\/IMG_2629.jpg\" width=\"1691\" height=\"1531\" srcset=\"https:\/\/www.moravecteam.cz\/wp-content\/uploads\/2016\/12\/IMG_2629.jpg 1691w, https:\/\/www.moravecteam.cz\/wp-content\/uploads\/2016\/12\/IMG_2629-300x271.jpg 300w, https:\/\/www.moravecteam.cz\/wp-content\/uploads\/2016\/12\/IMG_2629-1024x927.jpg 1024w\" sizes=\"(max-width: 1691px) 100vw, 1691px\" \/><\/a><figcaption id=\"caption-attachment-6667\" class=\"wp-caption-text\">I Je\u017e\u00ed\u0161ka jsme o t\u0159et\u00ed Adventn\u00ed ned\u011bli v Brn\u011b stihnuli nav\u0161t\u00edvit!<\/figcaption><\/figure>\n","protected":false},"excerpt":{"rendered":"<p>Jak rychle se v\u017edy ten rok &#8222;p\u0159ekul\u00ed&#8220;&#8230; Jako by to bylo v\u010dera, kdy\u017e jsme p\u0159ed rokem p\u0159ibli\u017en\u011b ve stejn\u00e9m Adventn\u00edm \u010dase vyrazili za Vlastimilem MORAVCEM, abychom se poklonili jeho pam\u00e1tce a pochlubili se dosa\u017een\u00fdmi \u00fasp\u011bchy, o kter\u00e9 rok co rok usilujeme v jeho jm\u00e9nu&#8230; Leto\u0161n\u00ed pietn\u00ed n\u00e1v\u0161t\u011bvu jsme sice neabsolvovali v rekordn\u00edm po\u010dtu, \u017ee n\u00e1s &hellip; <a href=\"https:\/\/www.moravecteam.cz\/?p=6660\" class=\"more-link\">Pokra\u010dov\u00e1n\u00ed textu <span class=\"screen-reader-text\">T\u0159et\u00ed Advent v Brn\u011b!<\/span> <span class=\"meta-nav\">&rarr;<\/span><\/a><\/p>\n","protected":false},"author":3,"featured_media":6664,"comment_status":"open","ping_status":"closed","sticky":false,"template":"","format":"standard","meta":[],"categories":[13],"tags":[],"_links":{"self":[{"href":"https:\/\/www.moravecteam.cz\/index.php?rest_route=\/wp\/v2\/posts\/6660"}],"collection":[{"href":"https:\/\/www.moravecteam.cz\/index.php?rest_route=\/wp\/v2\/posts"}],"about":[{"href":"https:\/\/www.moravecteam.cz\/index.php?rest_route=\/wp\/v2\/types\/post"}],"author":[{"embeddable":true,"href":"https:\/\/www.moravecteam.cz\/index.php?rest_route=\/wp\/v2\/users\/3"}],"replies":[{"embeddable":true,"href":"https:\/\/www.moravecteam.cz\/index.php?rest_route=%2Fwp%2Fv2%2Fcomments&post=6660"}],"version-history":[{"count":7,"href":"https:\/\/www.moravecteam.cz\/index.php?rest_route=\/wp\/v2\/posts\/6660\/revisions"}],"predecessor-version":[{"id":6672,"href":"https:\/\/www.moravecteam.cz\/index.php?rest_route=\/wp\/v2\/posts\/6660\/revisions\/6672"}],"wp:featuredmedia":[{"embeddable":true,"href":"https:\/\/www.moravecteam.cz\/index.php?rest_route=\/wp\/v2\/media\/6664"}],"wp:attachment":[{"href":"https:\/\/www.moravecteam.cz\/index.php?rest_route=%2Fwp%2Fv2%2Fmedia&parent=6660"}],"wp:term":[{"taxonomy":"category","embeddable":true,"href":"https:\/\/www.moravecteam.cz\/index.php?rest_route=%2Fwp%2Fv2%2Fcategories&post=6660"},{"taxonomy":"post_tag","embeddable":true,"href":"https:\/\/www.moravecteam.cz\/index.php?rest_route=%2Fwp%2Fv2%2Ftags&post=6660"}],"curies":[{"name":"wp","href":"https:\/\/api.w.org\/{rel}","templated":true}]}}