{"id":669,"date":"2015-06-08T12:35:59","date_gmt":"2015-06-08T10:35:59","guid":{"rendered":"http:\/\/www.moravecteam.cz\/?p=669"},"modified":"2015-06-08T20:36:31","modified_gmt":"2015-06-08T18:36:31","slug":"nominace-do-pece","status":"publish","type":"post","link":"https:\/\/www.moravecteam.cz\/?p=669","title":{"rendered":"Nominace do Pece"},"content":{"rendered":"<p style=\"text-align: justify;\"><span style=\"color: #800000;\"><strong>Dev\u00edtka MORAVC\u016e bude reprezentovat n\u00e1\u0161 odd\u00edl na trat\u00edch v Peci pod\u00a0 Sn\u011b\u017ekou p\u0159i t\u0159et\u00edm z\u00e1vod\u011b \u010cesk\u00e9ho poh\u00e1ru horsk\u00fdch kol, kdy se v sobotu pojedou &#8211; podobn\u011b jako v minule v Praze &#8211; sprinty a v ned\u011bli pak bude na programu klasick\u00e9 cross country.<\/strong> <\/span><\/p>\n<p style=\"text-align: justify;\">Oproti minul\u00e9 race bude chyb\u011bt omluven\u00ed &#8222;eli\u0165\u00e1k&#8220; Radim Kov\u00e1\u0159, kadetka Monika Kone\u010dn\u00e1 a junior Patrik Kol\u00e1\u0159, naopak po pln\u011bn\u00ed studijn\u00edch povinnost\u00ed se do sestavy vrac\u00ed &#8222;expert&#8220; Luk\u00e1\u0161 Gregor. D\u016fv\u011bru tren\u00e9ra Prudka tedy dostali:<\/p>\n<ul>\n<li>\n<div style=\"text-align: justify;\">Mlad\u0161\u00ed \u017e\u00e1ci &#8211; <span style=\"color: #800000;\"><strong>Jakub Tesa\u0159<\/strong><\/span><\/div>\n<\/li>\n<li>Star\u0161\u00ed \u017d\u00e1kyn\u011b &#8211; <strong><span style=\"color: #800000;\">Tereza Obo\u0159ilov\u00e1, Anna Zem\u00e1nkov\u00e1<\/span><\/strong><\/li>\n<li>Star\u0161\u00ed \u017e\u00e1ci &#8211; <strong><span style=\"color: #800000;\">Michal \u0160m\u00edda, Tom\u00e1\u0161 Tlamka &#8222;Contador&#8220;<\/span><\/strong><\/li>\n<li>Kadetky &#8211; <span style=\"color: #800000;\"><strong>Jana Tesa\u0159ov\u00e1<\/strong><\/span><\/li>\n<li>Kadeti &#8211; <strong><span style=\"color: #800000;\">Mat\u011bj Maz\u00e1nek, Jan \u0160m\u00edda<\/span><\/strong><\/li>\n<li>Mu\u017ei EXPERT &#8211; <strong><span style=\"color: #800000;\">Luk\u00e1\u0161 Gregor<\/span><\/strong><\/li>\n<\/ul>\n<p style=\"text-align: justify;\">Propozice k race hledejte zde: <a href=\"http:\/\/www.poharmtb.cz\/cross-country\/cross-country-propozice\/\"><strong>http:\/\/www.poharmtb.cz\/cross-country\/cross-country-propozice\/<\/strong><\/a>, dal\u0161\u00ed pokyny a podrobnosti k p\u0159esunu do opera\u010dn\u00edho prostoru budou zde zve\u0159ejn\u011bny co nevid\u011bt.<\/p>\n<p>Velitel v\u00fdsadku: <strong><span style=\"color: #800000;\">Milan Tlamka<\/span><\/strong><\/p>\n<p>Volac\u00ed znak v\u00fdsadku: <span style=\"color: #800000;\"><strong>SILVER &#8222;B&#8220;<\/strong><\/span><\/p>\n<p>&nbsp;<\/p>\n<p>&nbsp;<\/p>\n","protected":false},"excerpt":{"rendered":"<p>Dev\u00edtka MORAVC\u016e bude reprezentovat n\u00e1\u0161 odd\u00edl na trat\u00edch v Peci pod\u00a0 Sn\u011b\u017ekou p\u0159i t\u0159et\u00edm z\u00e1vod\u011b \u010cesk\u00e9ho poh\u00e1ru horsk\u00fdch kol, kdy se v sobotu pojedou &#8211; podobn\u011b jako v minule v Praze &#8211; sprinty a v ned\u011bli pak bude na programu klasick\u00e9 cross country. Oproti minul\u00e9 race bude chyb\u011bt omluven\u00ed &#8222;eli\u0165\u00e1k&#8220; Radim Kov\u00e1\u0159, kadetka Monika Kone\u010dn\u00e1 &hellip; <a href=\"https:\/\/www.moravecteam.cz\/?p=669\" class=\"more-link\">Pokra\u010dov\u00e1n\u00ed textu <span class=\"screen-reader-text\">Nominace do Pece<\/span> <span class=\"meta-nav\">&rarr;<\/span><\/a><\/p>\n","protected":false},"author":3,"featured_media":0,"comment_status":"closed","ping_status":"open","sticky":false,"template":"","format":"standard","meta":[],"categories":[1],"tags":[],"_links":{"self":[{"href":"https:\/\/www.moravecteam.cz\/index.php?rest_route=\/wp\/v2\/posts\/669"}],"collection":[{"href":"https:\/\/www.moravecteam.cz\/index.php?rest_route=\/wp\/v2\/posts"}],"about":[{"href":"https:\/\/www.moravecteam.cz\/index.php?rest_route=\/wp\/v2\/types\/post"}],"author":[{"embeddable":true,"href":"https:\/\/www.moravecteam.cz\/index.php?rest_route=\/wp\/v2\/users\/3"}],"replies":[{"embeddable":true,"href":"https:\/\/www.moravecteam.cz\/index.php?rest_route=%2Fwp%2Fv2%2Fcomments&post=669"}],"version-history":[{"count":12,"href":"https:\/\/www.moravecteam.cz\/index.php?rest_route=\/wp\/v2\/posts\/669\/revisions"}],"predecessor-version":[{"id":727,"href":"https:\/\/www.moravecteam.cz\/index.php?rest_route=\/wp\/v2\/posts\/669\/revisions\/727"}],"wp:attachment":[{"href":"https:\/\/www.moravecteam.cz\/index.php?rest_route=%2Fwp%2Fv2%2Fmedia&parent=669"}],"wp:term":[{"taxonomy":"category","embeddable":true,"href":"https:\/\/www.moravecteam.cz\/index.php?rest_route=%2Fwp%2Fv2%2Fcategories&post=669"},{"taxonomy":"post_tag","embeddable":true,"href":"https:\/\/www.moravecteam.cz\/index.php?rest_route=%2Fwp%2Fv2%2Ftags&post=669"}],"curies":[{"name":"wp","href":"https:\/\/api.w.org\/{rel}","templated":true}]}}