{"id":6695,"date":"2016-12-16T22:56:44","date_gmt":"2016-12-16T21:56:44","guid":{"rendered":"http:\/\/www.moravecteam.cz\/?p=6695"},"modified":"2016-12-17T21:15:48","modified_gmt":"2016-12-17T20:15:48","slug":"v-patek-s-adamem","status":"publish","type":"post","link":"https:\/\/www.moravecteam.cz\/?p=6695","title":{"rendered":"V p\u00e1tek s Adamem!"},"content":{"rendered":"<p style=\"text-align: justify;\"><strong><span style=\"color: #800000;\">Ne, \u017ee by posledn\u00ed p\u00e1te\u010dn\u00ed cvi\u010den\u00ed vedl n\u011bkdo jin\u00fd, ne\u017e osv\u011bd\u010den\u00e1 TOP cvi\u010ditelka Iv\u010da Prudkov\u00e1. Ale poprv\u00e9 si letos na podzim s n\u00e1mi zacvi\u010dil n\u00e1\u0161 odchovanec a toho \u010dasu nad\u011bjn\u00fd mlad\u00fd silni\u010d\u00e1\u0159, \u010dlen Favoritu Brno, Adam Sekanina. R\u00e1ny, kter\u00e9 letos utr\u017eil p\u0159i hromadn\u00e9m p\u00e1du na etap\u00e1ku ve Francii jsou ji\u017e zacelen\u00e9 a kdy\u017e k tomu p\u0159ipo\u010dteme soustavn\u011b dobr\u00e9 studijn\u00ed v\u00fdsledky i vzornou tr\u00e9ninkovou mor\u00e1lku, je jasn\u00e9, \u017ee Adam m\u016f\u017ee vyhl\u00ed\u017eet p\u0159\u00ed\u0161t\u00ed sez\u00f3nu bez obav! V\u016fbec se to cyklistick\u00fdmi &#8222;bomra\u010f\u00e1ky&#8220; v bene\u0161ovsk\u00e9 t\u011blocvi\u010dn\u011b o t\u0159et\u00edm Adventu jen hem\u017eilo, p\u0159i\u010dteme-li k \u00c1dovi dva \u00fa\u0159aduj\u00edc\u00ed leto\u0161n\u00ed \u010desk\u00e9 \u0161ampiony v MTB sprintu &#8211; Tom\u00e1\u0161e Tlamku &#8222;Contadora&#8220; a Dominika Prudka.<\/span><\/strong><\/p>\n<figure id=\"attachment_6698\" aria-describedby=\"caption-attachment-6698\" style=\"width: 1524px\" class=\"wp-caption alignnone\"><a href=\"http:\/\/www.moravecteam.cz\/?attachment_id=6698\" rel=\"attachment wp-att-6698\"><img decoding=\"async\" loading=\"lazy\" class=\" wp-image-6698\" alt=\"img_2754\" src=\"http:\/\/www.moravecteam.cz\/wp-content\/uploads\/2016\/12\/IMG_2754.jpg\" width=\"1524\" height=\"844\" srcset=\"https:\/\/www.moravecteam.cz\/wp-content\/uploads\/2016\/12\/IMG_2754.jpg 1524w, https:\/\/www.moravecteam.cz\/wp-content\/uploads\/2016\/12\/IMG_2754-300x166.jpg 300w, https:\/\/www.moravecteam.cz\/wp-content\/uploads\/2016\/12\/IMG_2754-1024x567.jpg 1024w, https:\/\/www.moravecteam.cz\/wp-content\/uploads\/2016\/12\/IMG_2754-672x372.jpg 672w, https:\/\/www.moravecteam.cz\/wp-content\/uploads\/2016\/12\/IMG_2754-1038x576.jpg 1038w\" sizes=\"(max-width: 1524px) 100vw, 1524px\" \/><\/a><figcaption id=\"caption-attachment-6698\" class=\"wp-caption-text\">Jak na to, aby medicimbal poslouchal, p\u0159edvedla p\u00e1te\u010dn\u00edm cvi\u010denc\u016fm Ivanka se svoj\u00ed ratolest\u00ed &#8211; Dominikem!<\/figcaption><\/figure>\n<p style=\"text-align: justify;\">A \u00a0jako by p\u0159\u00edtomnost t\u011bchto sice je\u0161t\u011b mlad\u00fdch, ale u\u017e docela dob\u0159e nastartovan\u00fdch tuzemsk\u00fdch cyklistick\u00fdch &#8222;velik\u00e1nk\u016f&#8220; byla povzbuzuj\u00edc\u00edm prvkem i pro ostan\u00edch, v\u00edce jak tucet cvi\u010denc\u016f! V\u011b\u0159te, \u017ee povzbuzen\u00ed, bylo t\u0159eba&#8230; Iv\u010da u\u017e v z\u00e1kladn\u00edm tr\u00e9ninku za\u0159adila do sv\u00e9 sestavy nov\u00e9 prvky a d\u00edky nim jsme procvi\u010dili krom\u011b horn\u00edch a doln\u00edch kon\u010detin hlavn\u011b pro bikera tolik pot\u0159ebn\u00e9 , b\u0159i\u0161n\u00ed svalstvo. \u00a0A d\u00edky nim jsme se &#8211; tedy alespo\u0148 j\u00e1 &#8211; p\u011bkn\u011b zapotili! Krom\u011b Adamovy podzimn\u00ed t\u011blocvi\u010dnov\u00e9 premi\u00e9ry bylo minul\u00fd p\u00e1tek je\u0161t\u011b n\u011bco poprv\u00e9: p\u0159i tr\u00e9ninku jsme vyu\u017eili medicimbaly a \u017ee n\u00e1s to s nimi bavilo, nemus\u00edm zvl\u00e1\u0161\u0165 zd\u016fraz\u0148ovat&#8230; Nikoli bl\u00ed\u017ee neur\u010den\u00e9, nebo-li neidentifikovan\u00e9 l\u00e9taj\u00edc\u00ed objekty \u00a0(Unidentified Flying Object = UFO = neidentifikovan\u00fd\u00a0l\u00e9taj\u00edc\u00ed p\u0159edm\u011bt), ale docela jasn\u011b ur\u010den\u00e9 l\u00e9taj\u00edc\u00ed objekty se razantn\u011b pohybovaly v\u00edce &#8211; m\u00e9n\u011b po p\u0159edem jasn\u011b stanoven\u00fdch trajektori\u00edch a i kdy\u017e byly &#8222;me\u010foury&#8220; v r\u00e1mci zimn\u00ed p\u0159\u00edpravy pou\u017eity poprv\u00e9, ur\u010dit\u011b zdaleka ne na posled&#8230; V\u0161e na z\u00e1v\u011br efektn\u011b &#8222;zazdila&#8220; &#8222;t\u0159\u00edd\u0159epov\u00e1&#8220; vybi\u0161ka, p\u0159i kter\u00e9 se skv\u011ble pobavili v\u0161ichni bez v\u00fdjimky: od t\u011bch nejmen\u0161\u00edch a nejmlad\u0161\u00edch (ti se strefovali \u0161patn\u011b&#8230;) a\u017e po ty v\u00edce vzrostl\u00e9 \u00a0a d\u0159\u00edve narozen\u00e9 (kte\u0159\u00ed se strefovali p\u0159ece jen o trochu l\u00e9pe, zase ale vynikali umn\u00fdmi \u00fahybn\u00fdmi man\u00e9vry&#8230;)&#8230; Mrkn\u011bte na <strong><a href=\"http:\/\/moravecteam.rajce.idnes.cz\/2016.12.16_Cviceni_telocvicne\/\">fotogalerii z p\u00e1te\u010dn\u00edch &#8222;Prudkov\u00e9 kapek&#8220;<\/a><\/strong>&#8230;<\/p>\n","protected":false},"excerpt":{"rendered":"<p>Ne, \u017ee by posledn\u00ed p\u00e1te\u010dn\u00ed cvi\u010den\u00ed vedl n\u011bkdo jin\u00fd, ne\u017e osv\u011bd\u010den\u00e1 TOP cvi\u010ditelka Iv\u010da Prudkov\u00e1. Ale poprv\u00e9 si letos na podzim s n\u00e1mi zacvi\u010dil n\u00e1\u0161 odchovanec a toho \u010dasu nad\u011bjn\u00fd mlad\u00fd silni\u010d\u00e1\u0159, \u010dlen Favoritu Brno, Adam Sekanina. R\u00e1ny, kter\u00e9 letos utr\u017eil p\u0159i hromadn\u00e9m p\u00e1du na etap\u00e1ku ve Francii jsou ji\u017e zacelen\u00e9 a kdy\u017e k tomu &hellip; <a href=\"https:\/\/www.moravecteam.cz\/?p=6695\" class=\"more-link\">Pokra\u010dov\u00e1n\u00ed textu <span class=\"screen-reader-text\">V p\u00e1tek s Adamem!<\/span> <span class=\"meta-nav\">&rarr;<\/span><\/a><\/p>\n","protected":false},"author":3,"featured_media":6697,"comment_status":"open","ping_status":"closed","sticky":false,"template":"","format":"standard","meta":[],"categories":[9],"tags":[],"_links":{"self":[{"href":"https:\/\/www.moravecteam.cz\/index.php?rest_route=\/wp\/v2\/posts\/6695"}],"collection":[{"href":"https:\/\/www.moravecteam.cz\/index.php?rest_route=\/wp\/v2\/posts"}],"about":[{"href":"https:\/\/www.moravecteam.cz\/index.php?rest_route=\/wp\/v2\/types\/post"}],"author":[{"embeddable":true,"href":"https:\/\/www.moravecteam.cz\/index.php?rest_route=\/wp\/v2\/users\/3"}],"replies":[{"embeddable":true,"href":"https:\/\/www.moravecteam.cz\/index.php?rest_route=%2Fwp%2Fv2%2Fcomments&post=6695"}],"version-history":[{"count":8,"href":"https:\/\/www.moravecteam.cz\/index.php?rest_route=\/wp\/v2\/posts\/6695\/revisions"}],"predecessor-version":[{"id":6707,"href":"https:\/\/www.moravecteam.cz\/index.php?rest_route=\/wp\/v2\/posts\/6695\/revisions\/6707"}],"wp:featuredmedia":[{"embeddable":true,"href":"https:\/\/www.moravecteam.cz\/index.php?rest_route=\/wp\/v2\/media\/6697"}],"wp:attachment":[{"href":"https:\/\/www.moravecteam.cz\/index.php?rest_route=%2Fwp%2Fv2%2Fmedia&parent=6695"}],"wp:term":[{"taxonomy":"category","embeddable":true,"href":"https:\/\/www.moravecteam.cz\/index.php?rest_route=%2Fwp%2Fv2%2Fcategories&post=6695"},{"taxonomy":"post_tag","embeddable":true,"href":"https:\/\/www.moravecteam.cz\/index.php?rest_route=%2Fwp%2Fv2%2Ftags&post=6695"}],"curies":[{"name":"wp","href":"https:\/\/api.w.org\/{rel}","templated":true}]}}