{"id":6708,"date":"2016-12-18T21:13:44","date_gmt":"2016-12-18T20:13:44","guid":{"rendered":"http:\/\/www.moravecteam.cz\/?p=6708"},"modified":"2016-12-18T23:54:13","modified_gmt":"2016-12-18T22:54:13","slug":"cfb-utesnena","status":"publish","type":"post","link":"https:\/\/www.moravecteam.cz\/?p=6708","title":{"rendered":"CFB ut\u011bsn\u011bn\u00e1!"},"content":{"rendered":"<p style=\"text-align: justify;\"><strong><span style=\"color: #800000;\">Cycling Force Base &#8211; voln\u011b p\u0159elo\u017eeno jako Z\u00e1kladna cyklistick\u00fdch sil, kterou m\u00e1 pronajatou v sou\u010dasnosti MORAVEC Team od p. Josefa Hlav\u00e1\u010dka, je od \u010dtvrt\u00e9 Adventn\u00ed ned\u011ble hermeticky uzav\u0159en\u00e1, nebo mo\u017en\u00e1 v\u00fdsti\u017en\u011bj\u0161\u00ed bude jin\u00e9 p\u0159\u00eddavn\u00e9 jm\u00e9no &#8211; ut\u011bsn\u011bn\u00e1! V asi dvouhektarov\u00e9m are\u00e1lu boskovick\u00e9 (nejen) brokov\u00e9 st\u0159elnice, kter\u00fd na\u0161im cyklokrosa\u0159sk\u00fdm snejpr\u016fm v\u00fdborn\u011b poslou\u017eil v r\u00e1mci fin\u00e1ln\u00ed p\u0159\u00edpravy na jejich z\u00e1v\u011bre\u010dn\u00e9 presti\u017en\u00ed &#8222;race&#8220;, se o Zlat\u00e9 ned\u011bli se\u0161lo v\u00edce ja tucet MORAVC\u016e, kte\u0159\u00ed krom\u011b tr\u00e9niku z\u00e1kladn\u00ed vytrvalosti opravili tu m\u00e9n\u011b \/ tu v\u00edce &#8222;padl\u00e9&#8220; are\u00e1lov\u00e9 oplocen\u00ed&#8230;<\/span><\/strong><\/p>\n<figure id=\"attachment_6715\" aria-describedby=\"caption-attachment-6715\" style=\"width: 1195px\" class=\"wp-caption alignnone\"><a href=\"http:\/\/www.moravecteam.cz\/?attachment_id=6715\" rel=\"attachment wp-att-6715\"><img decoding=\"async\" loading=\"lazy\" class=\" wp-image-6715\" alt=\"img_2794\" src=\"http:\/\/www.moravecteam.cz\/wp-content\/uploads\/2016\/12\/IMG_2794.jpg\" width=\"1195\" height=\"1138\" srcset=\"https:\/\/www.moravecteam.cz\/wp-content\/uploads\/2016\/12\/IMG_2794.jpg 1195w, https:\/\/www.moravecteam.cz\/wp-content\/uploads\/2016\/12\/IMG_2794-25x25.jpg 25w, https:\/\/www.moravecteam.cz\/wp-content\/uploads\/2016\/12\/IMG_2794-300x285.jpg 300w, https:\/\/www.moravecteam.cz\/wp-content\/uploads\/2016\/12\/IMG_2794-1024x975.jpg 1024w\" sizes=\"(max-width: 1195px) 100vw, 1195px\" \/><\/a><figcaption id=\"caption-attachment-6715\" class=\"wp-caption-text\">Ivana s Kl\u00e1rou kr\u00e1tce p\u0159ed startem tr\u00e9ninku z\u00e1kladn\u00ed vytrvalosti. Ochranu jim zabezpe\u010dili dva osv\u011bd\u0161en\u00ed bodygardi &#8211; Majda a Bady&#8230;<\/figcaption><\/figure>\n<p style=\"text-align: justify;\">Zhruba jsme tu\u0161ili &#8222;vo co gou&#8220;&#8230; Klasick\u00e9 dr\u00e1t\u011bn\u00e9 ploty nahlodal m\u00edsty zub \u010dasu, jindy zase nenechavci, p\u0159ipraveni z principu sv\u00e9ho naturelu ni\u010dit kdykoli, kdekoli, cokoli&#8230; Vzali jsme to ve sm\u011bru hodinov\u00fdch ru\u010di\u010dek a z \u010d\u00e1sti z toho &#8211; &#8222;co d\u016fm dal&#8220; a z \u010d\u00e1sti z toho co kdo intuitivn\u011b dovezl (zde se pat\u0159\u00ed pochv\u00e1lit Frantu Pad\u011bru a Honzu \u0160indel\u00e1\u0159e st., kte\u0159\u00ed se materi\u00e1ln\u00edmi pot\u0159ebami p\u0159esn\u011b strefili), se n\u00e1m postupn\u011b poda\u0159ilo &#8211; zat\u00edm alespo\u0148 provizorn\u011b &#8211; zacelit nev\u00edtan\u00e9 pr\u016fchody do are\u00e1lu (na asi deseti m\u00edstech) kter\u00fd n\u00e1m toho \u010dasu \u0159\u00edk\u00e1 &#8211; &#8222;Pane&#8220;!<\/p>\n<figure id=\"attachment_6716\" aria-describedby=\"caption-attachment-6716\" style=\"width: 1522px\" class=\"wp-caption alignnone\"><a href=\"http:\/\/www.moravecteam.cz\/?attachment_id=6716\" rel=\"attachment wp-att-6716\"><img decoding=\"async\" loading=\"lazy\" class=\" wp-image-6716\" alt=\"img_2842\" src=\"http:\/\/www.moravecteam.cz\/wp-content\/uploads\/2016\/12\/IMG_2842.jpg\" width=\"1522\" height=\"1303\" srcset=\"https:\/\/www.moravecteam.cz\/wp-content\/uploads\/2016\/12\/IMG_2842.jpg 1522w, https:\/\/www.moravecteam.cz\/wp-content\/uploads\/2016\/12\/IMG_2842-300x256.jpg 300w, https:\/\/www.moravecteam.cz\/wp-content\/uploads\/2016\/12\/IMG_2842-1024x876.jpg 1024w\" sizes=\"(max-width: 1522px) 100vw, 1522px\" \/><\/a><figcaption id=\"caption-attachment-6716\" class=\"wp-caption-text\">Co se to shora sype? Kolem p\u016fl \u010dtvrt\u00e9 se se sn\u011bhov\u00fdmi vlo\u010dkami nad CFB roztrhl pytel&#8230;<\/figcaption><\/figure>\n<p style=\"text-align: justify;\">Zat\u00edm co deset jinoch\u016f se pralo s jasn\u011b stanoven\u00fdm \u00fakolem, dv\u011b d\u011bv\u010data z na\u0161ich \u0159ad splnila, v doprovodu dvou \u010dty\u0159noh\u00fdch chrabr\u00fdch ochr\u00e1nc\u016f, paraleln\u011b soub\u011b\u017en\u00fd c\u00edl: absolvovala tr\u00e9nink z\u00e1kladn\u00ed vytrvalosti v okol\u00ed historick\u00e9ho provin\u010dn\u00edho m\u011bsta Boskovic. \u00dapln\u011b na za\u010d\u00e1tku na\u0161eho piln\u00e9ho ned\u011bln\u00edho odpoledn\u00edho sna\u017een\u00ed jsme ale do objektu z\u00e1zem\u00ed na\u0161\u00ed z\u00e1kladny slo\u017eili zdroj tepla, kter\u00fd bude ur\u010dit\u011b je\u0161t\u011b do konce roku aktivov\u00e1n a bude tak otestov\u00e1na mo\u017enost vyu\u017e\u00edvat z\u00e1zem\u00ed z\u00e1kladny i v tomto obdob\u00ed, kter\u00e9 je teplotami &#8211; logicky &#8211; \u00a0v t\u00e9 &#8222;doln\u00ed \u00favrati&#8220; Celsiovy \u0161k\u00e1ly&#8230; Na\u0161i mla\u010fo\u0161i si n\u00e1sledn\u011b interi\u00e9r objektu z\u00e1zem\u00ed vzali aktivn\u011b za sv\u016fj a v\u00fdslekem je ji\u017e p\u0159ipraven\u00e1 konferen\u010dn\u00ed m\u00edstnost, ve kter\u00e9 bychom se v nejbl\u00ed\u017e\u0161\u00ed dob\u011b m\u011bli setkat s \u00fa\u0159adu\u00edc\u00edm prezidentem UCI a prodiskutovat s n\u00edm mo\u017enosti uspo\u0159\u00e1d\u00e1n\u00ed na CFB nejen z\u00e1vodu sv\u011btov\u00e9ho poh\u00e1ru v cyklokrosu, ale hlavn\u011b z\u00e1vodu sv\u011btov\u00e9ho poh\u00e1ru v MTB XCO a XCE. A na\u0161e sm\u011bl\u00e9 pl\u00e1ny byli hned &#8222;Z h\u016fry&#8220; podpo\u0159eny, kdy\u017e se \u00a0na n\u00e1s za\u010daly sn\u00e1\u0161et &#8211; jako jasn\u00fd sign\u00e1l souhlasu a podpory &#8211; \u00a0po skon\u010den\u00ed pr\u00e1ce, kr\u00e1sn\u00e9 b\u00edl\u00e9, velk\u00e9, hebk\u00e9 \u00a0sn\u011bhov\u00e9 vlo\u010dky&#8230; \u017de by tedy n\u00e1s tedy letos p\u0159ece jen \u010dekali b\u00edl\u00e9 V\u00e1noce? <strong><a href=\"http:\/\/moravecteam.rajce.idnes.cz\/2016.12.18_Manevry_na_treninkove_zakladne_-_2\/#\">Mrkn\u011bte na fotogalerii<\/a><\/strong>&#8230; A moc n\u00e1s ani v\u011bru nerozhodily v z\u00e1palu &#8222;boje&#8220; dv\u011b drobn\u00e9 zt\u00e1ty: Frantovo velk\u00e9 kladivo (snad ne na \u010carod\u011bjnice) \u00a0a Petrovy \u0161t\u00edpac\u00ed kle\u0161t\u011b (pam\u00e1te\u010dn\u00ed &#8211; na jeho desetilet\u00e9 anga\u017em\u00e1 ve firm\u011b Buse)&#8230;<\/p>\n","protected":false},"excerpt":{"rendered":"<p>Cycling Force Base &#8211; voln\u011b p\u0159elo\u017eeno jako Z\u00e1kladna cyklistick\u00fdch sil, kterou m\u00e1 pronajatou v sou\u010dasnosti MORAVEC Team od p. Josefa Hlav\u00e1\u010dka, je od \u010dtvrt\u00e9 Adventn\u00ed ned\u011ble hermeticky uzav\u0159en\u00e1, nebo mo\u017en\u00e1 v\u00fdsti\u017en\u011bj\u0161\u00ed bude jin\u00e9 p\u0159\u00eddavn\u00e9 jm\u00e9no &#8211; ut\u011bsn\u011bn\u00e1! V asi dvouhektarov\u00e9m are\u00e1lu boskovick\u00e9 (nejen) brokov\u00e9 st\u0159elnice, kter\u00fd na\u0161im cyklokrosa\u0159sk\u00fdm snejpr\u016fm v\u00fdborn\u011b poslou\u017eil v r\u00e1mci fin\u00e1ln\u00ed p\u0159\u00edpravy &hellip; <a href=\"https:\/\/www.moravecteam.cz\/?p=6708\" class=\"more-link\">Pokra\u010dov\u00e1n\u00ed textu <span class=\"screen-reader-text\">CFB ut\u011bsn\u011bn\u00e1!<\/span> <span class=\"meta-nav\">&rarr;<\/span><\/a><\/p>\n","protected":false},"author":3,"featured_media":6714,"comment_status":"open","ping_status":"closed","sticky":false,"template":"","format":"standard","meta":[],"categories":[13],"tags":[],"_links":{"self":[{"href":"https:\/\/www.moravecteam.cz\/index.php?rest_route=\/wp\/v2\/posts\/6708"}],"collection":[{"href":"https:\/\/www.moravecteam.cz\/index.php?rest_route=\/wp\/v2\/posts"}],"about":[{"href":"https:\/\/www.moravecteam.cz\/index.php?rest_route=\/wp\/v2\/types\/post"}],"author":[{"embeddable":true,"href":"https:\/\/www.moravecteam.cz\/index.php?rest_route=\/wp\/v2\/users\/3"}],"replies":[{"embeddable":true,"href":"https:\/\/www.moravecteam.cz\/index.php?rest_route=%2Fwp%2Fv2%2Fcomments&post=6708"}],"version-history":[{"count":10,"href":"https:\/\/www.moravecteam.cz\/index.php?rest_route=\/wp\/v2\/posts\/6708\/revisions"}],"predecessor-version":[{"id":6725,"href":"https:\/\/www.moravecteam.cz\/index.php?rest_route=\/wp\/v2\/posts\/6708\/revisions\/6725"}],"wp:featuredmedia":[{"embeddable":true,"href":"https:\/\/www.moravecteam.cz\/index.php?rest_route=\/wp\/v2\/media\/6714"}],"wp:attachment":[{"href":"https:\/\/www.moravecteam.cz\/index.php?rest_route=%2Fwp%2Fv2%2Fmedia&parent=6708"}],"wp:term":[{"taxonomy":"category","embeddable":true,"href":"https:\/\/www.moravecteam.cz\/index.php?rest_route=%2Fwp%2Fv2%2Fcategories&post=6708"},{"taxonomy":"post_tag","embeddable":true,"href":"https:\/\/www.moravecteam.cz\/index.php?rest_route=%2Fwp%2Fv2%2Ftags&post=6708"}],"curies":[{"name":"wp","href":"https:\/\/api.w.org\/{rel}","templated":true}]}}