{"id":6719,"date":"2016-12-18T21:58:47","date_gmt":"2016-12-18T20:58:47","guid":{"rendered":"http:\/\/www.moravecteam.cz\/?p=6719"},"modified":"2016-12-23T11:47:40","modified_gmt":"2016-12-23T10:47:40","slug":"co-se-bude-dit-st-51","status":"publish","type":"post","link":"https:\/\/www.moravecteam.cz\/?p=6719","title":{"rendered":"Co se bude d\u00edt? (ST51)"},"content":{"rendered":"<h5><span style=\"color: #800000;\">St\u0159eda 21.12. 2016<\/span><\/h5>\n<p style=\"text-align: justify;\">Sedm\u00e9 cvi\u010den\u00ed d\u011bt\u00ed do 12-ti let v bene\u0161ovsk\u00e9 t\u011blocvi\u010dn\u011b v r\u00e1mci b\u011b\u017e\u00edc\u00ed zimn\u00ed p\u0159\u00edpravy &#8211; &#8222;Koudelkovy kapky&#8220;. Cvi\u010den\u00ed povede\u00a0Petr\u00a0\u00a0\u00a0a &#8222;mrskat&#8220; s\u00a0sebou budeme tradi\u010dn\u011b od 16.30 do 18.30 hodin.<\/p>\n<h5><span style=\"color: #800000;\">P\u00e1tek 23.12. 2016<\/span><\/h5>\n<p style=\"text-align: justify;\"><span style=\"color: #000000;\">Sedm\u00e9 cvi\u010den\u00ed v bene\u0161ovsk\u00e9 t\u011blocvi\u010dn\u011b v r\u00e1mci zimn\u00ed p\u0159\u00edpravy &#8211; ob\u00e1van\u00e9 <strong><span style=\"color: #ff0000;\">&#8222;Prudkov\u00e9 kapky&#8220; tentokr\u00e1t nebudou!!!<\/span><\/strong>\u00a0 Po dohod\u011b na st\u0159ede\u010dn\u00edm cvi\u010den\u00ed jsme tento tr\u00e9nink &#8222;odp\u00edskali&#8220;&#8230;<\/span><\/p>\n<h5><span style=\"color: #800000;\">Akce za t\u011bsn\u011b za horizontem:<\/span><\/h5>\n<ul>\n<li style=\"text-align: justify;\">Tradi\u010dn\u00ed V\u00fdro\u010dn\u00ed rok(c)ov\u00e1n\u00ed je nalinkov\u00e1no na\u00a0\u010dtvrtek 29. prosince 2016. V 15.00 hodin\u00a0se &#8211; jako v\u017edy &#8211; sejdeme\u00a0v restauraci Morava Bene\u0161ov. Ta je tenokr\u00e1t v dob\u011b od 15.00 do 18.00 rezervov\u00e1na &#8222;Only For Us&#8220;!<\/li>\n<li style=\"text-align: justify;\">Silvestrovsk\u00e1 v\u00fdj\u00ed\u017e\u010fka\u00a0&#8211; bude pravd\u011bpodobn\u011b tentokr\u00e1t trochu jinak: sejdeme se u\u017e v p\u00e1tek 30.12.2016 ve v\u010das ur\u010den\u00e9m \u010dase na na\u0161\u00ed CFB MT (Cycling Force Base MORAVEC Team aneb Z\u00e1kladna cyklistick\u00fdch sil MORAVEC Teamu) v Boskovic\u00edch (boskovick\u00e1 brokov\u00e1 st\u0159elnice), kde si \u00a0s nejv\u011bt\u0161\u00ed pravd\u011bpodobnost\u00ed\u00a0zorganizujeme \u00a0v r\u00e1mci odd\u00edlu posledn\u00ed leto\u0161n\u00ed\u00a0&#8211; tak trochu odleh\u010den\u00fd &#8211; kontroln\u00ed\u00a0z\u00e1vod a pak by n\u00e1sledovalo v chatce na st\u0159elnici neform\u00e1ln\u00ed posezen\u00ed v\u0161ech \u00fa\u010dastn\u00edk\u016f.<\/li>\n<li style=\"text-align: justify;\">Novoro\u010dn\u00ed v\u00fdji\u017e\u010fka\u00a0&#8211;\u00a0sraz state\u010dn\u00fdch je v ned\u011bli\u00a01.1. 2017 ve 13.30 hodin u restaurace Morava Bene\u0161ov. C\u00edl bude &#8211; dle klimatick\u00fdch mo\u017eost\u00ed &#8211; asi tradi\u010dn\u00ed: Penzion Lada &#8211; Repechy u Protivanova.<\/li>\n<li style=\"text-align: justify;\">St\u0159eda 4.1.2017 &#8211; Prvn\u00ed &#8222;Koudelkovy kapky&#8220;\u00a0v r. 2017 od 16.30 hodin v bene\u0161ovsk\u00e9 t\u011blocvi\u010dn\u011b.<\/li>\n<li style=\"text-align: justify;\">P\u00e1tek 6.1.2017 &#8211; Prvn\u00ed &#8222;Prudkov\u00e9 kapky&#8220;\u00a0v r. 2017 od 18.00 hodin v bene\u0161ovsk\u00e9 t\u011blocvi\u010dn\u011b.<\/li>\n<\/ul>\n","protected":false},"excerpt":{"rendered":"<p>St\u0159eda 21.12. 2016 Sedm\u00e9 cvi\u010den\u00ed d\u011bt\u00ed do 12-ti let v bene\u0161ovsk\u00e9 t\u011blocvi\u010dn\u011b v r\u00e1mci b\u011b\u017e\u00edc\u00ed zimn\u00ed p\u0159\u00edpravy &#8211; &#8222;Koudelkovy kapky&#8220;. Cvi\u010den\u00ed povede\u00a0Petr\u00a0\u00a0\u00a0a &#8222;mrskat&#8220; s\u00a0sebou budeme tradi\u010dn\u011b od 16.30 do 18.30 hodin. P\u00e1tek 23.12. 2016 Sedm\u00e9 cvi\u010den\u00ed v bene\u0161ovsk\u00e9 t\u011blocvi\u010dn\u011b v r\u00e1mci zimn\u00ed p\u0159\u00edpravy &#8211; ob\u00e1van\u00e9 &#8222;Prudkov\u00e9 kapky&#8220; tentokr\u00e1t nebudou!!!\u00a0 Po dohod\u011b na st\u0159ede\u010dn\u00edm cvi\u010den\u00ed jsme &hellip; <a href=\"https:\/\/www.moravecteam.cz\/?p=6719\" class=\"more-link\">Pokra\u010dov\u00e1n\u00ed textu <span class=\"screen-reader-text\">Co se bude d\u00edt? (ST51)<\/span> <span class=\"meta-nav\">&rarr;<\/span><\/a><\/p>\n","protected":false},"author":3,"featured_media":6720,"comment_status":"open","ping_status":"closed","sticky":false,"template":"","format":"standard","meta":[],"categories":[11],"tags":[],"_links":{"self":[{"href":"https:\/\/www.moravecteam.cz\/index.php?rest_route=\/wp\/v2\/posts\/6719"}],"collection":[{"href":"https:\/\/www.moravecteam.cz\/index.php?rest_route=\/wp\/v2\/posts"}],"about":[{"href":"https:\/\/www.moravecteam.cz\/index.php?rest_route=\/wp\/v2\/types\/post"}],"author":[{"embeddable":true,"href":"https:\/\/www.moravecteam.cz\/index.php?rest_route=\/wp\/v2\/users\/3"}],"replies":[{"embeddable":true,"href":"https:\/\/www.moravecteam.cz\/index.php?rest_route=%2Fwp%2Fv2%2Fcomments&post=6719"}],"version-history":[{"count":5,"href":"https:\/\/www.moravecteam.cz\/index.php?rest_route=\/wp\/v2\/posts\/6719\/revisions"}],"predecessor-version":[{"id":6755,"href":"https:\/\/www.moravecteam.cz\/index.php?rest_route=\/wp\/v2\/posts\/6719\/revisions\/6755"}],"wp:featuredmedia":[{"embeddable":true,"href":"https:\/\/www.moravecteam.cz\/index.php?rest_route=\/wp\/v2\/media\/6720"}],"wp:attachment":[{"href":"https:\/\/www.moravecteam.cz\/index.php?rest_route=%2Fwp%2Fv2%2Fmedia&parent=6719"}],"wp:term":[{"taxonomy":"category","embeddable":true,"href":"https:\/\/www.moravecteam.cz\/index.php?rest_route=%2Fwp%2Fv2%2Fcategories&post=6719"},{"taxonomy":"post_tag","embeddable":true,"href":"https:\/\/www.moravecteam.cz\/index.php?rest_route=%2Fwp%2Fv2%2Ftags&post=6719"}],"curies":[{"name":"wp","href":"https:\/\/api.w.org\/{rel}","templated":true}]}}