{"id":6726,"date":"2016-12-22T07:00:57","date_gmt":"2016-12-22T06:00:57","guid":{"rendered":"http:\/\/www.moravecteam.cz\/?p=6726"},"modified":"2016-12-22T07:01:51","modified_gmt":"2016-12-22T06:01:51","slug":"letos-docviceno","status":"publish","type":"post","link":"https:\/\/www.moravecteam.cz\/?p=6726","title":{"rendered":"Letos docvi\u010deno!"},"content":{"rendered":"<p style=\"text-align: justify;\"><span style=\"color: #800000;\"><strong>Ano, jeden ze z\u00e1kladn\u00edch prvk\u016f zimn\u00ed p\u0159\u00edpravy MORAVEC Teamu, dvouhodinov\u00e9 kondi\u010dn\u00ed cvi\u010den\u00ed v bene\u0161ovsk\u00e9 t\u011blocvi\u010dn\u011b, prob\u011bhlo minulou st\u0159edu v leto\u0161n\u00edm roce na posled. Proto\u017ee fenomen\u00e1ln\u00ed cvi\u010ditelka Iv\u010da Prudkov\u00e1 bude v p\u00e1tek p\u0159ed \u0160t\u011bdr\u00fdm dnem &#8211; jak u\u017e\u00a0tak m\u00e1my v tento den\u00a0zpravidla b\u00fdvaj\u00ed &#8211; zanepr\u00e1zdn\u011bn\u00e1, a proto\u017ee kdy\u017e za ni minule v takov\u00e9m p\u0159\u00edpad\u011b zaskakoval Petr, byla \u00fa\u010dast dost sporadick\u00e1, domluvili jsme se, \u017ee p\u0159ed-\u0161t\u011bdrove\u010dern\u00ed p\u00e1tek u\u017e bude bez cvi\u010den\u00ed&#8230;<\/strong><\/span><\/p>\n<figure id=\"attachment_6728\" aria-describedby=\"caption-attachment-6728\" style=\"width: 1507px\" class=\"wp-caption alignnone\"><a href=\"http:\/\/www.moravecteam.cz\/?attachment_id=6728\" rel=\"attachment wp-att-6728\"><img decoding=\"async\" loading=\"lazy\" class=\" wp-image-6728\" alt=\"img_2856\" src=\"http:\/\/www.moravecteam.cz\/wp-content\/uploads\/2016\/12\/IMG_2856.jpg\" width=\"1507\" height=\"1452\" srcset=\"https:\/\/www.moravecteam.cz\/wp-content\/uploads\/2016\/12\/IMG_2856.jpg 1507w, https:\/\/www.moravecteam.cz\/wp-content\/uploads\/2016\/12\/IMG_2856-25x25.jpg 25w, https:\/\/www.moravecteam.cz\/wp-content\/uploads\/2016\/12\/IMG_2856-300x289.jpg 300w, https:\/\/www.moravecteam.cz\/wp-content\/uploads\/2016\/12\/IMG_2856-1024x986.jpg 1024w\" sizes=\"(max-width: 1507px) 100vw, 1507px\" \/><\/a><figcaption id=\"caption-attachment-6728\" class=\"wp-caption-text\">U\u010debnicov\u00e9 Adventn\u00ed sv\u00ed\u010dky v pod\u00e1n\u00ed V\u00edtka, Matou\u0161ka, Am\u00e1lky a Lucinky. Chyb\u00ed jen &#8211; zap\u00e1lit je..!<\/figcaption><\/figure>\n<p style=\"text-align: justify;\">Na prvn\u00ed zimn\u00ed den\u00a0 se ale patn\u00e1ctka cvi\u010denc\u016f &#8211; MORAVC\u016e\u00a0 pustila do pr\u00e1ce velmi razantn\u011b a zodpov\u011bdn\u011b jako by si cht\u011bli onen &#8222;odp\u00edskan\u00fd&#8220; p\u00e1tek nadpracovat! Velmi mil\u00fd byl \u00favod cvi\u010den\u00ed, kdy\u017e se p\u0159ed sportovn\u00ed halou objevily t\u0159i holky \u017dern\u00ed\u010dkovic, kter\u00e9 jsou ji\u017e fit, od Nov\u00e9ho roku za\u010dnou taky s cvi\u010den\u00edm, a kter\u00e9 n\u00e1m &#8211; by\u0165 se je\u0161t\u011b st\u0159ede\u010dn\u00edho tr\u00e9ninku ne\u00fa\u010dastnily &#8211; p\u0159ijeli pop\u0159\u00e1t klidn\u00e9 V\u00e1no\u010dn\u00ed sv\u00e1tky! Pak u\u017e v\u0161e b\u011b\u017eelo podle pl\u00e1nu a bylo patrn\u00e9, \u017ee Petr ji\u017e tak\u00e9 &#8222;nacucl&#8220; V\u00e1no\u010dn\u00ed &#8222;luft&#8220; a tentokr\u00e1t &#8222;na pilu&#8220; netla\u010dil nijak zvl\u00e1\u0161\u0165&#8230; Paradoxn\u011b ale musel ud\u011blit\u00a0tentokr\u00e1t nad pr\u016fm\u011br &#8222;trestn\u00fdch d\u0159ep\u016f&#8220;! Ale to vedouc\u00ed cvi\u010dka v\u00edce-m\u00e9n\u011b o\u010dek\u00e1val, proto\u017ee ve fin\u00e1ln\u00edm \u00a0p\u0159edv\u00e1no\u010dn\u00edm t\u00fddnu velice emotivn\u00ed o\u010dek\u00e1v\u00e1n\u00ed\u00a0nejkr\u00e1sn\u011bj\u0161\u00edho ve\u010dera v roce d\u011bti zpravidla odv\u00e1d\u00ed od pozornosti a naru\u0161uje\u00a0jejich soust\u0159ed\u011bn\u00ed prakticky p\u0159i jak\u00e9koli \u010dinnosti&#8230; &#8222;Pravov\u011brn\u00ed&#8220; pedagogov\u00e9 mi ur\u010dit\u011b daj\u00ed za pravdu&#8230;<\/p>\n<figure id=\"attachment_6732\" aria-describedby=\"caption-attachment-6732\" style=\"width: 765px\" class=\"wp-caption alignnone\"><a href=\"http:\/\/www.moravecteam.cz\/?attachment_id=6732\" rel=\"attachment wp-att-6732\"><img decoding=\"async\" loading=\"lazy\" class=\" wp-image-6732\" alt=\"img_2874\" src=\"http:\/\/www.moravecteam.cz\/wp-content\/uploads\/2016\/12\/IMG_2874.jpg\" width=\"765\" height=\"979\" srcset=\"https:\/\/www.moravecteam.cz\/wp-content\/uploads\/2016\/12\/IMG_2874.jpg 765w, https:\/\/www.moravecteam.cz\/wp-content\/uploads\/2016\/12\/IMG_2874-234x300.jpg 234w\" sizes=\"(max-width: 765px) 100vw, 765px\" \/><\/a><figcaption id=\"caption-attachment-6732\" class=\"wp-caption-text\">Dynamick\u00e1 p\u0159ed\u00e1vka dvou \u010dlen\u016f \u0161tafety V\u00edtka Lipensk\u00e9ho. Filip pr\u00e1v\u011b poslal na dr\u00e1hu Honz\u00edka.<\/figcaption><\/figure>\n<p style=\"text-align: justify;\">I tento fakt mo\u017en\u00e1 zp\u016fsobil, \u017ee jsme zaznamenali i &#8222;nadpr\u016fm\u011brn\u00fd&#8220; po\u010det dvou zran\u011bn\u00ed, kter\u00e1 se ale na\u0161t\u011bst\u00ed uk\u00e1zala jako lehk\u00e1. Nejprve p\u0159i vybi\u0161ce, kter\u00e1 n\u00e1sledovala na odleh\u010den\u00ed po rozb\u011bh\u00e1n\u00ed a rozcvi\u010dce, byl do nosu ne\u0161\u0165astn\u011b zasa\u017een V\u00ed\u0165a Lipensk\u00fd. V\u0161ichni dob\u0159e v\u00edme, \u017ee hlava &#8211;\u00a0s nosem\u00a0v\u010detn\u011b &#8211; jsou dob\u0159e prokrveny a V\u00ed\u0165a to v\u0161em n\u00e1zorn\u011b p\u0159edvedl. Po \u010dtvrthodince bylo ale v\u0161e op\u011bt OK a sk\u0159\u00edpovsk\u00fd borec tr\u00e9nink v poho dokon\u010dil. Stejn\u011b jako Lucinka Koudelkov\u00e1, kter\u00e1 p\u0159i z\u00e1vod\u011b \u0161tafet \u0161kobrtla o posledn\u00ed tra\u0165ovou p\u0159ek\u00e1\u017eku a o oblo\u017een\u00ed si bolestiv\u011b narazila loket. Ale i v tomto p\u0159\u00edpad\u011b uk\u00e1zala na\u0161e borka, velkou m\u00edru odolnosti\u00a0a onen pov\u011bstn\u00fd \u00a0&#8222;tuh\u00fd ko\u0159\u00ednek&#8220;, kter\u00fdm se borci a borky MORAVEC Teamu vyzna\u010duj\u00ed.\u00a0I ona cvi\u010dko, kter\u00e9 jsme zakon\u010dili dynamickou a docela n\u00e1ro\u010dnou hrou &#8222;Na kraby&#8220; bez probl\u00e9m\u016f dokon\u010dila. Stejn\u011b\u00a0jako zbyl\u00e1 i patn\u00e1ctka ostatn\u00edch, ve fini\u0161i spokojen\u00fdch a rozesm\u00e1t\u00fdch cvi\u010denc\u016f. Mrkn\u011bte na <a href=\"http:\/\/moravecteam.rajce.idnes.cz\/2016.12.21_Cviceni_v_telocvicne\/\"><strong>fotogalerii ze st\u0159ede\u010dn\u00ed &#8222;z\u00e1v\u011bre\u010dn\u00e9&#8220;<\/strong><\/a>&#8230;<\/p>\n","protected":false},"excerpt":{"rendered":"<p>Ano, jeden ze z\u00e1kladn\u00edch prvk\u016f zimn\u00ed p\u0159\u00edpravy MORAVEC Teamu, dvouhodinov\u00e9 kondi\u010dn\u00ed cvi\u010den\u00ed v bene\u0161ovsk\u00e9 t\u011blocvi\u010dn\u011b, prob\u011bhlo minulou st\u0159edu v leto\u0161n\u00edm roce na posled. Proto\u017ee fenomen\u00e1ln\u00ed cvi\u010ditelka Iv\u010da Prudkov\u00e1 bude v p\u00e1tek p\u0159ed \u0160t\u011bdr\u00fdm dnem &#8211; jak u\u017e\u00a0tak m\u00e1my v tento den\u00a0zpravidla b\u00fdvaj\u00ed &#8211; zanepr\u00e1zdn\u011bn\u00e1, a proto\u017ee kdy\u017e za ni minule v takov\u00e9m p\u0159\u00edpad\u011b zaskakoval Petr, &hellip; <a href=\"https:\/\/www.moravecteam.cz\/?p=6726\" class=\"more-link\">Pokra\u010dov\u00e1n\u00ed textu <span class=\"screen-reader-text\">Letos docvi\u010deno!<\/span> <span class=\"meta-nav\">&rarr;<\/span><\/a><\/p>\n","protected":false},"author":3,"featured_media":6734,"comment_status":"open","ping_status":"closed","sticky":false,"template":"","format":"standard","meta":[],"categories":[9],"tags":[],"_links":{"self":[{"href":"https:\/\/www.moravecteam.cz\/index.php?rest_route=\/wp\/v2\/posts\/6726"}],"collection":[{"href":"https:\/\/www.moravecteam.cz\/index.php?rest_route=\/wp\/v2\/posts"}],"about":[{"href":"https:\/\/www.moravecteam.cz\/index.php?rest_route=\/wp\/v2\/types\/post"}],"author":[{"embeddable":true,"href":"https:\/\/www.moravecteam.cz\/index.php?rest_route=\/wp\/v2\/users\/3"}],"replies":[{"embeddable":true,"href":"https:\/\/www.moravecteam.cz\/index.php?rest_route=%2Fwp%2Fv2%2Fcomments&post=6726"}],"version-history":[{"count":3,"href":"https:\/\/www.moravecteam.cz\/index.php?rest_route=\/wp\/v2\/posts\/6726\/revisions"}],"predecessor-version":[{"id":6733,"href":"https:\/\/www.moravecteam.cz\/index.php?rest_route=\/wp\/v2\/posts\/6726\/revisions\/6733"}],"wp:featuredmedia":[{"embeddable":true,"href":"https:\/\/www.moravecteam.cz\/index.php?rest_route=\/wp\/v2\/media\/6734"}],"wp:attachment":[{"href":"https:\/\/www.moravecteam.cz\/index.php?rest_route=%2Fwp%2Fv2%2Fmedia&parent=6726"}],"wp:term":[{"taxonomy":"category","embeddable":true,"href":"https:\/\/www.moravecteam.cz\/index.php?rest_route=%2Fwp%2Fv2%2Fcategories&post=6726"},{"taxonomy":"post_tag","embeddable":true,"href":"https:\/\/www.moravecteam.cz\/index.php?rest_route=%2Fwp%2Fv2%2Ftags&post=6726"}],"curies":[{"name":"wp","href":"https:\/\/api.w.org\/{rel}","templated":true}]}}