{"id":6736,"date":"2016-12-22T20:45:47","date_gmt":"2016-12-22T19:45:47","guid":{"rendered":"http:\/\/www.moravecteam.cz\/?p=6736"},"modified":"2016-12-22T21:47:33","modified_gmt":"2016-12-22T20:47:33","slug":"na-vanoce-nominace-2","status":"publish","type":"post","link":"https:\/\/www.moravecteam.cz\/?p=6736","title":{"rendered":"Na V\u00e1noce nominace!"},"content":{"rendered":"<p style=\"text-align: justify;\"><strong><span style=\"color: #800000;\">Slavnostn\u00ed v\u00fdro\u010dn\u00ed ro(c)kov\u00e1n\u00ed cyklistick\u00e9ho odd\u00edlu MORAVEC je &#8222;na dost\u0159el&#8220; a plus \/ m\u00ednus v tyto dny b\u00fdv\u00e1 zve\u0159ej\u0148ov\u00e1na nominace na odd\u00edlov\u00e9 V\u00fdro\u010dn\u00ed ceny. Rada Star\u0161\u00edch Biker\u016f MORAVEC Teamu neponechala nic n\u00e1hod\u011b ani letos a n\u00ed\u017ee si m\u016f\u017eete kandid\u00e1ty presti\u017en\u00edch odd\u00edlov\u00fdch ocen\u011bn\u00ed za r. 2016 zkontrolovat. Laure\u00e1ti jednotliv\u00fdch ocen\u011bn\u00ed pak tedy budou slavnostn\u011b vyhla\u0161ov\u00e1ni ve \u010dtvrtek 29.12. 2016 od 15.00 hodin, kdy se sejdeme na tradi\u010dn\u00edm m\u00edst\u011b &#8211; v restauraci Morava Bene\u0161ov.<\/span><\/strong><\/p>\n<figure id=\"attachment_6742\" aria-describedby=\"caption-attachment-6742\" style=\"width: 1200px\" class=\"wp-caption alignnone\"><a href=\"http:\/\/www.moravecteam.cz\/?attachment_id=6742\" rel=\"attachment wp-att-6742\"><img decoding=\"async\" loading=\"lazy\" class=\" wp-image-6742\" alt=\"OLYMPUS DIGITAL CAMERA\" src=\"http:\/\/www.moravecteam.cz\/wp-content\/uploads\/2016\/12\/PC280254.jpg\" width=\"1200\" height=\"506\" srcset=\"https:\/\/www.moravecteam.cz\/wp-content\/uploads\/2016\/12\/PC280254.jpg 1200w, https:\/\/www.moravecteam.cz\/wp-content\/uploads\/2016\/12\/PC280254-300x126.jpg 300w, https:\/\/www.moravecteam.cz\/wp-content\/uploads\/2016\/12\/PC280254-1024x431.jpg 1024w\" sizes=\"(max-width: 1200px) 100vw, 1200px\" \/><\/a><figcaption id=\"caption-attachment-6742\" class=\"wp-caption-text\">&#8222;Piccollo El Bandito&#8220; aneb legend\u00e1rn\u00ed silni\u010d\u00e1\u0159 sedmdes\u00e1t\u00fdch let minul\u00e9ho stolet\u00ed a kamar\u00e1d Vlastimila MORAVCE Rudla Labus dekoroval loni Janu &#8222;D\u017eejn Tesa\u0159ovou hlavn\u00ed d\u00edv\u010d\u00ed cenou &#8211; Borec MORAVEC!<\/figcaption><\/figure>\n<p style=\"text-align: justify;\">Nikdy v minulosti nebylo tolik nominovan\u00fdch, co\u017e sv\u011bd\u010d\u00ed o bohat\u00e9, ale hlavn\u011b pevn\u00e9 a v sou\u010dasnosti dosti soudr\u017en\u00e9 \u010dlensk\u00e9 z\u00e1kladn\u011b. Projdeme-li si nomina\u010dn\u00ed archy chlapc\u016f, v\u0161imneme si, \u017ee nejv\u00edc nominac\u00ed posb\u00edral mlad\u00fd\u00a0<strong><span style=\"color: #800000;\">Jirka Zav\u0159el<\/span><\/strong> &#8211; celkem t\u0159i! A to je\u0161t\u011b z d\u016fvod\u016f fyzick\u00e9 nep\u0159\u00edtomnosti nebude zat\u00edm pasov\u00e1n do jednotky MORAVEC Rangers. Nemus\u00ed se ale b\u00e1t: tato pocta jeho a jeho rodinn\u00e9 par\u0165\u00e1ky ale stejn\u011b d\u0159\u00edv nebo pozd\u011bji nemine! Po dvou nominac\u00edch si na slavnostn\u00ed ve\u010der z chlapc\u016f p\u0159in\u00e1\u0161ej\u00ed <strong><span style=\"color: #800000;\">Jakub Tesa\u0159, Roman \u0160indel\u00e1\u0159, V\u00ed\u0165a Such\u00e1nek a V\u00ed\u0165a Lipensk\u00fd.<\/span><\/strong> V hlavn\u00ed kategorii Borec MORAVEC &#8211; cena Vlastimila MORAVCE (z lo\u0148ska bude ocen\u011bn\u00ed obhajovat Tom\u00e1\u0161 Tlamka &#8222;Contador&#8220;) mus\u00edme logicky hledat favority mezi dv\u011bma na\u0161imi mistrovsk\u00fdmi &#8222;bombar\u010f\u00e1ky&#8220;: <strong><span style=\"color: #800000;\">Dominikem Prudkem<\/span><\/strong> a <strong><span style=\"color: #800000;\">Tom\u00e1\u0161em Tlamkou<\/span><\/strong> <span style=\"color: #800000;\"><strong>&#8222;Contadorem&#8220;<\/strong><\/span>. Tak\u017ee v kluc\u00edch docela zaj\u00edmav\u00e1 z\u00e1pletka&#8230; Uvid\u00edme, jak se s n\u00ed Rada Star\u0161\u00edch Biker\u016f vypo\u0159\u00e1dala&#8230;.<\/p>\n<figure id=\"attachment_6744\" aria-describedby=\"caption-attachment-6744\" style=\"width: 1585px\" class=\"wp-caption alignnone\"><a href=\"http:\/\/www.moravecteam.cz\/?attachment_id=6744\" rel=\"attachment wp-att-6744\"><img decoding=\"async\" loading=\"lazy\" class=\" wp-image-6744\" alt=\"OLYMPUS DIGITAL CAMERA\" src=\"http:\/\/www.moravecteam.cz\/wp-content\/uploads\/2016\/12\/PC280312.jpg\" width=\"1585\" height=\"1230\" srcset=\"https:\/\/www.moravecteam.cz\/wp-content\/uploads\/2016\/12\/PC280312.jpg 1585w, https:\/\/www.moravecteam.cz\/wp-content\/uploads\/2016\/12\/PC280312-300x232.jpg 300w, https:\/\/www.moravecteam.cz\/wp-content\/uploads\/2016\/12\/PC280312-1024x794.jpg 1024w\" sizes=\"(max-width: 1585px) 100vw, 1585px\" \/><\/a><figcaption id=\"caption-attachment-6744\" class=\"wp-caption-text\">Rudla Labus byl loni p\u0159i v\u00fdro\u010dn\u00edch cen\u00e1ch na roztrh\u00e1n\u00ed&#8230; Do jednotky MORAVEC Rangers uvedl &#8211; mimo jin\u00fdch &#8211; i Kate\u0159inu Gottwaldovou!<\/figcaption><\/figure>\n<p style=\"text-align: justify;\">Doslova nomina\u010dn\u00ed nad\u00faroda je letos mezi d\u011bv\u010daty. Sice nem\u00e1 \u017e\u00e1dn\u00e1 z nich &#8211; jako jejich t\u00fdmov\u00fd kolega Jirka Zav\u0159el &#8211; t\u0159i nominace, ale zase hned osm d\u00edvek se m\u016f\u017ee pochlubit hned dv\u011bma: <strong><span style=\"color: #800000;\">Verunka \u0160af\u00e1\u0159ov\u00e1, Ani\u010dka Maru\u0161ka Lipensk\u00e1, Ad\u00e9lka Zav\u0159elov\u00e1, Zitu\u0161ka \u017dern\u00ed\u010dkov\u00e1, Barunka Tlamkov\u00e1, Krist\u00fdna Kol\u00e1\u0159ov\u00e1, Kl\u00e1ra Odehnalov\u00e1 a Anna Zem\u00e1nkov\u00e1<\/span><\/strong>! I zde v hlavn\u00ed kategorii BOREC Moravec &#8211; cena Vlastimila MORAVCE\u00a0 (z lo\u0148ska ji obhajuje Jana Tesa\u0159ov\u00e1) mus\u00edme hledat favoritky mezi \u00fasp\u011b\u0161n\u00fdmi d\u00edvkami ze z\u00e1vod\u016f \u010cesk\u00e9ho poh\u00e1ru horsk\u00fdch kol:\u00a0<span style=\"color: #800000;\"><strong>Janou &#8222;D\u017eejn&#8220; Tesa\u0159ovou a Ani\u010dkou Zem\u00e1nkovou<\/strong><\/span>.\u00a0Zde tedy pe\u010dliv\u011b nastudujte pomysln\u00e9 &#8222;startovn\u00ed listiny&#8220;:\u00a0<strong><a href=\"http:\/\/www.moravecteam.cz\/?attachment_id=6747\" rel=\"attachment wp-att-6747\">vyrocni-ceny-nominace<\/a><\/strong>\u00a0a okoukn\u011bte,\u00a0<strong><a href=\"http:\/\/www.moravecteam.cz\/?p=2870\">jak jsme v\u00fdro\u010dn\u011b ro(c)kovali loni<\/a><\/strong>, si p\u0159ipome\u0148te tu\u0165&#8230; Kostky jsou tedy vr\u017eeny&#8230; A\u0165 tak \u010di tak, ka\u017edop\u00e1dn\u011b VIP hosty by se to m\u011blo v onen posledn\u00ed \u010dtvrtek leto\u0161n\u00edho roku na Morav\u011b jen hem\u017eit&#8230; Jen z Brna jsou hl\u00e1\u0161eny dva vozy na\u0161ich kamar\u00e1d\u016f, se kter\u00fdmi m\u00e1me Vlast\u00edka MORAVCE spole\u010dn\u00e9ho&#8230; I proto si nenechte &#8222;leto\u0161ni schuzo&#8220; uj\u00edt&#8230;<\/p>\n<p style=\"text-align: justify;\">\n","protected":false},"excerpt":{"rendered":"<p>Slavnostn\u00ed v\u00fdro\u010dn\u00ed ro(c)kov\u00e1n\u00ed cyklistick\u00e9ho odd\u00edlu MORAVEC je &#8222;na dost\u0159el&#8220; a plus \/ m\u00ednus v tyto dny b\u00fdv\u00e1 zve\u0159ej\u0148ov\u00e1na nominace na odd\u00edlov\u00e9 V\u00fdro\u010dn\u00ed ceny. Rada Star\u0161\u00edch Biker\u016f MORAVEC Teamu neponechala nic n\u00e1hod\u011b ani letos a n\u00ed\u017ee si m\u016f\u017eete kandid\u00e1ty presti\u017en\u00edch odd\u00edlov\u00fdch ocen\u011bn\u00ed za r. 2016 zkontrolovat. Laure\u00e1ti jednotliv\u00fdch ocen\u011bn\u00ed pak tedy budou slavnostn\u011b vyhla\u0161ov\u00e1ni ve \u010dtvrtek &hellip; <a href=\"https:\/\/www.moravecteam.cz\/?p=6736\" class=\"more-link\">Pokra\u010dov\u00e1n\u00ed textu <span class=\"screen-reader-text\">Na V\u00e1noce nominace!<\/span> <span class=\"meta-nav\">&rarr;<\/span><\/a><\/p>\n","protected":false},"author":3,"featured_media":6743,"comment_status":"open","ping_status":"closed","sticky":false,"template":"","format":"standard","meta":[],"categories":[13],"tags":[],"_links":{"self":[{"href":"https:\/\/www.moravecteam.cz\/index.php?rest_route=\/wp\/v2\/posts\/6736"}],"collection":[{"href":"https:\/\/www.moravecteam.cz\/index.php?rest_route=\/wp\/v2\/posts"}],"about":[{"href":"https:\/\/www.moravecteam.cz\/index.php?rest_route=\/wp\/v2\/types\/post"}],"author":[{"embeddable":true,"href":"https:\/\/www.moravecteam.cz\/index.php?rest_route=\/wp\/v2\/users\/3"}],"replies":[{"embeddable":true,"href":"https:\/\/www.moravecteam.cz\/index.php?rest_route=%2Fwp%2Fv2%2Fcomments&post=6736"}],"version-history":[{"count":12,"href":"https:\/\/www.moravecteam.cz\/index.php?rest_route=\/wp\/v2\/posts\/6736\/revisions"}],"predecessor-version":[{"id":6752,"href":"https:\/\/www.moravecteam.cz\/index.php?rest_route=\/wp\/v2\/posts\/6736\/revisions\/6752"}],"wp:featuredmedia":[{"embeddable":true,"href":"https:\/\/www.moravecteam.cz\/index.php?rest_route=\/wp\/v2\/media\/6743"}],"wp:attachment":[{"href":"https:\/\/www.moravecteam.cz\/index.php?rest_route=%2Fwp%2Fv2%2Fmedia&parent=6736"}],"wp:term":[{"taxonomy":"category","embeddable":true,"href":"https:\/\/www.moravecteam.cz\/index.php?rest_route=%2Fwp%2Fv2%2Fcategories&post=6736"},{"taxonomy":"post_tag","embeddable":true,"href":"https:\/\/www.moravecteam.cz\/index.php?rest_route=%2Fwp%2Fv2%2Ftags&post=6736"}],"curies":[{"name":"wp","href":"https:\/\/api.w.org\/{rel}","templated":true}]}}