{"id":6758,"date":"2016-12-25T17:11:14","date_gmt":"2016-12-25T16:11:14","guid":{"rendered":"http:\/\/www.moravecteam.cz\/?p=6758"},"modified":"2016-12-26T10:48:34","modified_gmt":"2016-12-26T09:48:34","slug":"jak-nas-vidi","status":"publish","type":"post","link":"https:\/\/www.moravecteam.cz\/?p=6758","title":{"rendered":"Jak n\u00e1s vid\u00ed?"},"content":{"rendered":"<p style=\"text-align: justify;\"><span style=\"color: #800000;\"><strong>Je v\u017edy zaj\u00edmav\u00e9 sledovat, jak jsme &#8211; jako MORAVEC Team &#8211; vid\u011bni, tak \u0159\u00edkaj\u00edc &#8222;z ven\u010d\u00ed&#8220; &#8211; nez\u00e1visl\u00fdma o\u010dima, kter\u00e9 zpravidla b\u00fdvaj\u00ed v\u017edy velmi p\u0159\u00edsn\u00e9, kritick\u00e9, ale z\u00e1rove\u0148 i docela objektivn\u00ed. A tento p\u0159\u00edsp\u011bvek si v\u0161\u00edm\u00e1 dvou pohled\u016f z opa\u010dn\u00fdch p\u00f3l\u016f pozorovac\u00edho spektra, kdy\u017e jedn\u00edm z \u00fa\u010dastn\u011bn\u00fdch je je\u0161t\u011b velice mlad\u00e1 bikerka, kter\u00e1 sice &#8222;na pap\u00ed\u0159e&#8220; nen\u00ed \u010dlenkou MORAVEC Teamu, ale u\u017e v na\u0161em dresu n\u011bjakou tu kapku potu prolila&#8230; A druh\u00fdm pozorovatelem je naopak cyklistick\u00fd odborn\u00edk na slovo vzat\u00fd, uzn\u00e1van\u00fd nejen v \u010cesk\u00e9 kotlin\u011b, ale i hodn\u011b daleko za jej\u00edmi hranicemi&#8230;<\/strong><\/span><\/p>\n<figure id=\"attachment_6783\" aria-describedby=\"caption-attachment-6783\" style=\"width: 3504px\" class=\"wp-caption alignnone\"><a href=\"http:\/\/www.moravecteam.cz\/?attachment_id=6783\" rel=\"attachment wp-att-6783\"><img decoding=\"async\" loading=\"lazy\" class=\" wp-image-6783\" alt=\"img_20161225_0002\" src=\"http:\/\/www.moravecteam.cz\/wp-content\/uploads\/2016\/12\/IMG_20161225_0002.jpg\" width=\"3504\" height=\"2464\" srcset=\"https:\/\/www.moravecteam.cz\/wp-content\/uploads\/2016\/12\/IMG_20161225_0002.jpg 3504w, https:\/\/www.moravecteam.cz\/wp-content\/uploads\/2016\/12\/IMG_20161225_0002-300x210.jpg 300w, https:\/\/www.moravecteam.cz\/wp-content\/uploads\/2016\/12\/IMG_20161225_0002-1024x720.jpg 1024w\" sizes=\"(max-width: 3504px) 100vw, 3504px\" \/><\/a><figcaption id=\"caption-attachment-6783\" class=\"wp-caption-text\">P\u011bt postavi\u010dek, kter\u00e9 Verunka \u0160af\u00e1\u0159ovic na tomto p\u011bkn\u00e9m obr\u00e1zku zobrazila m\u00e1m &#8211; d\u00edky tat\u00ednkovi samotn\u00e9 autorky &#8211; identifikovan\u00fdch&#8230; P\u0159izn\u00e1m se, \u017ee je mi nezn\u00e1mou ta \u0161est\u00e1, zcela vlevo u stupn\u00edch v\u00edt\u011bz\u016f&#8230;<\/figcaption><\/figure>\n<p style=\"text-align: justify;\"><strong><span style=\"color: #800000;\">Verunka \u0160af\u00e1\u0159ov\u00e1<\/span><\/strong> namalovala v\u00fd\u0161e uveden\u00fd obr\u00e1zek, na kter\u00e9m jsou ztv\u00e1rn\u011bni nejen \u010dlenov\u00e9 MORAVEC Teamu. A Va\u0161\u00edm \u00fakolem je uhodnout, koho na n\u011bm ztv\u00e1rnila. V\u0161echny postavy jsou zcela re\u00e1ln\u00e9, soudob\u00e9 a samoz\u0159ejm\u011b, \u017ee jejich spole\u010dn\u00fdm jmenovatelem jsou z\u00e1vody horsk\u00fdch kol&#8230; Zkuste se tedy nad t\u00edmto obr\u00e1zkem zamyslet a ztrefit se do Verun\u010diny fantazie. Svoje odpov\u011bdi m\u011b bu\u010f za\u0161lete e-mailem nebo m\u011b je zavolejte na moje 605 0J\u00e1gr 0Nagano a nebo si je jednodu\u0161e dob\u0159e zapamatujte a sd\u011bl\u00edte n\u00e1m je na na\u0161em odd\u00edlov\u00e9m f\u00f3ru <strong><span style=\"color: #800000;\">ve \u010dtvrtek 29.12.2016, kdy od 15.00 hodin prob\u011bhne v restauraci Morava<\/span><\/strong> na\u0161e tradi\u010dn\u00ed v\u00fdro\u010dn\u00ed ro(c)kov\u00e1n\u00ed. Kdo uhodne nejv\u00edc postavi\u010dek, bude odm\u011bn\u011bn, stejn\u011b jako autorka kr\u00e1sn\u00e9ho obr\u00e1zku, kter\u00e1 v\u00edt\u011bze t\u00e9to grafick\u00e9 detektivky osobn\u011b odm\u011bn\u00ed&#8230;<\/p>\n<figure id=\"attachment_6782\" aria-describedby=\"caption-attachment-6782\" style=\"width: 640px\" class=\"wp-caption alignnone\"><a href=\"http:\/\/www.moravecteam.cz\/?attachment_id=6782\" rel=\"attachment wp-att-6782\"><img decoding=\"async\" loading=\"lazy\" class=\" wp-image-6782\" alt=\"image-0-02-05-f691093566fbea2693f0a774560d39e37bb44be0b9748d160c792080a2\" src=\"http:\/\/www.moravecteam.cz\/wp-content\/uploads\/2016\/12\/image-0-02-05-f691093566fbea2693f0a774560d39e37bb44be0b9748d160c792080a2....jpg\" width=\"640\" height=\"640\" srcset=\"https:\/\/www.moravecteam.cz\/wp-content\/uploads\/2016\/12\/image-0-02-05-f691093566fbea2693f0a774560d39e37bb44be0b9748d160c792080a2....jpg 640w, https:\/\/www.moravecteam.cz\/wp-content\/uploads\/2016\/12\/image-0-02-05-f691093566fbea2693f0a774560d39e37bb44be0b9748d160c792080a2...-25x25.jpg 25w, https:\/\/www.moravecteam.cz\/wp-content\/uploads\/2016\/12\/image-0-02-05-f691093566fbea2693f0a774560d39e37bb44be0b9748d160c792080a2...-300x300.jpg 300w\" sizes=\"(max-width: 640px) 100vw, 640px\" \/><\/a><figcaption id=\"caption-attachment-6782\" class=\"wp-caption-text\">V posledn\u00edch letech je hlavn\u011b MORAVEC Team dodavatelem elitn\u00edch snajpr\u016f do t\u00fdmu Viktora Zapletala. Sestava Kulhav\u00fd \/ \u0160af\u00e1\u0159ov\u00e1 \/ Tlamka &#8222;Contador&#8220; bude pro p\u0159\u00ed\u0161t\u00ed rok opravdu docela silnou bikerskou k\u00e1vou&#8230;<\/figcaption><\/figure>\n<p style=\"text-align: justify;\">\u017de Tom\u00e1\u0161 Tlamka &#8222;Contador&#8220; je od 1. ledna posilou legend\u00e1rn\u00edch &#8222;Rud\u00fdch \u010f\u00e1bl\u016f&#8220; <strong><span style=\"color: #800000;\">Viktora Zapletala<\/span><\/strong> (NUTREND Specialized), je u\u017e v\u0161eobecn\u011b zn\u00e1mo a renomovan\u00e9 tiskov\u00e9 agentury ji\u017e o t\u00e9to skute\u010dnosti poskytnuly dostatek informac\u00ed.Velmi n\u00e1s ale pot\u011b\u0161ily v\u011bty, kter\u00e9 se objevily na webov\u00e9 str\u00e1nce Sportovn\u00edho klubu cyklist\u016f Praha, kter\u00e1 monitoruje d\u011bn\u00ed v NUTREND Specialized. Cituji:\u00a0<strong><span style=\"color: #800000;\">&#8222;Tom\u00e1\u0161 se tak stane t\u00fdmov\u00fdm kolegou mnohon\u00e1sobn\u00e9 mistryn\u011b \u010cesk\u00e9 republiky a jedn\u00e9 z\u00a0nejlep\u0161\u00edch juniorek sv\u011bta, Ad\u00e9lky \u0160af\u00e1\u0159ov\u00e9 jej\u00ed\u017e ml\u00e1de\u017enick\u00e9 cyklistick\u00e9 \u201ekr\u016f\u010dky\u201c vedli spr\u00e1vn\u00fdm sm\u011brem tak\u00e9 tren\u00e9\u0159i t\u00fdmu MORAVEC&#8220;.\u00a0<\/span><\/strong>Vysekne-li na\u0161im tren\u00e9r\u016fm poklonu takov\u00e9 <strong><span style=\"color: #800000;\">tren\u00e9rsk\u00e9 ESO<\/span><\/strong>, jak\u00fdm <strong><span style=\"color: #800000;\">Viktor Zapletal<\/span><\/strong> beze sporu je, pak n\u00e1m nezb\u00fdv\u00e1 (tedy p\u0159edev\u0161\u00edm &#8222;head coachovi&#8220; &#8211; V\u00ed\u0165ovi Prudkovi a rodi\u010d\u016fm jak Tom\u00e1\u0161e &#8222;Contadora&#8220; &#8211; Lence a Milanovi, tak Ad\u00e9lky &#8211; Milanovi a Mark\u00e9t\u011b), ne\u017e na\u0161ponovat hru\u010f a u\u017e\u00edvat si na\u0161e t\u00e9\u017e spole\u010dn\u00e9 pomysln\u00e9 &#8222;vte\u0159iny sl\u00e1vy&#8220;. <a href=\"http:\/\/www.skcpraha.cz\/?p=4196\"><strong>Mrkn\u011bte na ten zm\u00edn\u011bn\u00fd \u010dl\u00e1nek<\/strong>.<\/a>..<\/p>\n","protected":false},"excerpt":{"rendered":"<p>Je v\u017edy zaj\u00edmav\u00e9 sledovat, jak jsme &#8211; jako MORAVEC Team &#8211; vid\u011bni, tak \u0159\u00edkaj\u00edc &#8222;z ven\u010d\u00ed&#8220; &#8211; nez\u00e1visl\u00fdma o\u010dima, kter\u00e9 zpravidla b\u00fdvaj\u00ed v\u017edy velmi p\u0159\u00edsn\u00e9, kritick\u00e9, ale z\u00e1rove\u0148 i docela objektivn\u00ed. A tento p\u0159\u00edsp\u011bvek si v\u0161\u00edm\u00e1 dvou pohled\u016f z opa\u010dn\u00fdch p\u00f3l\u016f pozorovac\u00edho spektra, kdy\u017e jedn\u00edm z \u00fa\u010dastn\u011bn\u00fdch je je\u0161t\u011b velice mlad\u00e1 bikerka, kter\u00e1 sice &#8222;na &hellip; <a href=\"https:\/\/www.moravecteam.cz\/?p=6758\" class=\"more-link\">Pokra\u010dov\u00e1n\u00ed textu <span class=\"screen-reader-text\">Jak n\u00e1s vid\u00ed?<\/span> <span class=\"meta-nav\">&rarr;<\/span><\/a><\/p>\n","protected":false},"author":3,"featured_media":6789,"comment_status":"open","ping_status":"closed","sticky":false,"template":"","format":"standard","meta":[],"categories":[13],"tags":[],"_links":{"self":[{"href":"https:\/\/www.moravecteam.cz\/index.php?rest_route=\/wp\/v2\/posts\/6758"}],"collection":[{"href":"https:\/\/www.moravecteam.cz\/index.php?rest_route=\/wp\/v2\/posts"}],"about":[{"href":"https:\/\/www.moravecteam.cz\/index.php?rest_route=\/wp\/v2\/types\/post"}],"author":[{"embeddable":true,"href":"https:\/\/www.moravecteam.cz\/index.php?rest_route=\/wp\/v2\/users\/3"}],"replies":[{"embeddable":true,"href":"https:\/\/www.moravecteam.cz\/index.php?rest_route=%2Fwp%2Fv2%2Fcomments&post=6758"}],"version-history":[{"count":15,"href":"https:\/\/www.moravecteam.cz\/index.php?rest_route=\/wp\/v2\/posts\/6758\/revisions"}],"predecessor-version":[{"id":6791,"href":"https:\/\/www.moravecteam.cz\/index.php?rest_route=\/wp\/v2\/posts\/6758\/revisions\/6791"}],"wp:featuredmedia":[{"embeddable":true,"href":"https:\/\/www.moravecteam.cz\/index.php?rest_route=\/wp\/v2\/media\/6789"}],"wp:attachment":[{"href":"https:\/\/www.moravecteam.cz\/index.php?rest_route=%2Fwp%2Fv2%2Fmedia&parent=6758"}],"wp:term":[{"taxonomy":"category","embeddable":true,"href":"https:\/\/www.moravecteam.cz\/index.php?rest_route=%2Fwp%2Fv2%2Fcategories&post=6758"},{"taxonomy":"post_tag","embeddable":true,"href":"https:\/\/www.moravecteam.cz\/index.php?rest_route=%2Fwp%2Fv2%2Ftags&post=6758"}],"curies":[{"name":"wp","href":"https:\/\/api.w.org\/{rel}","templated":true}]}}