{"id":6760,"date":"2016-12-24T17:26:38","date_gmt":"2016-12-24T16:26:38","guid":{"rendered":"http:\/\/www.moravecteam.cz\/?p=6760"},"modified":"2016-12-24T17:37:25","modified_gmt":"2016-12-24T16:37:25","slug":"doba-ocenovani-je-zde","status":"publish","type":"post","link":"https:\/\/www.moravecteam.cz\/?p=6760","title":{"rendered":"Doba oce\u0148ov\u00e1n\u00ed je zde!"},"content":{"rendered":"<p style=\"text-align: justify;\"><span style=\"color: #800000;\"><strong>Zimn\u00ed obdob\u00ed, doba pro bikera relativn\u00edho klidu, se mimo jin\u00e9 vyzna\u010duje nejr\u016fzn\u011bj\u0161\u00edmi anketami o nejlep\u0161\u00ed sportovce v\u0161eho druhu, kdy nap\u0159\u00edklad zrovna ned\u00e1vno jsme m\u011bli mo\u017enost sledovat dekoraci judisty Krp\u00e1lka, jako nejlep\u0161\u00edho sportovce \u010cesk\u00e9 republiky\u00a0za rok\u00a02016. Podle agenturn\u00edch informac\u00ed bude v nejbli\u017e\u0161\u00ed dob\u011b jednou z ocen\u011bn\u00fdch i \u010dlenka MORAVEC Teamu, bene\u0161ovsk\u00e1\u00a0 Anna Zem\u00e1nkov\u00e1.<\/strong><\/span><\/p>\n<figure id=\"attachment_6769\" aria-describedby=\"caption-attachment-6769\" style=\"width: 907px\" class=\"wp-caption alignnone\"><a href=\"http:\/\/www.moravecteam.cz\/?attachment_id=6769\" rel=\"attachment wp-att-6769\"><img decoding=\"async\" loading=\"lazy\" class=\" wp-image-6769\" alt=\"p1100587\" src=\"http:\/\/www.moravecteam.cz\/wp-content\/uploads\/2016\/12\/P1100587.jpg\" width=\"907\" height=\"746\" srcset=\"https:\/\/www.moravecteam.cz\/wp-content\/uploads\/2016\/12\/P1100587.jpg 907w, https:\/\/www.moravecteam.cz\/wp-content\/uploads\/2016\/12\/P1100587-300x246.jpg 300w\" sizes=\"(max-width: 907px) 100vw, 907px\" \/><\/a><figcaption id=\"caption-attachment-6769\" class=\"wp-caption-text\">P\u016fjde Ani\u010dka Zem\u00e1nkov\u00e1 ve \u0161l\u00e9pjej\u00edch sv\u00e9 kamar\u00e1dky a jedn\u00e9 z nejlep\u0161\u00edch juniorek sv\u011bta Ad\u00e9ly \u0160af\u00e1\u0159ov\u00e9? Uvid\u00edme&#8230; Ka\u017edop\u00e1dn\u011b p\u0159edpoklady pro to m\u00e1!<\/figcaption><\/figure>\n<p style=\"text-align: justify;\">Kovan\u00e1 bikerka, ale t\u00e9\u017e v\u00fdborn\u00e1 cyklokrosa\u0159ka, letos kategori\u00ed kadetka,\u00a0m\u00e1 za sebou vskutku TOP sez\u00f3nu a jej\u00ed v\u00fdsledky neunikly dokonce ani pozornosti patn\u00e1cti\u010dlenn\u00e9mu Obecn\u00edmu zastupitelstvu Obce Bene\u0161ova u Boskovic, kde m\u00e1 A\u0148a trval\u00e9 bydli\u0161t\u011b. P\u0159edstavitel\u00e9\u00a0t\u00e9to obce\u00a0schv\u00e1lili na sv\u00e9m, letos posledn\u00edm ve\u0159ejn\u00e9m zased\u00e1n\u00ed, pro talentovanou kadetku nejen v\u011bcn\u00fd dar, ale i finan\u010dn\u00ed odm\u011bnu! Ta j\u00ed bude p\u0159ed\u00e1na na p\u0159\u00ed\u0161t\u00edm ve\u0159ejn\u00e9m zased\u00e1n\u00ed, kter\u00e9 prob\u011bhne v m\u011bs\u00edci \u00fanoru 2017. Ani\u010dce Zem\u00e1nkov\u00e9, v\u00edt\u011bzce\u00a0\u010cesk\u00e9ho poh\u00e1ru ve sprintu\u00a0\u00a0a\u00a0aktu\u00e1ln\u011b nejlep\u0161\u00edmu sportovci Bene\u0161ova u Boskovic za r. \u00a02016 blahop\u0159ejeme! P\u0159ed n\u00ed se takov\u00e9ho ocen\u011bn\u00ed dostalo v t\u00e9to obci cyklistice zasl\u00edben\u00e9 i legend\u00e1rn\u00edmu Radimu Kov\u00e1\u0159ovi, kter\u00fd si tohoto ocen\u011bn\u00ed u\u017eil v r. 2011. Nechci se m\u00fdlit, ale v\u00fdkony Anny Zem\u00e1nkov\u00e9 ur\u010dit\u011b nez\u016fstali bez pov\u0161imnut\u00ed ani v r\u00e1mci blanensk\u00e9ho regionu, a \u017ee se s n\u00ed je\u0161t\u011b na nejednom\u00a0 slavnostn\u00edm ve\u010deru, v r\u00e1mci nejednoho vyhl\u00e1\u0161en\u00ed TOP sportovc\u016f, je\u0161t\u011b uvid\u00edme!<\/p>\n<p style=\"text-align: justify;\"><strong><span style=\"color: #800000;\">Nejlep\u0161\u00ed v\u00fdsledky Anny Zem\u00e1nkov\u00e9 v r. 2016:<\/span><\/strong><\/p>\n<ul>\n<li>\n<div style=\"text-align: justify;\"><span style=\"color: #ff6600;\"><strong>\u010cP MTB XCE &#8211; 1. m\u00edsto<\/strong><\/span><\/div>\n<\/li>\n<li>M\u010cR MTB XCE Bed\u0159ichov &#8211; 4. m\u00edsto<\/li>\n<li>\u010cP MTB XCO &#8211; 6. m\u00edsto<\/li>\n<li>M\u010cR MTB XCE Bed\u0159ichov &#8211; 6. m\u00edsto<\/li>\n<li>\u010cP v cyklokrosu &#8211; 8. m\u00edsto<\/li>\n<li>M\u010cR v cyklokrosu Uni\u010dov &#8211; 13. m\u00edsto<\/li>\n<li><span style=\"color: #808080;\"><strong>MTB Poh\u00e1r Drahansk\u00e9 vrchoviny &#8211; 2. m\u00edsto<\/strong><\/span><\/li>\n<\/ul>\n<p>&nbsp;<\/p>\n<p>&nbsp;<\/p>\n<p style=\"text-align: justify;\">\n","protected":false},"excerpt":{"rendered":"<p>Zimn\u00ed obdob\u00ed, doba pro bikera relativn\u00edho klidu, se mimo jin\u00e9 vyzna\u010duje nejr\u016fzn\u011bj\u0161\u00edmi anketami o nejlep\u0161\u00ed sportovce v\u0161eho druhu, kdy nap\u0159\u00edklad zrovna ned\u00e1vno jsme m\u011bli mo\u017enost sledovat dekoraci judisty Krp\u00e1lka, jako nejlep\u0161\u00edho sportovce \u010cesk\u00e9 republiky\u00a0za rok\u00a02016. Podle agenturn\u00edch informac\u00ed bude v nejbli\u017e\u0161\u00ed dob\u011b jednou z ocen\u011bn\u00fdch i \u010dlenka MORAVEC Teamu, bene\u0161ovsk\u00e1\u00a0 Anna Zem\u00e1nkov\u00e1. Kovan\u00e1 bikerka, ale &hellip; <a href=\"https:\/\/www.moravecteam.cz\/?p=6760\" class=\"more-link\">Pokra\u010dov\u00e1n\u00ed textu <span class=\"screen-reader-text\">Doba oce\u0148ov\u00e1n\u00ed je zde!<\/span> <span class=\"meta-nav\">&rarr;<\/span><\/a><\/p>\n","protected":false},"author":3,"featured_media":6770,"comment_status":"open","ping_status":"closed","sticky":false,"template":"","format":"standard","meta":[],"categories":[13],"tags":[],"_links":{"self":[{"href":"https:\/\/www.moravecteam.cz\/index.php?rest_route=\/wp\/v2\/posts\/6760"}],"collection":[{"href":"https:\/\/www.moravecteam.cz\/index.php?rest_route=\/wp\/v2\/posts"}],"about":[{"href":"https:\/\/www.moravecteam.cz\/index.php?rest_route=\/wp\/v2\/types\/post"}],"author":[{"embeddable":true,"href":"https:\/\/www.moravecteam.cz\/index.php?rest_route=\/wp\/v2\/users\/3"}],"replies":[{"embeddable":true,"href":"https:\/\/www.moravecteam.cz\/index.php?rest_route=%2Fwp%2Fv2%2Fcomments&post=6760"}],"version-history":[{"count":11,"href":"https:\/\/www.moravecteam.cz\/index.php?rest_route=\/wp\/v2\/posts\/6760\/revisions"}],"predecessor-version":[{"id":6777,"href":"https:\/\/www.moravecteam.cz\/index.php?rest_route=\/wp\/v2\/posts\/6760\/revisions\/6777"}],"wp:featuredmedia":[{"embeddable":true,"href":"https:\/\/www.moravecteam.cz\/index.php?rest_route=\/wp\/v2\/media\/6770"}],"wp:attachment":[{"href":"https:\/\/www.moravecteam.cz\/index.php?rest_route=%2Fwp%2Fv2%2Fmedia&parent=6760"}],"wp:term":[{"taxonomy":"category","embeddable":true,"href":"https:\/\/www.moravecteam.cz\/index.php?rest_route=%2Fwp%2Fv2%2Fcategories&post=6760"},{"taxonomy":"post_tag","embeddable":true,"href":"https:\/\/www.moravecteam.cz\/index.php?rest_route=%2Fwp%2Fv2%2Ftags&post=6760"}],"curies":[{"name":"wp","href":"https:\/\/api.w.org\/{rel}","templated":true}]}}