{"id":6827,"date":"2016-12-28T09:50:56","date_gmt":"2016-12-28T08:50:56","guid":{"rendered":"http:\/\/www.moravecteam.cz\/?p=6827"},"modified":"2016-12-28T10:13:55","modified_gmt":"2016-12-28T09:13:55","slug":"medailova-hrabenka","status":"publish","type":"post","link":"https:\/\/www.moravecteam.cz\/?p=6827","title":{"rendered":"Medailov\u00e1 Hrab\u011bnka!"},"content":{"rendered":"<p style=\"text-align: justify;\"><span style=\"color: #800000;\"><strong>U\u017e po n\u011bkolik let je na\u0161\u00edm posledn\u00edm ostr\u00fdm m\u011b\u0159en\u00edm sil Hrab\u011bn\u010dino b\u011bh\u00e1n\u00ed &#8211; fin\u00e1lov\u00fd z\u00e1vod Okresn\u00ed b\u011b\u017eeck\u00e9 ligy. Z jeden\u00e1cti na\u0161ich \u00fa\u010dastn\u011bn\u00fdch atlet\u016f jich letos hned bez m\u00e1la polovina vybojovala pro MORAVEC dv\u011b zlat\u00e9, jednu\u00a0st\u0159\u00edbrnou a dv\u011b bronzov\u00e9 medaile! Vskutku efektn\u00ed te\u010dka za vele\u00fasp\u011b\u0161nou sez\u00f3nou, kter\u00e1 b\u011b\u017eeck\u00fdmi z\u00e1vody letos v lednu za\u010dala a b\u011b\u017eeck\u00fdmi z\u00e1vody i minul\u00e9 \u00fater\u00fd skon\u010dila&#8230;\u00a0<\/strong><\/span><\/p>\n<figure id=\"attachment_6832\" aria-describedby=\"caption-attachment-6832\" style=\"width: 2231px\" class=\"wp-caption alignnone\"><a href=\"http:\/\/www.moravecteam.cz\/?attachment_id=6832\" rel=\"attachment wp-att-6832\"><img decoding=\"async\" loading=\"lazy\" class=\" wp-image-6832\" alt=\"dsc03078a\" src=\"http:\/\/www.moravecteam.cz\/wp-content\/uploads\/2016\/12\/DSC03078a.jpg\" width=\"2231\" height=\"2574\" srcset=\"https:\/\/www.moravecteam.cz\/wp-content\/uploads\/2016\/12\/DSC03078a.jpg 2231w, https:\/\/www.moravecteam.cz\/wp-content\/uploads\/2016\/12\/DSC03078a-260x300.jpg 260w, https:\/\/www.moravecteam.cz\/wp-content\/uploads\/2016\/12\/DSC03078a-887x1024.jpg 887w\" sizes=\"(max-width: 2231px) 100vw, 2231px\" \/><\/a><figcaption id=\"caption-attachment-6832\" class=\"wp-caption-text\">Vyzr\u00e1l\u00fd b\u011b\u017eeck\u00fd projev Ad\u00e9ly Kubinov\u00e9 vy\u00fastil v Petrovic\u00edch ve zisk bronzov\u00e9 medaile!<\/figcaption><\/figure>\n<p style=\"text-align: justify;\">Jeden\u00e1ct MORAVC\u016e vyb\u011bhlo na trat\u011b tradi\u010dn\u00edho region\u00e1ln\u00edho b\u011b\u017eeck\u00e9ho kl\u00e1n\u00ed a v\u011b\u0159te nebo nev\u011b\u0159te, v extr\u00e9mn\u011b t\u011b\u017ek\u00e9 konkurenci\u00a0\u00a0region\u00e1ln\u00edch b\u011b\u017ec\u016f &#8211; &#8222;prof\u00edk\u016f dob\u011bhli v\u0161ichni v TOP 10! P\u0159ekon\u00e1vali se hlavn\u011b na\u0161e &#8222;mlad\u00e9 pu\u0161ky&#8220; &#8211; \u010derstv\u00e9 posily MORAVEC Teamu pro r. 2017.\u00a0\u00a0Se zlatem do na\u0161\u00ed pokladnice p\u0159isp\u011bchali po v\u00fdborn\u00fdch v\u00fdkonech ve sv\u00fdch kategori\u00edch Filip Ecler a Just\u00fdnka Novotn\u00e1, pro st\u0159\u00edbro si dob\u011bhl \u0161ikovn\u00fd Matou\u0161 Lipensk\u00fd a bronzem se m\u016f\u017eou pochlubit dal\u0161\u00ed dv\u011b na\u0161e \u0161ikovn\u00e9 holky &#8211; Ad\u00e9lka Kubinov\u00e1 s Barborou Janovskou!<\/p>\n<figure id=\"attachment_6831\" aria-describedby=\"caption-attachment-6831\" style=\"width: 1150px\" class=\"wp-caption alignnone\"><a href=\"http:\/\/www.moravecteam.cz\/?attachment_id=6831\" rel=\"attachment wp-att-6831\"><img decoding=\"async\" loading=\"lazy\" class=\" wp-image-6831\" alt=\"026a\" src=\"http:\/\/www.moravecteam.cz\/wp-content\/uploads\/2016\/12\/026a.jpg\" width=\"1150\" height=\"938\" srcset=\"https:\/\/www.moravecteam.cz\/wp-content\/uploads\/2016\/12\/026a.jpg 1150w, https:\/\/www.moravecteam.cz\/wp-content\/uploads\/2016\/12\/026a-300x244.jpg 300w, https:\/\/www.moravecteam.cz\/wp-content\/uploads\/2016\/12\/026a-1024x835.jpg 1024w\" sizes=\"(max-width: 1150px) 100vw, 1150px\" \/><\/a><figcaption id=\"caption-attachment-6831\" class=\"wp-caption-text\">Na trati na\u0161i nejmlad\u0161\u00ed: vlevo Jon\u00e1\u0161ek, vpravo Honz\u00edk, oba v doprovodu zku\u0161en\u011bj\u0161\u00edch vodi\u010d\u016f&#8230;<\/figcaption><\/figure>\n<p style=\"text-align: justify;\">V\u016fbec Lipensk\u00fdm to v Petrovic\u00edch &#8222;b\u011b\u017eelo&#8220;&#8230; Krom\u011b st\u0159\u00edbrn\u00e9 medaile Matou\u0161ka brali jeho star\u0161\u00ed br\u00e1cha V\u00ed\u0165a a jeho m\u00e1ma ve sv\u00fdch kategori\u00edch &#8222;brambory&#8220;, p\u0159i\u010dem\u017e hlavn\u011b V\u00ed\u0165a byl dlouho v\u00e1\u017en\u011b ve h\u0159e o bronz!\u00a0Dvoj\u010data Ja\u0148ula s Honz\u00edkem pak zaostali za pomysln\u00fdmi &#8222;bramborami&#8220; pouze o stup\u00ednek a tud\u00ed\u017e i oni brali um\u00edst\u011bn\u00ed v TOP 5! V\u00fd\u010det na\u0161ich kvalitn\u00edch v\u00fdsledk\u016f z Petrovic u\u017e jen dotvrzuje 6. m\u00edsto mladi\u010dk\u00e9 Leonky Eclerov\u00e9 a 7. m\u00edsto mo\u017en\u00e1 je\u0161t\u011b mlad\u0161\u00edho Jon\u00e1\u0161ka Janovsk\u00e9ho&#8230; Zkr\u00e1tka na\u0161i (nejen) el\u00e9vov\u00e9 se v z\u00e1v\u011bru roku p\u0159edvedli v Petrovic\u00edch co by b\u011b\u017eci v tom nejlep\u0161\u00edm sv\u011btle! K medailist\u016fm let\u00ed na\u0161e blahop\u0159\u00e1n\u00ed, ke v\u0161em pak pod\u011bkov\u00e1n\u00ed za vzorn\u00e9 repre MORAVCE, v\u010detn\u011b podp\u016frn\u00fdch rodinn\u00fdch t\u00fdm\u016f! Zde si odkontrolujte v\u00fdsledky a sem mrkn\u011bte na forogalerii&#8230;<\/p>\n<p>&nbsp;<\/p>\n","protected":false},"excerpt":{"rendered":"<p>U\u017e po n\u011bkolik let je na\u0161\u00edm posledn\u00edm ostr\u00fdm m\u011b\u0159en\u00edm sil Hrab\u011bn\u010dino b\u011bh\u00e1n\u00ed &#8211; fin\u00e1lov\u00fd z\u00e1vod Okresn\u00ed b\u011b\u017eeck\u00e9 ligy. Z jeden\u00e1cti na\u0161ich \u00fa\u010dastn\u011bn\u00fdch atlet\u016f jich letos hned bez m\u00e1la polovina vybojovala pro MORAVEC dv\u011b zlat\u00e9, jednu\u00a0st\u0159\u00edbrnou a dv\u011b bronzov\u00e9 medaile! Vskutku efektn\u00ed te\u010dka za vele\u00fasp\u011b\u0161nou sez\u00f3nou, kter\u00e1 b\u011b\u017eeck\u00fdmi z\u00e1vody letos v lednu za\u010dala a b\u011b\u017eeck\u00fdmi z\u00e1vody &hellip; <a href=\"https:\/\/www.moravecteam.cz\/?p=6827\" class=\"more-link\">Pokra\u010dov\u00e1n\u00ed textu <span class=\"screen-reader-text\">Medailov\u00e1 Hrab\u011bnka!<\/span> <span class=\"meta-nav\">&rarr;<\/span><\/a><\/p>\n","protected":false},"author":3,"featured_media":6838,"comment_status":"open","ping_status":"closed","sticky":false,"template":"","format":"standard","meta":[],"categories":[1],"tags":[],"_links":{"self":[{"href":"https:\/\/www.moravecteam.cz\/index.php?rest_route=\/wp\/v2\/posts\/6827"}],"collection":[{"href":"https:\/\/www.moravecteam.cz\/index.php?rest_route=\/wp\/v2\/posts"}],"about":[{"href":"https:\/\/www.moravecteam.cz\/index.php?rest_route=\/wp\/v2\/types\/post"}],"author":[{"embeddable":true,"href":"https:\/\/www.moravecteam.cz\/index.php?rest_route=\/wp\/v2\/users\/3"}],"replies":[{"embeddable":true,"href":"https:\/\/www.moravecteam.cz\/index.php?rest_route=%2Fwp%2Fv2%2Fcomments&post=6827"}],"version-history":[{"count":8,"href":"https:\/\/www.moravecteam.cz\/index.php?rest_route=\/wp\/v2\/posts\/6827\/revisions"}],"predecessor-version":[{"id":6839,"href":"https:\/\/www.moravecteam.cz\/index.php?rest_route=\/wp\/v2\/posts\/6827\/revisions\/6839"}],"wp:featuredmedia":[{"embeddable":true,"href":"https:\/\/www.moravecteam.cz\/index.php?rest_route=\/wp\/v2\/media\/6838"}],"wp:attachment":[{"href":"https:\/\/www.moravecteam.cz\/index.php?rest_route=%2Fwp%2Fv2%2Fmedia&parent=6827"}],"wp:term":[{"taxonomy":"category","embeddable":true,"href":"https:\/\/www.moravecteam.cz\/index.php?rest_route=%2Fwp%2Fv2%2Fcategories&post=6827"},{"taxonomy":"post_tag","embeddable":true,"href":"https:\/\/www.moravecteam.cz\/index.php?rest_route=%2Fwp%2Fv2%2Ftags&post=6827"}],"curies":[{"name":"wp","href":"https:\/\/api.w.org\/{rel}","templated":true}]}}