{"id":6841,"date":"2017-01-01T21:12:29","date_gmt":"2017-01-01T20:12:29","guid":{"rendered":"http:\/\/www.moravecteam.cz\/?p=6841"},"modified":"2017-01-02T07:37:03","modified_gmt":"2017-01-02T06:37:03","slug":"nadilka-u-moravcu","status":"publish","type":"post","link":"https:\/\/www.moravecteam.cz\/?p=6841","title":{"rendered":"Nad\u00edlka u MORAVC\u016e!"},"content":{"rendered":"<p style=\"text-align: justify;\"><strong><span style=\"color: #800000;\">Co je MORAVEC MORAVCEM je tradic\u00ed, \u017ee v obdob\u00ed V\u00e1no\u010dn\u00edch sv\u00e1tk\u016f se ud\u011bluj\u00ed TOP \u010dlen\u016fm odd\u00edlu v\u00fdro\u010dn\u00ed ceny. Ani v z\u00e1v\u011bru leto\u0161n\u00edho roku jsme tuto tradici neporu\u0161ili a zapln\u011bn\u00e1 restaurace Morava v Bene\u0161ov\u011b byla sv\u011bdkem tak\u0159ka \u010dty\u0159hodinov\u00e9ho p\u0159ed\u00e1v\u00e1n\u00ed, kdy\u017e byl op\u011bt napln\u011bn princip odm\u011bny pro ka\u017ed\u00e9ho, kdo jakkoli p\u0159ilo\u017eil pro n\u00e1\u0161 odd\u00edl ruce k d\u00edlu. A nen\u00ed to u\u017e zdaleka jenom o dom\u011b\u0148ov\u00e1n\u00ed d\u011bt\u00ed a tak\u00e9 to u\u017e zdaleka nen\u00ed o odm\u011b\u0148ov\u00e1n\u00ed aktivn\u00edch z\u00e1vodn\u00edk\u016f&#8230; Dv\u011b nejpresti\u017en\u011bj\u0161\u00ed ceny Vlastimila MORAVCE &#8211; Borec MORAVEC si budou hov\u011bt t\u00e9m\u011b\u0159 po cel\u00fd rok 2017 ve vitr\u00ednk\u00e1ch d\u011btsk\u00fdch pokoj\u016f Ani\u010dky Zem\u00e1nkov\u00e9 a Tom\u00e1\u0161e Tlamky &#8222;Contadora&#8220;.<\/span><\/strong><\/p>\n<figure id=\"attachment_6850\" aria-describedby=\"caption-attachment-6850\" style=\"width: 1693px\" class=\"wp-caption alignnone\"><a href=\"http:\/\/www.moravecteam.cz\/?attachment_id=6850\" rel=\"attachment wp-att-6850\"><img decoding=\"async\" loading=\"lazy\" class=\" wp-image-6850\" alt=\"img_3021\" src=\"http:\/\/www.moravecteam.cz\/wp-content\/uploads\/2017\/01\/IMG_3021.jpg\" width=\"1693\" height=\"1391\" srcset=\"https:\/\/www.moravecteam.cz\/wp-content\/uploads\/2017\/01\/IMG_3021.jpg 1693w, https:\/\/www.moravecteam.cz\/wp-content\/uploads\/2017\/01\/IMG_3021-300x246.jpg 300w, https:\/\/www.moravecteam.cz\/wp-content\/uploads\/2017\/01\/IMG_3021-1024x841.jpg 1024w\" sizes=\"(max-width: 1693px) 100vw, 1693px\" \/><\/a><figcaption id=\"caption-attachment-6850\" class=\"wp-caption-text\">Dv\u011b hlavn\u00ed hv\u011bzdy ve\u010dera: &#8222;mal\u00e1&#8220; Eva Bartol\u0161ic &#8211; MORAVCOV\u00c1 se svoj\u00ed maminkou &#8222;velkou&#8220; Evou MORAVCOVOU. Svoje \u00fakoly v pr\u016fb\u011bhu ve\u010dera zvl\u00e1dly na jedni\u010dku!<\/figcaption><\/figure>\n<p style=\"text-align: justify;\">Bylo \u00faln\u011b super, \u017ee se n\u00e1m d\u00edky Milanu Tlamkovi poda\u0159ilo na za\u010d\u00e1tku slavnostn\u00edho ve\u010dera nav\u00e1zat audio-video spojen\u00ed se Zav\u0159elovic rodinou, kter\u00e1 aktu\u00e1ln\u011b fini\u0161uje v r\u00e1mci sv\u00e9 mise na D\u00e1ln\u00e9m, hodn\u011b d\u00e1ln\u00e9m v\u00fdchod\u011b (Malaisie &#8211; Langkawi)! VIP pers\u00f3nami se to pak na &#8222;v\u00fdro\u010dce&#8220; letos jenom hem\u017eilo: krom\u011b starosty obce Bene\u0161ova, p. Anton\u00edna Rusa (ten m\u011bl jako v\u017edy na starosti vyhl\u00e1\u0161en\u00ed nejlep\u0161\u00edch bene\u0161ovsk\u00fdch cyklist\u016f), p\u0159ijeli z Brna dva host\u00e9 nejvz\u00e1cn\u011bj\u0161\u00ed &#8211; ob\u011b Evy &#8211; &#8222;velk\u00e1&#8220; MORAVCOV\u00c1 a &#8222;mal\u00e1&#8220; Bartol\u0161ic-MORAVCOV\u00c1! Ta druh\u00e1 jmenovan\u00e1 je u\u017e v pravd\u011b\u00a0na &#8222;rozsyp\u00e1n\u00ed&#8220; , a radostn\u00e1 ud\u00e1lost je u Bartol\u0161ic\u016f o\u010dek\u00e1v\u00e1na koncem leto\u0161n\u00edho b\u0159ezna. Nechyb\u011bla dal\u0161\u00ed v\u00edt\u011bzka z roku 2016 &#8211; \u010derstv\u00e1 sen\u00e1torka a hlavn\u011b na\u0161e kamar\u00e1dka &#8211; Mirka V\u00edtkov\u00e1! A kdy\u017e k t\u011bmto v\u0161em TOP person\u00e1m p\u0159ipo\u010dteme hned \u010dty\u0159i (!) leto\u0161n\u00ed republikov\u00e9 \u0161ampiony z na\u0161ich \u0159ad (Ad\u00e9la \u0160af\u00e1\u0159ov\u00e1, Dominik Prudek, Tom\u00e1\u0161 Tlamka &#8222;Contador&#8220; a Leo\u0161 Bal\u00e1k) + jednu v\u00edt\u011bzku \u010cesk\u00e9ho poh\u00e1ru (Anna Zem\u00e1nkov\u00e1), bylo jasn\u00e9, \u017ee se tentokr\u00e1t se\u0161lo osazenstvo, kter\u00e9 asi nem\u011blo v r\u00e1mci t\u00e9to akce zat\u00edm obdoby&#8230;<\/p>\n<figure id=\"attachment_6847\" aria-describedby=\"caption-attachment-6847\" style=\"width: 1841px\" class=\"wp-caption alignnone\"><a href=\"http:\/\/www.moravecteam.cz\/?attachment_id=6847\" rel=\"attachment wp-att-6847\"><img decoding=\"async\" loading=\"lazy\" class=\" wp-image-6847\" alt=\"img_2952\" src=\"http:\/\/www.moravecteam.cz\/wp-content\/uploads\/2017\/01\/IMG_2952.jpg\" width=\"1841\" height=\"1281\" srcset=\"https:\/\/www.moravecteam.cz\/wp-content\/uploads\/2017\/01\/IMG_2952.jpg 1841w, https:\/\/www.moravecteam.cz\/wp-content\/uploads\/2017\/01\/IMG_2952-300x208.jpg 300w, https:\/\/www.moravecteam.cz\/wp-content\/uploads\/2017\/01\/IMG_2952-1024x712.jpg 1024w\" sizes=\"(max-width: 1841px) 100vw, 1841px\" \/><\/a><figcaption id=\"caption-attachment-6847\" class=\"wp-caption-text\">Ani\u010dka Zem\u00e1nkov\u00e1 je dal\u0161\u00ed z bikerek MORAVEC Teamu, kter\u00e1 se m\u016f\u017ee pochlubit ziskem presti\u017en\u00ed ceny Borec MORAVEC. Za v\u00fdkony v lo\u0148sk\u00e9m roce se ji ur\u010dit\u011b zaslou\u017e\u00ed!<\/figcaption><\/figure>\n<p style=\"text-align: justify;\">A pr\u00e1v\u011b posledn\u011b jmenovan\u00e1 <strong><span style=\"color: #800000;\">Anna Zem\u00e1nkov\u00e1<\/span><\/strong>, byla spolu se sv\u00fdmi mlad\u0161\u00edmi t\u00fdmov\u00fdmi kolegy &#8211; sourozenci <strong><span style=\"color: #800000;\">Lucinkou a Maty\u00e1\u0161kem Koudelkovic<\/span><\/strong> dekorov\u00e1na (co by nejlep\u0161\u00ed cyklist\u00e9 Bene\u0161ova za r. 2016), z rukou starosty Tondy Rusa mezi prvn\u00edmi. V rychl\u00e9m sledu pak n\u00e1sledovalo p\u0159edveden\u00ed nominovan\u00fdch a n\u00e1sledn\u00e9 vyhl\u00e1\u0161en\u00ed v\u00edt\u011bz\u016f v jednotliv\u00fdch stanoven\u00fdch kategori\u00edch: Objev roku, Skokan roku, Dravec MORAVEC a Borec MORAVEC. P\u0159ehled dr\u017eitel\u016f presti\u017en\u00edch cen za r. 2016 omrkn\u011bte n\u00ed\u017ee, TOP cenu Vlastimila MORAVCE obh\u00e1jil mezi chlapci z lo\u0148ska podle o\u010dek\u00e1v\u00e1n\u00ed\u00a0&#8222;bombar\u010f\u00e1k&#8220; \u00a0<strong><span style=\"color: #800000;\">Tom\u00e1\u0161 Tlamka &#8222;Contador&#8220;<\/span><\/strong> a mezi d\u00edvkami se z t\u00e9to ceny m\u016f\u017ee poprv\u00e9 t\u011b\u0161it pracovit\u00e1\u00a0<strong><span style=\"color: #800000;\">Anna Zem\u00e1nkov\u00e1<\/span><\/strong>. Za pozornost ur\u010do stoj\u00ed i fakt, \u017ee nebyla za r. 2016 ud\u011blena ani jedna z cen &#8222;Smola\u0159 roku&#8220;. Co\u017e neznamen\u00e1 nic jin\u00e9ho, ne\u017e \u017ee se rajdr\u016fm MORAVEC Taemu letos sm\u016fla v z\u00e1sad\u011b vyh\u00fdbala! V\u0161em laure\u00e1t\u016fm d\u011btsk\u00fdch cen pat\u0159\u00ed na\u0161e gratulova\u010dka!<\/p>\n<figure id=\"attachment_6848\" aria-describedby=\"caption-attachment-6848\" style=\"width: 1845px\" class=\"wp-caption alignnone\"><a href=\"http:\/\/www.moravecteam.cz\/?attachment_id=6848\" rel=\"attachment wp-att-6848\"><img decoding=\"async\" loading=\"lazy\" class=\" wp-image-6848\" alt=\"img_2975\" src=\"http:\/\/www.moravecteam.cz\/wp-content\/uploads\/2017\/01\/IMG_2975.jpg\" width=\"1845\" height=\"1331\" srcset=\"https:\/\/www.moravecteam.cz\/wp-content\/uploads\/2017\/01\/IMG_2975.jpg 1845w, https:\/\/www.moravecteam.cz\/wp-content\/uploads\/2017\/01\/IMG_2975-300x216.jpg 300w, https:\/\/www.moravecteam.cz\/wp-content\/uploads\/2017\/01\/IMG_2975-1024x738.jpg 1024w\" sizes=\"(max-width: 1845px) 100vw, 1845px\" \/><\/a><figcaption id=\"caption-attachment-6848\" class=\"wp-caption-text\">Dosp\u011bl\u00fdm &#8222;bombar\u010f\u00e1k\u016fm&#8220; z \u0159ad MORAVEC Teamu za r. 2016 v\u00e9vod\u00ed cyklokrosov\u00fd Mistr \u010cesk\u00e9 republiky v kategorii &#8222;Masters&#8220; Leo\u0161 Bal\u00e1k!<\/figcaption><\/figure>\n<p style=\"text-align: justify;\">Zkr\u00e1tka nep\u0159i\u0161li ani dosp\u011bl\u00ed. Ti nejlep\u0161\u00ed, z\u00e1vodn\u011b aktivn\u00ed, byli odm\u011bn\u011bni cenou &#8222;mal\u00e9&#8220; Evy Bartol\u0161ic-MORAVCOV\u00c9. Mezi mu\u017ei si toto ocen\u011bn\u00ed odvezl cyklokrosa\u0159sk\u00fd n\u00e1rodn\u00ed \u0161ampion mezi veter\u00e1ny &#8211; <strong><span style=\"color: #800000;\">Leo\u0161 Bal\u00e1k<\/span><\/strong> a mezi \u017eenami pak po z\u00e1sluze region\u00e1ln\u011b bikersky velice aktivn\u00ed &#8211; <strong><span style=\"color: #800000;\">Kate\u0159ina Gottwaldov\u00e1<\/span><\/strong>. Cenu &#8222;velk\u00e9&#8220; Evy MORAVCOV\u00c9 pak brali ti nejlep\u0161\u00ed dosp\u011bl\u00ed, kte\u0159\u00ed stoj\u00ed v\u00edce &#8211; m\u00e9n\u011b, (sp\u00ed\u0161e v\u00edce) &#8211; mimo aktivn\u00ed \u00fa\u010dasti na z\u00e1vodn\u00edch trat\u00edch. V d\u011bv\u010datech si poklonu a toto ocen\u011bn\u00ed zaslou\u017eila skv\u011bl\u00e1 cvi\u010ditelka &#8211; <strong><span style=\"color: #800000;\">Ivana Prudkov\u00e1<\/span><\/strong>, jej\u00ed\u017e mistrovstv\u00ed v tomto oboru u\u017e registruj\u00ed dokonce i v zahrani\u010d\u00ed! A mezi mu\u017ei se m\u016f\u017ee trofej\u00ed py\u0161nit tren\u00e9r JUNIOR Teamu <strong><span style=\"color: #800000;\">Milan Tlamka<\/span><\/strong>, kter\u00fd dok\u00e1zal loni semknout na\u0161e &#8222;mlad\u00e9 pu\u0161ky&#8220; tak pevn\u011b, \u017ee po pr\u00e1vu ji\u017e prakticky zdom\u00e1cn\u011bl n\u00e1zev &#8222;Milanovy d\u011bti&#8220;, co\u017e jeho kvalitn\u00ed pr\u00e1ci snad nejl\u00e9pe vystihuje.<\/p>\n<figure id=\"attachment_6849\" aria-describedby=\"caption-attachment-6849\" style=\"width: 1831px\" class=\"wp-caption alignnone\"><a href=\"http:\/\/www.moravecteam.cz\/?attachment_id=6849\" rel=\"attachment wp-att-6849\"><img decoding=\"async\" loading=\"lazy\" class=\" wp-image-6849\" alt=\"img_3007\" src=\"http:\/\/www.moravecteam.cz\/wp-content\/uploads\/2017\/01\/IMG_3007.jpg\" width=\"1831\" height=\"1536\" srcset=\"https:\/\/www.moravecteam.cz\/wp-content\/uploads\/2017\/01\/IMG_3007.jpg 1831w, https:\/\/www.moravecteam.cz\/wp-content\/uploads\/2017\/01\/IMG_3007-300x251.jpg 300w, https:\/\/www.moravecteam.cz\/wp-content\/uploads\/2017\/01\/IMG_3007-1024x859.jpg 1024w\" sizes=\"(max-width: 1831px) 100vw, 1831px\" \/><\/a><figcaption id=\"caption-attachment-6849\" class=\"wp-caption-text\">I pro Bar\u010du Janovskou byl posledn\u00ed \u010dtvrte\u010dn\u00ed ve\u010der r. 2016 \u00fasp\u011b\u0161n\u00fd. Krom\u011b ceny Objev roku je i \u010derstvou posilou elitn\u00ed jednotky MORAVEC Rangers!<\/figcaption><\/figure>\n<p style=\"text-align: justify;\">Obl\u00edben\u00fdch pasova\u010dek bylo taky letos nad pr\u016fm\u011br, co\u017e op\u011bt dotvrzuje kvalitu, s\u00edlu a i po\u010detnost sou\u010dasn\u00e9ho MORAVEC Teamu! Na \u00fapln\u00fd z\u00e1v\u011br ofici\u00e1ln\u00ed \u010d\u00e1sti jsme se pak dozv\u011bd\u011bli, kter\u00e9 \u017ee to postavi\u010dky namalovala na sv\u00e9m kr\u00e1sn\u00e9m obr\u00e1zku Verunka \u0160af\u00e1\u0159ov\u00e1 (n\u00ed\u017ee op\u011bt uv\u00e1d\u00edm spr\u00e1vn\u00e9 \u0159e\u0161en\u00ed t\u00e9to na\u0161\u00ed ur\u010dit\u011b zaj\u00edmav\u00e9 minisout\u011b\u017ee). Op\u011bt se slu\u0161\u00ed p\u0159ipomenout v\u00edt\u011bze: hned t\u0159i postavi\u010dky (Petra Koudelku, Ad\u00e9lu \u0160af\u00e1\u0159ovou a Janu Tesa\u0159ovou) jako jedin\u00fd uhodl velice \u00fasp\u011b\u0161n\u00fd mu\u017e onoho \u010dtvrte\u010dn\u00edho slavnostn\u00edho ve\u010dera &#8211; Milan Tlamka! \u017de jako \u010desk\u00e9ho zp\u011bv\u00e1ka m\u011bl n\u00e1\u0161 Vlast\u00edk nejrad\u0161i Petra Nov\u00e1ka a ze zahrani\u010dn\u00edch kapel skupinu Queen, to u\u017e taky po minul\u00e9m \u010dtvrtku v\u00edme&#8230; V t\u00e9to minisout\u011b\u017ei paradoxn\u011b nikdo(!) spr\u00e1vn\u011b neodpov\u011bd\u011bl a tak zku\u0161en\u00e1 losovatelka a p\u0159\u00edtomn\u00e1 p\u0159edsedkyn\u011b na\u0161eho FAN-Klubu, Maru\u0161ka Zouharov\u00e1 vylosovala z t\u011bch, kte\u0159\u00ed odpov\u011bd\u011bli alespo\u0148 na 50%, jako v\u00edt\u011bze sympa\u0165\u00e1ka &#8211; Adama Bal\u00e1ka! No a \u00fapln\u00fd z\u00e1v\u011br byl ve znamen\u00ed lou\u010den\u00ed&#8230; Od nov\u00e9ho roku p\u0159estupuje k Ad\u00e9le \u0160af\u00e1\u0159ov\u00e9 a Jardovi Kulhav\u00e9mu do t\u00fdmu &#8222;Rud\u00fdch \u010f\u00e1bl\u016f&#8220; Viktora Zapletala Tom\u00e1\u0161 Tlamka &#8222;Contador&#8220;. Tom\u00e1\u0161ovi p\u0159ejeme, a\u0165 mu to u Viktora &#8222;svi\u0161t\u00ed&#8220; stejn\u011b v\u00edt\u011bzn\u011b jako u n\u00e1s, a a\u0165 je on t\u00edm, kdo d\u0159\u00edve nebo pozd\u011bji sesad\u00ed z tr\u016fnu aktu\u00e1ln\u00edho kr\u00e1le sv\u011btov\u00e9ho biku &#8211; Nina Schurtera! D\u00edky Tome za v\u0161e, co jsi pro MORAVEC Team kdy ud\u011blal! A dr\u017e\u00edme palce! &#8230;Pro\u010d m\u011b u\u017e zase vlhnou o\u010di..? <strong><a href=\"http:\/\/moravecteam.rajce.idnes.cz\/2016.12.29_Vyrocni_ro_c_kovani\/\">Mrkn\u011bte na fotky&#8230;<\/a><\/strong><\/p>\n<figure id=\"attachment_6851\" aria-describedby=\"caption-attachment-6851\" style=\"width: 1740px\" class=\"wp-caption alignnone\"><a href=\"http:\/\/www.moravecteam.cz\/?attachment_id=6851\" rel=\"attachment wp-att-6851\"><img decoding=\"async\" loading=\"lazy\" class=\" wp-image-6851\" alt=\"img_3043\" src=\"http:\/\/www.moravecteam.cz\/wp-content\/uploads\/2017\/01\/IMG_3043.jpg\" width=\"1740\" height=\"1237\" srcset=\"https:\/\/www.moravecteam.cz\/wp-content\/uploads\/2017\/01\/IMG_3043.jpg 1740w, https:\/\/www.moravecteam.cz\/wp-content\/uploads\/2017\/01\/IMG_3043-300x213.jpg 300w, https:\/\/www.moravecteam.cz\/wp-content\/uploads\/2017\/01\/IMG_3043-1024x727.jpg 1024w\" sizes=\"(max-width: 1740px) 100vw, 1740px\" \/><\/a><figcaption id=\"caption-attachment-6851\" class=\"wp-caption-text\">Lou\u010den\u00ed s &#8222;Contadorem&#8220; bylo ve znamen\u00ed p\u0159ed\u00e1n\u00ed kalend\u00e1\u0159e na r.2017. Obdobn\u011b byli obdarov\u00e1ni i dal\u0161\u00ed dva TOP snajp\u0159i MORAVCE v r. 2016 Ad\u00e9la \u0160af\u00e1\u0159ov\u00e1 a Dominik Prudek.<\/figcaption><\/figure>\n<h5 style=\"text-align: justify;\"><span style=\"color: #800000;\">Dr\u017eitel\u00e9 v\u00fdro\u010dn\u00edch cen MORAVEC Teamu za r. 2016<\/span><\/h5>\n<ul>\n<li>Objev roku &#8211; d\u00edvky: <span style=\"color: #ff6600;\"><strong>Barbora Janovsk\u00e1<\/strong><\/span><\/li>\n<li>Objev roku &#8211; chlapci: <strong><span style=\"color: #ff6600;\">Ji\u0159\u00ed Zav\u0159el<\/span><\/strong><\/li>\n<li>Skokan roku &#8211; d\u00edvky: <span style=\"color: #ff6600;\"><strong>Krist\u00fdna Kol\u00e1\u0159ov\u00e1<\/strong><\/span><\/li>\n<li>Skokan roku &#8211; chlapci: <strong><span style=\"color: #ff6600;\">Roman \u0160indel\u00e1\u0159<\/span><\/strong><\/li>\n<li>Dravec MORAVEC &#8211; d\u00edvky: <span style=\"color: #ff6600;\"><strong>Lucie Koudelkov\u00e1<\/strong><\/span><\/li>\n<li>Dravec MORAVEC &#8211; chlapci: <strong><span style=\"color: #ff6600;\">Matou\u0161 Lipensk\u00fd<\/span><\/strong><\/li>\n<li>Borec MORAVEC &#8211; d\u00edvky: <strong><span style=\"color: #ff6600;\">Anna Zem\u00e1nkov\u00e1<\/span><\/strong><\/li>\n<li>Borec MORAVEC &#8211; chlapci: <strong><span style=\"color: #ff6600;\">Tom\u00e1\u0161 Tlamka &#8222;Contador&#8220;<\/span><\/strong><\/li>\n<\/ul>\n<p><a href=\"http:\/\/www.moravecteam.cz\/?attachment_id=6783\" rel=\"attachment wp-att-6783\"><img decoding=\"async\" loading=\"lazy\" class=\"alignnone size-full wp-image-6783\" alt=\"img_20161225_0002\" src=\"http:\/\/www.moravecteam.cz\/wp-content\/uploads\/2016\/12\/IMG_20161225_0002.jpg\" width=\"3504\" height=\"2464\" srcset=\"https:\/\/www.moravecteam.cz\/wp-content\/uploads\/2016\/12\/IMG_20161225_0002.jpg 3504w, https:\/\/www.moravecteam.cz\/wp-content\/uploads\/2016\/12\/IMG_20161225_0002-300x210.jpg 300w, https:\/\/www.moravecteam.cz\/wp-content\/uploads\/2016\/12\/IMG_20161225_0002-1024x720.jpg 1024w\" sizes=\"(max-width: 3504px) 100vw, 3504px\" \/><\/a><\/p>\n<p>&nbsp;<\/p>\n<h5><strong><span style=\"color: #800000;\">Postavi\u010dky na obr\u00e1zku Veroniky \u0160af\u00e1\u0159ov\u00e9 jsou:<\/span><\/strong><\/h5>\n<ul>\n<li>\u010d\u00edslo 1. (\u010d\u00edslov\u00e1no zleva do prava) &#8211; Petr Koudelka (ve sv\u00e9m vtipn\u00e9m klobou\u010dku)<\/li>\n<li>\u010d\u00edslo 2. &#8211; Jaroslav Kulhav\u00fd<\/li>\n<li>\u010d\u00edslo 3. &#8211; Denisa Jaroslava Kulhav\u00e9ho<\/li>\n<li>\u010d\u00edslo 4. &#8211; Ad\u00e9la \u0160af\u00e1\u0159ov\u00e1<\/li>\n<li>\u010d\u00edslo 5. &#8211; Jana Tesa\u0159ov\u00e1<\/li>\n<li>postava vlevo u stup\u0148\u016f v\u00edt\u011bz\u016f &#8211; maminka, Mark\u00e9ta \u0160af\u00e1\u0159ov\u00e1<\/li>\n<\/ul>\n<p style=\"text-align: justify;\">\n","protected":false},"excerpt":{"rendered":"<p>Co je MORAVEC MORAVCEM je tradic\u00ed, \u017ee v obdob\u00ed V\u00e1no\u010dn\u00edch sv\u00e1tk\u016f se ud\u011bluj\u00ed TOP \u010dlen\u016fm odd\u00edlu v\u00fdro\u010dn\u00ed ceny. Ani v z\u00e1v\u011bru leto\u0161n\u00edho roku jsme tuto tradici neporu\u0161ili a zapln\u011bn\u00e1 restaurace Morava v Bene\u0161ov\u011b byla sv\u011bdkem tak\u0159ka \u010dty\u0159hodinov\u00e9ho p\u0159ed\u00e1v\u00e1n\u00ed, kdy\u017e byl op\u011bt napln\u011bn princip odm\u011bny pro ka\u017ed\u00e9ho, kdo jakkoli p\u0159ilo\u017eil pro n\u00e1\u0161 odd\u00edl ruce k d\u00edlu. &hellip; <a href=\"https:\/\/www.moravecteam.cz\/?p=6841\" class=\"more-link\">Pokra\u010dov\u00e1n\u00ed textu <span class=\"screen-reader-text\">Nad\u00edlka u MORAVC\u016e!<\/span> <span class=\"meta-nav\">&rarr;<\/span><\/a><\/p>\n","protected":false},"author":3,"featured_media":6854,"comment_status":"open","ping_status":"closed","sticky":false,"template":"","format":"standard","meta":[],"categories":[13],"tags":[],"_links":{"self":[{"href":"https:\/\/www.moravecteam.cz\/index.php?rest_route=\/wp\/v2\/posts\/6841"}],"collection":[{"href":"https:\/\/www.moravecteam.cz\/index.php?rest_route=\/wp\/v2\/posts"}],"about":[{"href":"https:\/\/www.moravecteam.cz\/index.php?rest_route=\/wp\/v2\/types\/post"}],"author":[{"embeddable":true,"href":"https:\/\/www.moravecteam.cz\/index.php?rest_route=\/wp\/v2\/users\/3"}],"replies":[{"embeddable":true,"href":"https:\/\/www.moravecteam.cz\/index.php?rest_route=%2Fwp%2Fv2%2Fcomments&post=6841"}],"version-history":[{"count":11,"href":"https:\/\/www.moravecteam.cz\/index.php?rest_route=\/wp\/v2\/posts\/6841\/revisions"}],"predecessor-version":[{"id":6878,"href":"https:\/\/www.moravecteam.cz\/index.php?rest_route=\/wp\/v2\/posts\/6841\/revisions\/6878"}],"wp:featuredmedia":[{"embeddable":true,"href":"https:\/\/www.moravecteam.cz\/index.php?rest_route=\/wp\/v2\/media\/6854"}],"wp:attachment":[{"href":"https:\/\/www.moravecteam.cz\/index.php?rest_route=%2Fwp%2Fv2%2Fmedia&parent=6841"}],"wp:term":[{"taxonomy":"category","embeddable":true,"href":"https:\/\/www.moravecteam.cz\/index.php?rest_route=%2Fwp%2Fv2%2Fcategories&post=6841"},{"taxonomy":"post_tag","embeddable":true,"href":"https:\/\/www.moravecteam.cz\/index.php?rest_route=%2Fwp%2Fv2%2Ftags&post=6841"}],"curies":[{"name":"wp","href":"https:\/\/api.w.org\/{rel}","templated":true}]}}