{"id":6856,"date":"2017-01-01T22:40:51","date_gmt":"2017-01-01T21:40:51","guid":{"rendered":"http:\/\/www.moravecteam.cz\/?p=6856"},"modified":"2017-01-01T23:17:05","modified_gmt":"2017-01-01T22:17:05","slug":"jeste-jeden-zavod","status":"publish","type":"post","link":"https:\/\/www.moravecteam.cz\/?p=6856","title":{"rendered":"Je\u0161t\u011b jeden z\u00e1vod!"},"content":{"rendered":"<p style=\"text-align: justify;\"><strong><span style=\"color: #800000;\">V\u0161e jsme &#8222;upekli&#8220; na V\u00fdro\u010dn\u00edm ro(c)kov\u00e1n\u00ed&#8230; Toti\u017e, \u017ee v p\u0159edposledn\u00edm dnu roku bychom mohli vyu\u017e\u00edt na\u0161i novou Z\u00e1kladnu cyklistick\u00fdch sil k uspo\u0159\u00e1d\u00e1n\u00ed letos u\u017e skute\u010dn\u011b posledn\u00edho z\u00e1vodu (nejen) pro d\u011bti, kter\u00fd by byl sv\u00fdm charakterem netradi\u010dn\u00ed, ve veskrze v &#8222;odleh\u010den\u00e9m t\u00f3nu&#8220; a pojat\u00fd sp\u00ed\u0161e jako &#8222;sranda z\u00e1vod&#8220;&#8230; Mysl\u00edm, \u017ee akce se vyda\u0159ila nad o\u010dek\u00e1v\u00e1n\u00ed&#8230; P\u0159ekvapila docela &#8222;masov\u00e1&#8220; \u00fa\u010dast MORAVC\u016e a kdy\u017e ktomu p\u0159ipo\u010dteme, \u017ee se n\u00e1m poda\u0159ilo aktivovat tepeln\u00fd zdroj ve &#8222;\u0161t\u00e1bn\u00ed budov\u011b&#8220;, co\u017e znamenalo, \u017ee s nastupuj\u00edc\u00edm mraziv\u00fdm zave\u010derem se bylo kam p\u0159ed poklesem dat na Celisov\u011b \u0161k\u00e1le schovat, nem\u011blo to p\u00e1t\u011b\u010dn\u00ed odpoledne, na kter\u00fd nav\u00e1zal i ve\u010der, p\u0159\u00edli\u0161 mnoho chyb!<\/span><\/strong><\/p>\n<figure id=\"attachment_6859\" aria-describedby=\"caption-attachment-6859\" style=\"width: 1669px\" class=\"wp-caption alignnone\"><a href=\"http:\/\/www.moravecteam.cz\/?attachment_id=6859\" rel=\"attachment wp-att-6859\"><img decoding=\"async\" loading=\"lazy\" class=\" wp-image-6859\" alt=\"img_3097\" src=\"http:\/\/www.moravecteam.cz\/wp-content\/uploads\/2017\/01\/IMG_3097.jpg\" width=\"1669\" height=\"1466\" srcset=\"https:\/\/www.moravecteam.cz\/wp-content\/uploads\/2017\/01\/IMG_3097.jpg 1669w, https:\/\/www.moravecteam.cz\/wp-content\/uploads\/2017\/01\/IMG_3097-300x263.jpg 300w, https:\/\/www.moravecteam.cz\/wp-content\/uploads\/2017\/01\/IMG_3097-1024x899.jpg 1024w\" sizes=\"(max-width: 1669px) 100vw, 1669px\" \/><\/a><figcaption id=\"caption-attachment-6859\" class=\"wp-caption-text\">Do sv\u00e9ho &#8222;bikethlonu&#8220; pr\u00e1v\u011b startuje zprava Kl\u00e1ra Odehnalov\u00e1, Dominik Prudek a Karel Vinick\u00fd. Siln\u00e1 rozj\u00ed\u017e\u010fka!<\/figcaption><\/figure>\n<p style=\"text-align: justify;\">Milan Tlamka s Frantou Pad\u011brou byli t\u011bmi, kdo o\u017eivili zdroj tepla ve &#8222;\u0161t\u00e1bn\u00ed budov\u011b&#8220; a zajistili tepelnou pohodu v\u0161em po skon\u010den\u00ed Silvestrovsk\u00e9ho z\u00e1vodu. Sekundoval jim &#8211; co by topi\u010d &#8211; Petr a ohni\u0161t\u011b pod ud\u00edrnou roztopil sv\u011bdomit\u011b tak, \u017ee p\u00e1rky, kter\u00e9 se zde m\u011bli uudit &#8211; prom\u011bnil v kvalitn\u00ed antracit&#8230; Jirko Zav\u0159eli star\u0161\u00ed: vra\u0165 se n\u00e1m u\u017e, pros\u00edm! V tom p\u00e1te\u010dn\u00edm odpoledn\u00ed mrzlo a to znamenalo, \u017ee tra\u0165 byla ztvrdl\u00e1 a sn\u00e1z &#8222;jeteln\u00e1&#8220;. No a kdy\u017e jsme na st\u0159elnici, mus\u00ed b\u00fdt, samoz\u0159ejm\u011b, sou\u010d\u00e1st\u00ed cyklistick\u00e9ho z\u00e1vodu i st\u0159elba! T\u0159i vzduchovky a \u0161pal\u00edky &#8211; to byly dva z\u00e1kladn\u00ed atributy dopl\u0148uj\u00edc\u00ed \u00a0st\u0159eleck\u00e9 discipl\u00edny! Tra\u0165, kterou nejd\u0159\u00edve namysleli na\u0161i elitn\u00ed snajp\u0159i (\u0160af\u00e1\u0159ov\u00e1, &#8222;Contador&#8220;, Kone\u010dn\u00e1&#8230;), korigoval do leh\u010d\u00edho &#8222;levelu&#8220; Petr, tak\u017ee kdy\u017e se &#8222;zubat\u00e9&#8220; slunce, kter\u00e9 p\u00e1te\u010dn\u00ed odpoedne prov\u00e1zelo, za\u010dalo skl\u00e1n\u011bt, vyr\u00e1\u017eeli na okruh rajd\u0159i po t\u0159ech, neb vzduchov\u00fdch zbran\u00ed byl pr\u00e1v\u011b tento po\u010det. Kdo minul na st\u0159elnici n\u011bkter\u00fd ze t\u0159\u00ed \u0161pal\u00edk\u016f, musel na trestn\u00e9 kolo&#8230; Kr\u00e1tk\u00e1 a jednoduch\u00e1 tra\u0165 byla z\u00e1rukou, \u017ee v\u0161e &#8222;odsejpalo&#8220; a v\u011b\u0159te, \u017ee se bylo na co d\u00edvat! M\u011bli jsme i prostor &#8211; resp. divan pro pr\u016fb\u011b\u017en\u00e9ho vedouc\u00edho jezdce&#8230;<\/p>\n<figure id=\"attachment_6861\" aria-describedby=\"caption-attachment-6861\" style=\"width: 1512px\" class=\"wp-caption alignnone\"><a href=\"http:\/\/www.moravecteam.cz\/?attachment_id=6861\" rel=\"attachment wp-att-6861\"><img decoding=\"async\" loading=\"lazy\" class=\" wp-image-6861\" alt=\"img_3190\" src=\"http:\/\/www.moravecteam.cz\/wp-content\/uploads\/2017\/01\/IMG_3190.jpg\" width=\"1512\" height=\"1083\" srcset=\"https:\/\/www.moravecteam.cz\/wp-content\/uploads\/2017\/01\/IMG_3190.jpg 1512w, https:\/\/www.moravecteam.cz\/wp-content\/uploads\/2017\/01\/IMG_3190-300x214.jpg 300w, https:\/\/www.moravecteam.cz\/wp-content\/uploads\/2017\/01\/IMG_3190-1024x733.jpg 1024w\" sizes=\"(max-width: 1512px) 100vw, 1512px\" \/><\/a><figcaption id=\"caption-attachment-6861\" class=\"wp-caption-text\">Na boskovick\u00e9 brokov\u00e9 st\u0159elnici se snad netopilo 100 let&#8230; Kam\u00ednka na d\u0159evo v\u0161ak ud\u011blala svoji povinnost, a jakmile &#8222;vy\u010dichli&#8220; kou\u0159ovody, bylo v\u0161e v &#8222;oukeju&#8220;!<\/figcaption><\/figure>\n<p style=\"text-align: justify;\">T\u00edm byl \u00a0po dlouhou dobu letos toliko \u00fasp\u011b\u0161n\u00fd a v p\u00e1tek hodn\u011b dlouho si divanu u\u017e\u00edvaj\u00edc\u00ed \u00a0&#8211; <strong><span style=\"color: #800000;\">Tom\u00e1\u0161 Tlamka &#8222;Contador&#8220;<\/span><\/strong>, aby ho pak z t\u00e9to pozice vystrnadili dva zku\u0161en\u00ed &#8222;fron\u0165\u00e1ci&#8220;: <strong><span style=\"color: #800000;\">Franta Pad\u011bra<\/span><\/strong> s <span style=\"color: #800000;\"><strong>Jurajem \u0160t\u011bpan\u00edkem st.<\/strong><\/span>! A proto\u017ee nechyb\u011bli ani \u010dty\u0159i na\u0161i odr\u00e1\u017eedlov\u00ed el\u00e9vkov\u00e9, nemohl chyb\u011bt ani z\u00e1vod pro n\u011b! V\u00fdsledky z t\u011bchto dvou start\u016f omrkn\u011bte zde: <strong><a href=\"http:\/\/www.moravecteam.cz\/?attachment_id=6865\" rel=\"attachment wp-att-6865\">silvestrovsky-zavod-2016-vysledky<\/a>.<\/strong>\u00a0Ale to po\u0159\u00e1d nebylo v\u0161echno&#8230; Se z\u00e1padem slunce pustil Petr na tra\u0165 z\u00e1vod s hromadn\u00fdm startem v\u0161ech, jakkoli na \u010demkoli&#8230; Sou\u010d\u00e1st\u00ed skute\u010dn\u00e9ho z\u00e1vodu INDY u\u017e sice nebyla st\u0159elnice, ale \u00a0oran\u017eov\u00fd zpomalovac\u00ed &#8222;Safety Carr&#8220; (Milan \u0160af\u00e1\u0159) kter\u00fd nejenou musel zkrotit neoby\u010dejn\u011b vit\u00e1ln\u00ed a dravou sme\u010dku rajdr\u016f&#8230; Mo\u017en\u00e1 vydatn\u00e9 depo, kter\u00e9 zodpov\u011bdn\u011b poskytoval tren\u00e9r Junior Teamu, Milan Tlamka, zp\u016fsobilo, \u017ee by\u0165 je sez\u00f3na u konce a se silami jsou v\u0161ichni u &#8222;down&#8220;, byl opak pravdou&#8230;. V\u00fdkony fin\u00e1ln\u00edch z\u00e1vodn\u00edk\u016f roku 2016 braly dech, v\u0161ichni bez v\u00fdjimky vpravd\u011b &#8222;sk\u00e1kali z pant\u016f&#8220;&#8230; \u00a0A v\u0161ichni byli samoz\u0159ejm\u011b i v\u00edt\u011bzi&#8230; N\u00e1slednou tepelnou pohodu &#8222;na doraz&#8220; z\u00e1vod\u00edc\u00edm poskytla &#8222;roztopen\u00e1&#8220; \u0161t\u00e1bn\u00ed budova z\u00e1kladny a v\u0161e dotvo\u0159il \u010daj\u00ed\u010dek, sva\u0159\u00e1\u010dek, \u010di dal\u0161\u00ed tekut\u00e9 atributy zaji\u0161\u0165uj\u00edc\u00ed ka\u017ed\u00e9mu to p\u0159\u00edslu\u0161n\u00e9 pot\u0159ebn\u00e9 zah\u0159\u00e1t\u00ed&#8230;. Nechci b\u00e1t \u0161patn\u00fdm prorokem, ale v posledn\u00ed leto\u0161n\u00ed prosincov\u00fd p\u00e1tek se, mysl\u00edm, zrodila dal\u0161\u00ed siln\u00e1 tradi\u010dn\u00ed odd\u00edlov\u00e1 akce&#8230; <strong><a href=\"http:\/\/moravecteam.rajce.idnes.cz\/2016.12.30_Silvestrovsky_zavod\/\">Omrkn\u011bte fotogalerii<\/a><\/strong>&#8230;<\/p>\n","protected":false},"excerpt":{"rendered":"<p>V\u0161e jsme &#8222;upekli&#8220; na V\u00fdro\u010dn\u00edm ro(c)kov\u00e1n\u00ed&#8230; Toti\u017e, \u017ee v p\u0159edposledn\u00edm dnu roku bychom mohli vyu\u017e\u00edt na\u0161i novou Z\u00e1kladnu cyklistick\u00fdch sil k uspo\u0159\u00e1d\u00e1n\u00ed letos u\u017e skute\u010dn\u011b posledn\u00edho z\u00e1vodu (nejen) pro d\u011bti, kter\u00fd by byl sv\u00fdm charakterem netradi\u010dn\u00ed, ve veskrze v &#8222;odleh\u010den\u00e9m t\u00f3nu&#8220; a pojat\u00fd sp\u00ed\u0161e jako &#8222;sranda z\u00e1vod&#8220;&#8230; Mysl\u00edm, \u017ee akce se vyda\u0159ila nad o\u010dek\u00e1v\u00e1n\u00ed&#8230; P\u0159ekvapila &hellip; <a href=\"https:\/\/www.moravecteam.cz\/?p=6856\" class=\"more-link\">Pokra\u010dov\u00e1n\u00ed textu <span class=\"screen-reader-text\">Je\u0161t\u011b jeden z\u00e1vod!<\/span> <span class=\"meta-nav\">&rarr;<\/span><\/a><\/p>\n","protected":false},"author":3,"featured_media":6860,"comment_status":"open","ping_status":"closed","sticky":false,"template":"","format":"standard","meta":[],"categories":[13],"tags":[],"_links":{"self":[{"href":"https:\/\/www.moravecteam.cz\/index.php?rest_route=\/wp\/v2\/posts\/6856"}],"collection":[{"href":"https:\/\/www.moravecteam.cz\/index.php?rest_route=\/wp\/v2\/posts"}],"about":[{"href":"https:\/\/www.moravecteam.cz\/index.php?rest_route=\/wp\/v2\/types\/post"}],"author":[{"embeddable":true,"href":"https:\/\/www.moravecteam.cz\/index.php?rest_route=\/wp\/v2\/users\/3"}],"replies":[{"embeddable":true,"href":"https:\/\/www.moravecteam.cz\/index.php?rest_route=%2Fwp%2Fv2%2Fcomments&post=6856"}],"version-history":[{"count":8,"href":"https:\/\/www.moravecteam.cz\/index.php?rest_route=\/wp\/v2\/posts\/6856\/revisions"}],"predecessor-version":[{"id":6876,"href":"https:\/\/www.moravecteam.cz\/index.php?rest_route=\/wp\/v2\/posts\/6856\/revisions\/6876"}],"wp:featuredmedia":[{"embeddable":true,"href":"https:\/\/www.moravecteam.cz\/index.php?rest_route=\/wp\/v2\/media\/6860"}],"wp:attachment":[{"href":"https:\/\/www.moravecteam.cz\/index.php?rest_route=%2Fwp%2Fv2%2Fmedia&parent=6856"}],"wp:term":[{"taxonomy":"category","embeddable":true,"href":"https:\/\/www.moravecteam.cz\/index.php?rest_route=%2Fwp%2Fv2%2Fcategories&post=6856"},{"taxonomy":"post_tag","embeddable":true,"href":"https:\/\/www.moravecteam.cz\/index.php?rest_route=%2Fwp%2Fv2%2Ftags&post=6856"}],"curies":[{"name":"wp","href":"https:\/\/api.w.org\/{rel}","templated":true}]}}