{"id":686,"date":"2015-06-08T08:00:02","date_gmt":"2015-06-08T06:00:02","guid":{"rendered":"http:\/\/www.moravecteam.cz\/?p=686"},"modified":"2015-06-08T20:46:35","modified_gmt":"2015-06-08T18:46:35","slug":"dalsi-juniorsky-svetak","status":"publish","type":"post","link":"https:\/\/www.moravecteam.cz\/?p=686","title":{"rendered":"Dal\u0161\u00ed juniorsk\u00fd &#8222;sv\u011b\u0165\u00e1k&#8220;"},"content":{"rendered":"<p style=\"text-align: justify;\">Ve \u0161v\u00fdcarsk\u00e9m Gr\u00e4nichenu se jel prvn\u00ed \u010dervnovou sobotu dal\u0161\u00ed z\u00e1vod Sv\u011btov\u00e9ho poh\u00e1ru horsk\u00fdch kol juniorsk\u00fdch kategori\u00ed. My jsme op\u011bt ma\u010dkali pale\u010dky <span style=\"color: #800000;\"><strong>Ad\u00e9le \u0160af\u00e1\u0159ov\u00e9<\/strong><\/span>, kter\u00e1 v dresu Nutrend Specialized Teamu byla klasifikov\u00e1na v c\u00edli na 30. m\u00edst\u011b.<\/p>\n<figure id=\"attachment_708\" aria-describedby=\"caption-attachment-708\" style=\"width: 2262px\" class=\"wp-caption alignnone\"><a href=\"http:\/\/www.moravecteam.cz\/?attachment_id=708\" rel=\"attachment wp-att-708\"><img decoding=\"async\" loading=\"lazy\" class=\" wp-image-708\" alt=\"nutrend team\" src=\"http:\/\/www.moravecteam.cz\/wp-content\/uploads\/2015\/06\/nutrend-team.jpg\" width=\"2262\" height=\"1572\" srcset=\"https:\/\/www.moravecteam.cz\/wp-content\/uploads\/2015\/06\/nutrend-team.jpg 2262w, https:\/\/www.moravecteam.cz\/wp-content\/uploads\/2015\/06\/nutrend-team-300x208.jpg 300w, https:\/\/www.moravecteam.cz\/wp-content\/uploads\/2015\/06\/nutrend-team-1024x711.jpg 1024w\" sizes=\"(max-width: 2262px) 100vw, 2262px\" \/><\/a><figcaption id=\"caption-attachment-708\" class=\"wp-caption-text\">&#8222;Rud\u00ed \u010f\u00e1blov\u00e9&#8220; Viktora Zapletala s Ad\u00e9lou \u0160af\u00e1\u0159ovou v sestav\u011b, \u0159\u00e1dili minul\u00fd v\u00edkend na dal\u0161\u00edm juniorsk\u00e9m &#8222;sv\u011b\u0165\u00e1ku&#8220; ve \u0160v\u00fdcarsku.<\/figcaption><\/figure>\n<p style=\"text-align: justify;\">Nen\u00ed bez zaj\u00edmavosti, \u017ee jej\u00ed t\u00fdmov\u00fd kolega, Mat\u011bj Pr\u016fdek si dojel pro &#8222;st\u0159\u00edbrnou bednu&#8220; a zaznamenal tak pod Alpami dal\u0161\u00ed \u00a0v\u00fdrazn\u00fd \u00fasp\u011bch \u010desk\u00e9ho bikingu. S ob\u011bma jmenovan\u00fdmi bychom se m\u011bli vid\u011bt na bl\u00ed\u017e\u00edc\u00edm se z\u00e1vod\u011b \u010cesk\u00e9ho poh\u00e1ru horsk\u00fdch kol o p\u0159\u00ed\u0161t\u00edm v\u00edkendu v Peci pod Sn\u011b\u017ekou. Podrobnosti ze \u0160v\u00fdcarska najdete na <strong><a href=\"http:\/\/mtbs.cz\/clanek\/matej-prudek-druhy-v-zavode-junior-world-series-ve-svycarsku\/kategorie\/bleskovka-zavody\">http:\/\/mtbs.cz\/clanek\/matej-prudek-druhy-v-zavode-junior-world-series-ve-svycarsku\/kategorie\/bleskovka-zavody<\/a><\/strong><\/p>\n","protected":false},"excerpt":{"rendered":"<p>Ve \u0161v\u00fdcarsk\u00e9m Gr\u00e4nichenu se jel prvn\u00ed \u010dervnovou sobotu dal\u0161\u00ed z\u00e1vod Sv\u011btov\u00e9ho poh\u00e1ru horsk\u00fdch kol juniorsk\u00fdch kategori\u00ed. My jsme op\u011bt ma\u010dkali pale\u010dky Ad\u00e9le \u0160af\u00e1\u0159ov\u00e9, kter\u00e1 v dresu Nutrend Specialized Teamu byla klasifikov\u00e1na v c\u00edli na 30. m\u00edst\u011b. Nen\u00ed bez zaj\u00edmavosti, \u017ee jej\u00ed t\u00fdmov\u00fd kolega, Mat\u011bj Pr\u016fdek si dojel pro &#8222;st\u0159\u00edbrnou bednu&#8220; a zaznamenal tak pod Alpami &hellip; <a href=\"https:\/\/www.moravecteam.cz\/?p=686\" class=\"more-link\">Pokra\u010dov\u00e1n\u00ed textu <span class=\"screen-reader-text\">Dal\u0161\u00ed juniorsk\u00fd &#8222;sv\u011b\u0165\u00e1k&#8220;<\/span> <span class=\"meta-nav\">&rarr;<\/span><\/a><\/p>\n","protected":false},"author":3,"featured_media":707,"comment_status":"closed","ping_status":"open","sticky":false,"template":"","format":"standard","meta":[],"categories":[1],"tags":[],"_links":{"self":[{"href":"https:\/\/www.moravecteam.cz\/index.php?rest_route=\/wp\/v2\/posts\/686"}],"collection":[{"href":"https:\/\/www.moravecteam.cz\/index.php?rest_route=\/wp\/v2\/posts"}],"about":[{"href":"https:\/\/www.moravecteam.cz\/index.php?rest_route=\/wp\/v2\/types\/post"}],"author":[{"embeddable":true,"href":"https:\/\/www.moravecteam.cz\/index.php?rest_route=\/wp\/v2\/users\/3"}],"replies":[{"embeddable":true,"href":"https:\/\/www.moravecteam.cz\/index.php?rest_route=%2Fwp%2Fv2%2Fcomments&post=686"}],"version-history":[{"count":8,"href":"https:\/\/www.moravecteam.cz\/index.php?rest_route=\/wp\/v2\/posts\/686\/revisions"}],"predecessor-version":[{"id":732,"href":"https:\/\/www.moravecteam.cz\/index.php?rest_route=\/wp\/v2\/posts\/686\/revisions\/732"}],"wp:featuredmedia":[{"embeddable":true,"href":"https:\/\/www.moravecteam.cz\/index.php?rest_route=\/wp\/v2\/media\/707"}],"wp:attachment":[{"href":"https:\/\/www.moravecteam.cz\/index.php?rest_route=%2Fwp%2Fv2%2Fmedia&parent=686"}],"wp:term":[{"taxonomy":"category","embeddable":true,"href":"https:\/\/www.moravecteam.cz\/index.php?rest_route=%2Fwp%2Fv2%2Fcategories&post=686"},{"taxonomy":"post_tag","embeddable":true,"href":"https:\/\/www.moravecteam.cz\/index.php?rest_route=%2Fwp%2Fv2%2Ftags&post=686"}],"curies":[{"name":"wp","href":"https:\/\/api.w.org\/{rel}","templated":true}]}}