{"id":688,"date":"2015-06-08T11:35:08","date_gmt":"2015-06-08T09:35:08","guid":{"rendered":"http:\/\/www.moravecteam.cz\/?p=688"},"modified":"2015-06-09T13:49:54","modified_gmt":"2015-06-09T11:49:54","slug":"medailovy-i-anthropos","status":"publish","type":"post","link":"https:\/\/www.moravecteam.cz\/?p=688","title":{"rendered":"Medailov\u00fd i Anthropos!"},"content":{"rendered":"<p style=\"text-align: justify;\"><span style=\"color: #800000;\"><strong><a href=\"http:\/\/www.moravecteam.cz\/?attachment_id=736\" rel=\"attachment wp-att-736\"><img decoding=\"async\" loading=\"lazy\" class=\"size-full wp-image-736 alignleft\" title=\"Terka Obo\u0159ilov\u00e1 m\u00e1 za sebou zlat\u00fd v\u00edkend!\" alt=\"OLYMPUS DIGITAL CAMERA\" src=\"http:\/\/www.moravecteam.cz\/wp-content\/uploads\/2015\/06\/P4264128.jpg\" width=\"211\" height=\"250\" \/><\/a>Prvn\u00ed skute\u010dnou z\u00e1vodnickou zkou\u0161ku za\u017eil prvn\u00ed \u010dervnovou ned\u011bli r. 2015 (staro)nov\u00fd brn\u011bnsk\u00fd MTB okruh, na kter\u00e9m se za nedlouho pojede nejen p\u0159edposledn\u00ed z\u00e1vod \u010cesk\u00e9ho poh\u00e1ru horsk\u00fdch kol,\u00a0ale p\u0159edev\u0161\u00edm na p\u0159es rok Mistrovstv\u00ed Evropy MTB XCO!\u00a0A minulou ned\u011bli na okruhov\u00e9 overtu\u0159e rajd\u0159i MORAVCE samoz\u0159ejm\u011b nemohli nechyb\u011bt&#8230;<\/strong><\/span><\/p>\n<p style=\"text-align: justify;\"><a href=\"http:\/\/www.moravecteam.cz\/?attachment_id=734\" rel=\"attachment wp-att-734\"><img decoding=\"async\" loading=\"lazy\" class=\"size-full wp-image-734 alignright\" title=\"St\u0159\u00edbro si pod Anthroposem ohl\u00eddal mezi kadety Honza \u0160m\u00edda.\" alt=\"KONICA MINOLTA DIGITAL CAMERA\" src=\"http:\/\/www.moravecteam.cz\/wp-content\/uploads\/2015\/06\/PICT0598.jpg\" width=\"203\" height=\"250\" \/><\/a>V kategorii star\u0161\u00edch \u017e\u00e1ky\u0148 si \u00a0v\u00edt\u011bzstv\u00ed s p\u0159ehledem pohl\u00eddala dom\u00e1c\u00ed borka <span style=\"color: #800000;\"><strong>Tereza Obo\u0159ilov\u00e1<\/strong><\/span>, kter\u00e1 si po sobotn\u00edm v\u00edt\u011bzstv\u00ed ve sprintu v Protivanov\u011b (v r\u00e1mci PDV), dojela zku\u0161en\u011b i pro zlato na \u017e\u00e1kovsk\u00e9 trati nad Anthroposem a uplynul\u00fd v\u00edkend si tud\u00ed\u017e mu\u017ee ozna\u010dit p\u0159\u00edvlastkem &#8222;zlat\u00fd&#8220;! Blahop\u0159ejeme a d\u00edky za vzorn\u00e9 repre MORAVCE!<\/p>\n<p style=\"text-align: justify;\"><a href=\"http:\/\/www.moravecteam.cz\/?attachment_id=735\" rel=\"attachment wp-att-735\"><img decoding=\"async\" loading=\"lazy\" class=\"size-full wp-image-735 alignleft\" title=\"V Brn\u011b se z\u00e1vod vyda\u0159il i v c\u00edli bronzov\u00e9mu mat\u011bji Maz\u00e1nkovi.\" alt=\"KONICA MINOLTA DIGITAL CAMERA\" src=\"http:\/\/www.moravecteam.cz\/wp-content\/uploads\/2015\/06\/PICT0603.jpg\" width=\"215\" height=\"250\" \/><\/a>\u010cinili se i na\u0161i kadeti, kdy\u017e na st\u0159\u00edbrnou bednu dos\u00e1hl <span style=\"color: #800000;\"><strong>Honza \u0160m\u00edda<\/strong><\/span>\u00a0a na stupn\u011b v\u00edt\u011bz\u016f ho doprovodil v c\u00edli t\u0159et\u00ed <strong><span style=\"color: #800000;\">Mat\u011bj Maz\u00e1nek.<\/span> <\/strong>I zde pat\u0159\u00ed kluk\u016fm gratulova\u010dka a d\u00edk za vzorn\u00e9 repre odd\u00edlu.\u00a0Zku\u0161enosti z brn\u011bnsk\u00e9 trat\u011b se na\u0161im budou hodit p\u0159i z\u00e1vod\u011b \u010cesk\u00e9ho poh\u00e1ru MTB XCO, kter\u00fd se zde pojede co nevid\u011bt. D\u0159\u00edve nebo pozd\u011bji\u00a0najdete ur\u010dit\u011b kompletn\u00ed\u00a0v\u00fdsledkov\u00fd servis \u00a0na ofici\u00e1ln\u00ed\u00a0\u00a0str\u00e1nce\u00a0<strong><a href=\"http:\/\/brnensky-pohar.cz\/index.php?id=anthropos\">http:\/\/brnensky-pohar.cz\/index.php?id=anthropos<\/a>, <\/strong>za z\u00e1kladn\u00ed info o ned\u011bln\u00ed z\u00e1vodn\u00ed aktivit\u011b na\u0161ich rajdr\u016f d\u00edky moc p. Maz\u00e1nkovi star\u0161\u00edmu.<\/p>\n<p style=\"text-align: justify;\">\n","protected":false},"excerpt":{"rendered":"<p>Prvn\u00ed skute\u010dnou z\u00e1vodnickou zkou\u0161ku za\u017eil prvn\u00ed \u010dervnovou ned\u011bli r. 2015 (staro)nov\u00fd brn\u011bnsk\u00fd MTB okruh, na kter\u00e9m se za nedlouho pojede nejen p\u0159edposledn\u00ed z\u00e1vod \u010cesk\u00e9ho poh\u00e1ru horsk\u00fdch kol,\u00a0ale p\u0159edev\u0161\u00edm na p\u0159es rok Mistrovstv\u00ed Evropy MTB XCO!\u00a0A minulou ned\u011bli na okruhov\u00e9 overtu\u0159e rajd\u0159i MORAVCE samoz\u0159ejm\u011b nemohli nechyb\u011bt&#8230; V kategorii star\u0161\u00edch \u017e\u00e1ky\u0148 si \u00a0v\u00edt\u011bzstv\u00ed s p\u0159ehledem pohl\u00eddala dom\u00e1c\u00ed &hellip; <a href=\"https:\/\/www.moravecteam.cz\/?p=688\" class=\"more-link\">Pokra\u010dov\u00e1n\u00ed textu <span class=\"screen-reader-text\">Medailov\u00fd i Anthropos!<\/span> <span class=\"meta-nav\">&rarr;<\/span><\/a><\/p>\n","protected":false},"author":3,"featured_media":740,"comment_status":"closed","ping_status":"open","sticky":false,"template":"","format":"standard","meta":[],"categories":[1],"tags":[],"_links":{"self":[{"href":"https:\/\/www.moravecteam.cz\/index.php?rest_route=\/wp\/v2\/posts\/688"}],"collection":[{"href":"https:\/\/www.moravecteam.cz\/index.php?rest_route=\/wp\/v2\/posts"}],"about":[{"href":"https:\/\/www.moravecteam.cz\/index.php?rest_route=\/wp\/v2\/types\/post"}],"author":[{"embeddable":true,"href":"https:\/\/www.moravecteam.cz\/index.php?rest_route=\/wp\/v2\/users\/3"}],"replies":[{"embeddable":true,"href":"https:\/\/www.moravecteam.cz\/index.php?rest_route=%2Fwp%2Fv2%2Fcomments&post=688"}],"version-history":[{"count":11,"href":"https:\/\/www.moravecteam.cz\/index.php?rest_route=\/wp\/v2\/posts\/688\/revisions"}],"predecessor-version":[{"id":739,"href":"https:\/\/www.moravecteam.cz\/index.php?rest_route=\/wp\/v2\/posts\/688\/revisions\/739"}],"wp:featuredmedia":[{"embeddable":true,"href":"https:\/\/www.moravecteam.cz\/index.php?rest_route=\/wp\/v2\/media\/740"}],"wp:attachment":[{"href":"https:\/\/www.moravecteam.cz\/index.php?rest_route=%2Fwp%2Fv2%2Fmedia&parent=688"}],"wp:term":[{"taxonomy":"category","embeddable":true,"href":"https:\/\/www.moravecteam.cz\/index.php?rest_route=%2Fwp%2Fv2%2Fcategories&post=688"},{"taxonomy":"post_tag","embeddable":true,"href":"https:\/\/www.moravecteam.cz\/index.php?rest_route=%2Fwp%2Fv2%2Ftags&post=688"}],"curies":[{"name":"wp","href":"https:\/\/api.w.org\/{rel}","templated":true}]}}