{"id":6892,"date":"2017-01-02T09:10:20","date_gmt":"2017-01-02T08:10:20","guid":{"rendered":"http:\/\/www.moravecteam.cz\/?p=6892"},"modified":"2017-01-04T22:31:22","modified_gmt":"2017-01-04T21:31:22","slug":"co-se-bude-dit-st01-2","status":"publish","type":"post","link":"https:\/\/www.moravecteam.cz\/?p=6892","title":{"rendered":"Co se bude d\u00edt? (ST01)"},"content":{"rendered":"<h5><span style=\"color: #800000;\"><strong>St\u0159eda 4.1. 2017<\/strong><\/span><\/h5>\n<p style=\"text-align: justify;\">Prvn\u00ed\u00a0cvi\u010den\u00ed v r. 2017 d\u011bt\u00ed do 12-ti let v bene\u0161ovsk\u00e9 t\u011blocvi\u010dn\u011b v r\u00e1mci b\u011b\u017e\u00edc\u00ed zimn\u00ed p\u0159\u00edpravy &#8211; &#8222;Koudelkovy kapky&#8220;. Cvi\u010den\u00ed povede\u00a0Petr\u00a0\u00a0\u00a0a &#8222;mrskat&#8220; s\u00a0sebou budeme tradi\u010dn\u011b od 16.30 do 18.30 hodin.<\/p>\n<h5><span style=\"color: #800000;\">P\u00e1tek 6.1. 2017<\/span><\/h5>\n<p style=\"text-align: justify;\">Prvn\u00ed\u00a0cvi\u010den\u00ed v r. 2017 v bene\u0161ovsk\u00e9 t\u011blocvi\u010dn\u011b v r\u00e1mci zimn\u00ed p\u0159\u00edpravy &#8211; ob\u00e1van\u00e9 &#8222;Prudkov\u00e9 kapky&#8220;. Cvi\u010den\u00ed povede op\u011bt Iv\u010da Prudkov\u00e1,\u00a0 a &#8222;mrskat&#8220; s sebou budeme od 18.00 do 20.00 hodin.<\/p>\n<h5 style=\"text-align: justify;\"><span style=\"color: #800000;\"><strong>Sobota 7.1. 2017<\/strong><\/span><\/h5>\n<ul>\n<li>\n<div style=\"text-align: justify;\">Mistrovstv\u00ed \u010cR dosp\u011bl\u00fdch kategori\u00ed v cyklokrosu v Hlinsku. Z MORAVEC Teamu se toto t\u00fdk\u00e1 Jany &#8222;D\u017eejn&#8220; Tesa\u0159ov\u00e9 a Dominika Prudka. Hlinsko nen\u00ed tak daleko, kdo budete m\u00edt \u010das, je\u010fte dva na\u0161e elitn\u00ed &#8222;snajpry&#8220; v sobotu povzbudit!\u00a0\u00a0Zde jsou <a href=\"http:\/\/www.cyklokros.cz\/data\/web\/toitoicup\/2016\/hlinsko_propozice_2016.pdf\"><strong>&#8222;mistr\u00e1kov\u00e9&#8220; propozice<\/strong><\/a>.<\/div>\n<\/li>\n<li style=\"text-align: justify;\">P\u00e1t\u00fd z\u00e1vod Brn\u011bnsk\u00e9ho b\u011b\u017eeck\u00e9ho poh\u00e1ru &#8211;\u00a0Ku\u0159imsk\u00fd kros. \u00da\u010dast a dopravu si ka\u017ed\u00fd zaji\u0161\u0165uje s\u00e1m, zde mrkn\u011bte na <strong><a href=\"http:\/\/www.atletikauni.cz\/cz\/s1522\/Kalendar-akci\/Seznam-akci\/c2130-Detail-akce\/ata356-BBP-5-Kurimsky-kros\">propozice<\/a>.<\/strong><\/li>\n<\/ul>\n<h5><span style=\"color: #800000;\">Akce za t\u011bsn\u011b za horizontem:<\/span><\/h5>\n<ul>\n<li style=\"text-align: justify;\"><strong><span style=\"color: #800000;\">Zimn\u00ed ly\u017ea\u0159sk\u00e9 soust\u0159ed\u011bn\u00ed\u00a0&#8211; up\u0159es\u0148uj\u00edc\u00ed info pro ji\u017e z\u00e1vazn\u011b\u00a0p\u0159ihl\u00e1\u0161en\u00e9 \u00fa\u010dastn\u00edky:<\/span><\/strong>\u00a0ly\u017eovat se bude\u00a0\u00a0v Jesen\u00edk\u00e1ch v lokalit\u011b <strong><a href=\"http:\/\/www.jeseniky.net\/penzionuorla\">Ostru\u017en\u00e1 Pet\u0159\u00edkov v penzionu &#8222;U orla&#8220;<\/a><\/strong>. <strong><span style=\"color: #800000;\">Term\u00edn je pevn\u011b stanoven\u00a0od\u00a0soboty 21. ledna do p\u00e1tku 27.ledna 2017<\/span>. <\/strong>Cena za nocleh je 500.- K\u010d \/ osobu (pln\u00e1 penze). Doprava na m\u00edsto je individu\u00e1ln\u00ed, ti z V\u00e1s, kdo je\u0161t\u011b neuhradili Lence Tlamkov\u00e9 z\u00e1lohu 1000.- K\u010d \/ na osobu, u\u010di\u0148te tak co nejd\u0159\u00edve! P\u0159ipom\u00edn\u00e1m, \u017ee z\u00e1loha je nevratn\u00e1! V p\u0159\u00edpad\u011b, \u017ee se nebudete moci soust\u0159ed\u011bn\u00ed z\u00fa\u010dastnit, je t\u0159eba za sebe naj\u00edt n\u00e1hradu. V p\u0159\u00edpad\u011b jak\u00fdchkoli dotaz\u016f kontaktujte tren\u00e9ra <strong><span style=\"color: #800000;\">Milana Tlamku (776 108 046).<\/span><\/strong><span style=\"color: #800000;\">\u00a0<\/span><span style=\"color: #800000;\"><span style=\"color: #000000;\">Z\u00e1kladn\u00ed informaci o tom co si s sebou na &#8222;ly\u017eova\u010dku&#8220; vz\u00edt, studujte zde:\u00a0<strong><a href=\"http:\/\/www.moravecteam.cz\/?attachment_id=6913\" rel=\"attachment wp-att-6913\">co-s-sebou-na-bezky<\/a><\/strong><\/span><\/span><\/li>\n<li style=\"text-align: justify;\"><span style=\"color: #800000;\"><strong>Odd\u00edlov\u00fd\u00a0cyklistick\u00fd ples<\/strong><\/span> <strong><span style=\"color: #800000;\">prob\u011bhne v sobotu 28. ledna 2017 v kulturn\u00edm dom\u011b ve Velenov\u011b.<\/span><\/strong> \u00a0Jako ka\u017edoro\u010dn\u011b, ani letos nebude chyb\u011bt na t\u00e9to spole\u010densk\u00e9 akci cyklistick\u00fd mistr sv\u011bta a douf\u00e1m, \u017ee nez\u016fstane osamocen, \u017ee &#8222;garde&#8220; mu ud\u011bl\u00e1 i cyklistick\u00e1 mistryn\u011b sv\u011bta! Kdo budete m\u00edt mo\u017enost p\u0159isp\u011bt n\u011bjak\u00fdm d\u00e1rkem do plesov\u00e9 tomboly, kontaktujte m\u011b pros\u00edm na moje <strong><span style=\"color: #800000;\">605 0J\u00e1gr 0Nagano<\/span><\/strong>. Rezervace m\u00edstenek by m\u011bla b\u00fdt spu\u0161t\u011bna od pond\u011bl\u00ed 9. ledna 2017, tak\u017ee se u\u017e pomalu &#8222;\u0161ikujte&#8220;!<\/li>\n<\/ul>\n","protected":false},"excerpt":{"rendered":"<p>St\u0159eda 4.1. 2017 Prvn\u00ed\u00a0cvi\u010den\u00ed v r. 2017 d\u011bt\u00ed do 12-ti let v bene\u0161ovsk\u00e9 t\u011blocvi\u010dn\u011b v r\u00e1mci b\u011b\u017e\u00edc\u00ed zimn\u00ed p\u0159\u00edpravy &#8211; &#8222;Koudelkovy kapky&#8220;. Cvi\u010den\u00ed povede\u00a0Petr\u00a0\u00a0\u00a0a &#8222;mrskat&#8220; s\u00a0sebou budeme tradi\u010dn\u011b od 16.30 do 18.30 hodin. P\u00e1tek 6.1. 2017 Prvn\u00ed\u00a0cvi\u010den\u00ed v r. 2017 v bene\u0161ovsk\u00e9 t\u011blocvi\u010dn\u011b v r\u00e1mci zimn\u00ed p\u0159\u00edpravy &#8211; ob\u00e1van\u00e9 &#8222;Prudkov\u00e9 kapky&#8220;. Cvi\u010den\u00ed povede op\u011bt Iv\u010da &hellip; <a href=\"https:\/\/www.moravecteam.cz\/?p=6892\" class=\"more-link\">Pokra\u010dov\u00e1n\u00ed textu <span class=\"screen-reader-text\">Co se bude d\u00edt? (ST01)<\/span> <span class=\"meta-nav\">&rarr;<\/span><\/a><\/p>\n","protected":false},"author":3,"featured_media":0,"comment_status":"open","ping_status":"closed","sticky":false,"template":"","format":"standard","meta":[],"categories":[11],"tags":[],"_links":{"self":[{"href":"https:\/\/www.moravecteam.cz\/index.php?rest_route=\/wp\/v2\/posts\/6892"}],"collection":[{"href":"https:\/\/www.moravecteam.cz\/index.php?rest_route=\/wp\/v2\/posts"}],"about":[{"href":"https:\/\/www.moravecteam.cz\/index.php?rest_route=\/wp\/v2\/types\/post"}],"author":[{"embeddable":true,"href":"https:\/\/www.moravecteam.cz\/index.php?rest_route=\/wp\/v2\/users\/3"}],"replies":[{"embeddable":true,"href":"https:\/\/www.moravecteam.cz\/index.php?rest_route=%2Fwp%2Fv2%2Fcomments&post=6892"}],"version-history":[{"count":7,"href":"https:\/\/www.moravecteam.cz\/index.php?rest_route=\/wp\/v2\/posts\/6892\/revisions"}],"predecessor-version":[{"id":6914,"href":"https:\/\/www.moravecteam.cz\/index.php?rest_route=\/wp\/v2\/posts\/6892\/revisions\/6914"}],"wp:attachment":[{"href":"https:\/\/www.moravecteam.cz\/index.php?rest_route=%2Fwp%2Fv2%2Fmedia&parent=6892"}],"wp:term":[{"taxonomy":"category","embeddable":true,"href":"https:\/\/www.moravecteam.cz\/index.php?rest_route=%2Fwp%2Fv2%2Fcategories&post=6892"},{"taxonomy":"post_tag","embeddable":true,"href":"https:\/\/www.moravecteam.cz\/index.php?rest_route=%2Fwp%2Fv2%2Ftags&post=6892"}],"curies":[{"name":"wp","href":"https:\/\/api.w.org\/{rel}","templated":true}]}}