{"id":6900,"date":"2017-01-04T22:07:18","date_gmt":"2017-01-04T21:07:18","guid":{"rendered":"http:\/\/www.moravecteam.cz\/?p=6900"},"modified":"2017-01-04T23:41:52","modified_gmt":"2017-01-04T22:41:52","slug":"prvni-novorocni","status":"publish","type":"post","link":"https:\/\/www.moravecteam.cz\/?p=6900","title":{"rendered":"Prvn\u00ed novoro\u010dn\u00ed&#8230;"},"content":{"rendered":"<p style=\"text-align: justify;\"><span style=\"color: #800000;\"><strong>&#8230;cvi\u010den\u00ed odmakala \u00factyhodn\u00e1 dvac\u00edtka cvi\u010denc\u016f podle stanoven\u00e9ho &#8222;letov\u00e9ho pl\u00e1nu&#8220; zimn\u00ed p\u0159\u00edpravy v prvn\u00ed lednovou st\u0159edu v bene\u0161ovsk\u00e9 t\u011blocvi\u010dn\u011b. \u00da\u010dast by byla pravd\u011bpodobn\u011b je\u0161t\u011b vy\u0161\u0161\u00ed, ale na Drahansk\u00e9 Vrchovin\u011b aktu\u00e1ln\u011b plat\u00ed \u00faslov\u00ed: &#8222;Zima p\u0159i\u0161la do vsi, kde jsi jaro, kde jsi?&#8220; \u00a0A tomuto je \u00fam\u011brn\u00e1 i sj\u00edzdnost komunikac\u00ed&#8230; Na tr\u00e9ninku jsme se \u00a0&#8211; tak\u00e9 podle pl\u00e1nu &#8211; letos poprv\u00e9 setkali jak s hrdinnou Zav\u0159elovic trojkou z D\u00e1ln\u00e9ho, hodn\u011b D\u00e1ln\u00e9ho v\u00fdchodu &#8211; tak i s vyzdrav\u011bnou trojkou \u017dern\u00ed\u010dkovic a v\u011brte, \u017ee v\u0161ichni &#8222;nov\u00e1\u010dci&#8220; se p\u0159edvedli p\u0159i tvrd\u00e9 p\u0159\u00edpravn\u00e9 \u0159eholi v tom nejlep\u0161\u00edm sv\u011btle!\u00a0<\/strong><\/span><\/p>\n<figure id=\"attachment_6904\" aria-describedby=\"caption-attachment-6904\" style=\"width: 983px\" class=\"wp-caption alignnone\"><a href=\"http:\/\/www.moravecteam.cz\/?attachment_id=6904\" rel=\"attachment wp-att-6904\"><img decoding=\"async\" loading=\"lazy\" class=\" wp-image-6904\" alt=\"img_3307\" src=\"http:\/\/www.moravecteam.cz\/wp-content\/uploads\/2017\/01\/IMG_3307.jpg\" width=\"983\" height=\"936\" srcset=\"https:\/\/www.moravecteam.cz\/wp-content\/uploads\/2017\/01\/IMG_3307.jpg 983w, https:\/\/www.moravecteam.cz\/wp-content\/uploads\/2017\/01\/IMG_3307-25x25.jpg 25w, https:\/\/www.moravecteam.cz\/wp-content\/uploads\/2017\/01\/IMG_3307-300x285.jpg 300w\" sizes=\"(max-width: 983px) 100vw, 983px\" \/><\/a><figcaption id=\"caption-attachment-6904\" class=\"wp-caption-text\">Skute\u010dn\u011b vyrovnan\u00e9 startovn\u00ed pole po simulovan\u00e9m startu &#8211; aneb tr\u00e9nink startovn\u00edch reakc\u00ed.<\/figcaption><\/figure>\n<p style=\"text-align: justify;\">A nejen oni. Tren\u00e9r Milan Tlamka, pro jeho\u017e MORAVEC Junior Team je p\u0159edev\u0161\u00edm st\u0159ed\u010dn\u00ed p\u0159\u00edprava ur\u010dena, mi mohl mysl\u00edm d\u00e1t s pot\u011b\u0161en\u00edm za pravdu, \u017ee V\u00e1no\u010dn\u00ed sv\u00e1tky nijak nenaru\u0161ili kontinuitu zimn\u00ed p\u0159\u00edpravy, kdy\u017e na cvi\u010d\u00edc\u00edch nebyl v\u016fbec zn\u00e1t ani n\u00e1znak mal\u00e1tnosti \u010di letargie po dnech \u010dasto leniv\u00e9ho odpo\u010dinku a ani opticky nebylo k pozn\u00e1n\u00ed, \u017ee na nich V\u00e1noce zanechali stopy z hlediska v\u00e1hov\u00fdch p\u0159\u00edr\u016fstk\u016f jejich atletick\u00fdch t\u00edlek&#8230; Co se t\u00fd\u010de vlastn\u00edho cvi\u010den\u00ed, moc jsme se s t\u00edm &#8222;nep\u00e1rali&#8220; a Petr tro\u0161ku zv\u00fd\u0161il &#8222;to\u010dky&#8220; &#8211; tak jak je pro toto ro\u010dn\u00ed obdob\u00ed u\u017e tradi\u010dn\u011b zvykem. Po rozb\u011bh\u00e1n\u00ed, rozcvi\u010dce, vybi\u0161ce, &#8222;ryb\u00e1\u0159\u00edch&#8220; a tr\u00e9ninku startovn\u00edch reakc\u00ed p\u0159es t\u011blocvi\u010dnu &#8222;na d\u00e9l&#8220;, p\u0159i\u0161el na \u0159adu &#8211; letos po druh\u00e9 &#8211; &#8222;\u0161estiseda\u010dkov\u00fd&#8220; dvoukolov\u00fd koloto\u010d. V\u0161e bylo dotvo\u0159eno dynamikou p\u0159es t\u011blocvi\u010dnu &#8222;na \u0161\u00ed\u0159&#8220;, kdy\u017e doprovodn\u00fdm prvkem byla cvi\u010debn\u00ed \u017e\u00edn\u011bnka. V r\u00e1mci t\u00e9to \u010d\u00e1sti p\u0159\u00edpravy byl vlo\u017een i emotivn\u00ed z\u00e1vod &#8222;traka\u0159\u016f&#8220;.<\/p>\n<figure id=\"attachment_6905\" aria-describedby=\"caption-attachment-6905\" style=\"width: 636px\" class=\"wp-caption alignnone\"><a href=\"http:\/\/www.moravecteam.cz\/?attachment_id=6905\" rel=\"attachment wp-att-6905\"><img decoding=\"async\" loading=\"lazy\" class=\" wp-image-6905\" alt=\"img_3352\" src=\"http:\/\/www.moravecteam.cz\/wp-content\/uploads\/2017\/01\/IMG_3352.jpg\" width=\"636\" height=\"649\" srcset=\"https:\/\/www.moravecteam.cz\/wp-content\/uploads\/2017\/01\/IMG_3352.jpg 636w, https:\/\/www.moravecteam.cz\/wp-content\/uploads\/2017\/01\/IMG_3352-25x25.jpg 25w, https:\/\/www.moravecteam.cz\/wp-content\/uploads\/2017\/01\/IMG_3352-293x300.jpg 293w\" sizes=\"(max-width: 636px) 100vw, 636px\" \/><\/a><figcaption id=\"caption-attachment-6905\" class=\"wp-caption-text\">Jirka Zav\u0159el si ze st\u0159ede\u010dn\u00edho cvi\u010den\u00ed odnesl dodate\u010dn\u011b krom\u011b nomina\u010dn\u00edch dekret\u016f na cenu Objev roku, Skokan roku a Dravec MORAVEC i v\u00fdro\u010dn\u00ed ocen\u011bn\u00ed jako Objev roku!<\/figcaption><\/figure>\n<p style=\"text-align: justify;\">Ne\u017e jsme se nad\u00e1li &#8211; byla doba ur\u010den\u00e1 pro na\u0161i p\u0159\u00edpravu napln\u011bn\u00e1 ani\u017e by do\u0161lo na &#8222;Krab\u00edky&#8220;, jak si p\u0159\u00e1la Ja\u0148ula &#8211; Maru\u0161ka Lipensk\u00e1&#8230; M\u00e1 je Ptrem sl\u00edben\u00e9 za t\u00fdden&#8230; Na &#8222;krab\u00edky&#8220; nedo\u0161lo mo\u017en\u00e1 i proto, \u017ee jsme p\u0159i z\u00e1v\u011bre\u010dn\u00e9m n\u00e1stupu cht\u011bli stihnout dekoraci za r. 2016 t\u011bch, kte\u0159\u00ed chyb\u011bli p\u0159ed necel\u00fdm t\u00fddnem na na\u0161em V\u00fdro\u010dn\u00edm ro(c)kov\u00e1n\u00ed. Byli to sourozenci \u00a0Ad\u00e9lka a Jirka Zav\u0159elovi s Just\u00fdnkou Novotnou, p\u0159i\u010dem\u017e hlavn\u011b Jirka Zav\u0159el (Objev roku 2016 v kategorii chlapc\u016f) byl hrdinou okam\u017eiku! <strong><a href=\"http:\/\/moravecteam.rajce.idnes.cz\/2017.01.04_Cviceni_v_telocvicne\/\">Mrkn\u011bte na fotogalerii<\/a><\/strong>, supr fotky &#8222;nacvakala&#8220; tentokr\u00e1t Ilona Zav\u0159elov\u00e1.<\/p>\n<p style=\"text-align: justify;\">\n","protected":false},"excerpt":{"rendered":"<p>&#8230;cvi\u010den\u00ed odmakala \u00factyhodn\u00e1 dvac\u00edtka cvi\u010denc\u016f podle stanoven\u00e9ho &#8222;letov\u00e9ho pl\u00e1nu&#8220; zimn\u00ed p\u0159\u00edpravy v prvn\u00ed lednovou st\u0159edu v bene\u0161ovsk\u00e9 t\u011blocvi\u010dn\u011b. \u00da\u010dast by byla pravd\u011bpodobn\u011b je\u0161t\u011b vy\u0161\u0161\u00ed, ale na Drahansk\u00e9 Vrchovin\u011b aktu\u00e1ln\u011b plat\u00ed \u00faslov\u00ed: &#8222;Zima p\u0159i\u0161la do vsi, kde jsi jaro, kde jsi?&#8220; \u00a0A tomuto je \u00fam\u011brn\u00e1 i sj\u00edzdnost komunikac\u00ed&#8230; Na tr\u00e9ninku jsme se \u00a0&#8211; tak\u00e9 podle pl\u00e1nu &hellip; <a href=\"https:\/\/www.moravecteam.cz\/?p=6900\" class=\"more-link\">Pokra\u010dov\u00e1n\u00ed textu <span class=\"screen-reader-text\">Prvn\u00ed novoro\u010dn\u00ed&#8230;<\/span> <span class=\"meta-nav\">&rarr;<\/span><\/a><\/p>\n","protected":false},"author":3,"featured_media":6903,"comment_status":"open","ping_status":"closed","sticky":false,"template":"","format":"standard","meta":[],"categories":[9],"tags":[],"_links":{"self":[{"href":"https:\/\/www.moravecteam.cz\/index.php?rest_route=\/wp\/v2\/posts\/6900"}],"collection":[{"href":"https:\/\/www.moravecteam.cz\/index.php?rest_route=\/wp\/v2\/posts"}],"about":[{"href":"https:\/\/www.moravecteam.cz\/index.php?rest_route=\/wp\/v2\/types\/post"}],"author":[{"embeddable":true,"href":"https:\/\/www.moravecteam.cz\/index.php?rest_route=\/wp\/v2\/users\/3"}],"replies":[{"embeddable":true,"href":"https:\/\/www.moravecteam.cz\/index.php?rest_route=%2Fwp%2Fv2%2Fcomments&post=6900"}],"version-history":[{"count":11,"href":"https:\/\/www.moravecteam.cz\/index.php?rest_route=\/wp\/v2\/posts\/6900\/revisions"}],"predecessor-version":[{"id":6916,"href":"https:\/\/www.moravecteam.cz\/index.php?rest_route=\/wp\/v2\/posts\/6900\/revisions\/6916"}],"wp:featuredmedia":[{"embeddable":true,"href":"https:\/\/www.moravecteam.cz\/index.php?rest_route=\/wp\/v2\/media\/6903"}],"wp:attachment":[{"href":"https:\/\/www.moravecteam.cz\/index.php?rest_route=%2Fwp%2Fv2%2Fmedia&parent=6900"}],"wp:term":[{"taxonomy":"category","embeddable":true,"href":"https:\/\/www.moravecteam.cz\/index.php?rest_route=%2Fwp%2Fv2%2Fcategories&post=6900"},{"taxonomy":"post_tag","embeddable":true,"href":"https:\/\/www.moravecteam.cz\/index.php?rest_route=%2Fwp%2Fv2%2Ftags&post=6900"}],"curies":[{"name":"wp","href":"https:\/\/api.w.org\/{rel}","templated":true}]}}