{"id":6918,"date":"2017-01-07T19:04:18","date_gmt":"2017-01-07T18:04:18","guid":{"rendered":"http:\/\/www.moravecteam.cz\/?p=6918"},"modified":"2017-01-09T12:51:05","modified_gmt":"2017-01-09T11:51:05","slug":"skvely-start","status":"publish","type":"post","link":"https:\/\/www.moravecteam.cz\/?p=6918","title":{"rendered":"Skv\u011bl\u00fd start!"},"content":{"rendered":"<p style=\"text-align: justify;\"><strong><span style=\"color: #800000;\">A \u00a0nebo skv\u011bl\u00fd fini\u0161? V p\u0159\u00edpad\u011b cyklokrosu se samoz\u0159ejm\u011b jedn\u00e1 o \u00fahel pohledu. Ka\u017edop\u00e1dn\u011b v r\u00e1mci t\u00e9to cyklistick\u00e9 discipliny je ji\u017e po l\u00e9ta pravidlem, \u017ee n\u00e1rodn\u00ed \u0161ampion\u00e1t dosp\u011bl\u00fdch kategor\u00ed\u00ed se odjede zpravidla v prvn\u00ed lednov\u00e9 dek\u00e1d\u011b. \u00a0A \u00a0tak pro trojku snajpr\u016f z MORAVEC Teamu se jednalo prvn\u00ed lednovou sobotu nov\u00e9ho roku na M\u010cR v cyklokrosu v Hlinsku vlastn\u011b o oboj\u00ed: jednak o derni\u00e9ru leto\u0161n\u00ed cyklokrosa\u0159sk\u00e9 sez\u00f3ny a jednak o premi\u00e9ru bikersk\u00e9 sez\u00f3ny 2017. A\u0165 tak, \u010di tak, d\u016fle\u017eit\u00e9 je, \u017ee v extr\u00e9mn\u011b chladn\u00e9m po\u010das\u00ed si na\u0161i vedli opravdu &#8211; skv\u011ble!<\/span><\/strong><\/p>\n<figure id=\"attachment_6946\" aria-describedby=\"caption-attachment-6946\" style=\"width: 966px\" class=\"wp-caption alignnone\"><a href=\"http:\/\/www.moravecteam.cz\/?attachment_id=6946\" rel=\"attachment wp-att-6946\"><img decoding=\"async\" loading=\"lazy\" class=\" wp-image-6946\" alt=\"p1130661\" src=\"http:\/\/www.moravecteam.cz\/wp-content\/uploads\/2017\/01\/P1130661.jpg\" width=\"966\" height=\"996\" srcset=\"https:\/\/www.moravecteam.cz\/wp-content\/uploads\/2017\/01\/P1130661.jpg 966w, https:\/\/www.moravecteam.cz\/wp-content\/uploads\/2017\/01\/P1130661-25x25.jpg 25w, https:\/\/www.moravecteam.cz\/wp-content\/uploads\/2017\/01\/P1130661-290x300.jpg 290w\" sizes=\"(max-width: 966px) 100vw, 966px\" \/><\/a><figcaption id=\"caption-attachment-6946\" class=\"wp-caption-text\">Dominik Prudek v Hlinsku prok\u00e1zal, \u017ee p\u0159es sv\u016fj mlad\u00fd v\u011bk u\u017e aktu\u00e1ln\u011b pat\u0159\u00ed mezi \u0161ir\u0161\u00ed \u010deskou mu\u017eskou cyklokrosa\u0159skou \u0161pi\u010dku!<\/figcaption><\/figure>\n<p style=\"text-align: justify;\">V sez\u00f3n\u011b 2017 ji\u017e p\u0159\u00edslu\u0161n\u00fd dosp\u011bl\u00e9 kategorii, devaten\u00e1ctilet\u00fd <span style=\"color: #800000;\"><strong>Dominik Prudek<\/strong><\/span>, se popasoval s bezm\u00e1la \u010dty\u0159ic\u00edtkou soupe\u0159\u016f v &#8222;Uni\u010dovsk\u00e9m&#8220; stylu, ba co v\u00edc: sv\u016fj TOP v\u00fdsledek z prosincov\u00e9ho \u00a0bl\u00e1tiv\u00e9ho &#8222;Moravsk\u00e9ho pole&#8220; dok\u00e1zal na Hlinsk\u00e9m sn\u011b\u017en\u00e9m a zamrzl\u00e9m poli je\u0161t\u011b vylep\u0161it! Po v\u00fdborn\u00e9 startu se \u00a0po cel\u00e9 prvn\u00ed kolo dr\u017eel v elitn\u00ed TOP 15 a toto um\u00edst\u011bn\u00ed dok\u00e1zal udr\u017eet prakticky a\u017e do c\u00edle! Za poctivou pr\u00e1ci v extremn\u00edch podm\u00ednk\u00e1ch, kterou nijak nesni\u017euje ani p\u0159ed\u010dasn\u00e9 odvol\u00e1n\u00ed ze z\u00e1vodu vzhledem ke zt\u00e1t\u011b na absolutn\u00ed \u010delo startovn\u00edho pole, mu bylo v c\u00edli odm\u011bnou v\u00fdborn\u00e9, 18. m\u00edsto! A op\u011bt tak p\u0159epsal odd\u00edlov\u00e9 d\u011bjiny: lep\u0161\u00ed v\u00fdsledek rajdr MORAVEC Teamu na n\u00e1rodn\u00edm mistr\u00e1ku v t\u00e9to disciplin\u011b kategorie mu\u017e\u016f ELITE v patn\u00e1ctilet\u00e9 historii odd\u00edlu nikdy nezajel&#8230; A za dan\u00e9 situace je Dom\u010d\u016fv v\u00fdsledek z Hlinska potvrzen\u00edm opr\u00e1vn\u011bnosti jeho nominace na nejlep\u0161\u00edho sportovce Boskovicka za r. 2016!<\/p>\n<figure id=\"attachment_6945\" aria-describedby=\"caption-attachment-6945\" style=\"width: 1348px\" class=\"wp-caption alignnone\"><a href=\"http:\/\/www.moravecteam.cz\/?attachment_id=6945\" rel=\"attachment wp-att-6945\"><img decoding=\"async\" loading=\"lazy\" class=\" wp-image-6945\" alt=\"img_5014\" src=\"http:\/\/www.moravecteam.cz\/wp-content\/uploads\/2017\/01\/IMG_5014.jpg\" width=\"1348\" height=\"1124\" srcset=\"https:\/\/www.moravecteam.cz\/wp-content\/uploads\/2017\/01\/IMG_5014.jpg 1348w, https:\/\/www.moravecteam.cz\/wp-content\/uploads\/2017\/01\/IMG_5014-300x250.jpg 300w, https:\/\/www.moravecteam.cz\/wp-content\/uploads\/2017\/01\/IMG_5014-1024x853.jpg 1024w\" sizes=\"(max-width: 1348px) 100vw, 1348px\" \/><\/a><figcaption id=\"caption-attachment-6945\" class=\"wp-caption-text\">Jana Tesa\u0159ov\u00e1 si sice za\u017eila na &#8222;mistr\u00e1ku&#8220; nep\u0159\u00edjemn\u00fd p\u00e1d, kter\u00fd ji ze z\u00e1vodu vy\u0159adil, s v\u00fdkonem v Hlinsku ale m\u016f\u017ee b\u00fdt spokojen\u00e1.<\/figcaption><\/figure>\n<p style=\"text-align: justify;\">Je\u0161t\u011b p\u0159ed Dominikem se pustila do souboje ve startovn\u00edm poli dvaceti z\u00e1vodnic kategorie \u017een v\u011bkem je\u0161t\u011b juniorka <strong><span style=\"color: #800000;\">Jana &#8222;D\u017eejn&#8220; Tesa\u0159ov\u00e1.<\/span><\/strong> I ona potvrdila v Hlinsku svoji vysokou m\u00edru cyklokrosov\u00e9ho kum\u0161tu a dlouho si vedla ve vyrovnan\u00e9m z\u00e1vod\u011b nad o\u010dek\u00e1v\u00e1n\u00ed, pohybuj\u00edc\u00ed se um\u00edst\u011bn\u00edm v TOP 15. Ne\u0161\u0165astn\u00fd p\u00e1d v pravo od &#8222;\u0160im\u016fnkova m\u00edsta&#8220; (vlevo na t\u00e9to \u010d\u00e1sti trat\u011b \u0161el p\u0159es \u0159\u00edd\u00edtka v n\u00e1sledn\u00e9m z\u00e1vod\u011b mu\u017e\u016f ELITE jeden z hork\u00fdch favorit\u016f, Radom\u00edr \u0160im\u016fnek &#8211; ten musel b\u00fdt dokonce s podez\u0159en\u00edm na zran\u011bnou p\u00e1te\u0159 v nemocnici hospitalizov\u00e1n), kter\u00fd Jan\u011b zap\u0159\u00ed\u010dinila jedna z jej\u00edch pomalej\u0161\u00edch soupe\u0159ek, jen\u017e zde upadla a p\u0159es kterou Jana p\u0159elet\u011bla a narazila do stromu, zp\u016fsobil Janin ot\u0159es, kter\u00fd si bohu\u017eel vynutil jej\u00ed okam\u017eit\u00fd preventivn\u00ed p\u0159evoz do nemocnice. \u0160koda t\u00e9 sm\u016fly, v z\u00e1vod\u011b, kter\u00fd m\u011bla v\u00fdborn\u011b rozjet\u00fd, bojovala se star\u0161\u00edmi a zku\u0161en\u011bj\u0161\u00edmi soupe\u0159kami state\u010dn\u011b a ur\u010do si zaslou\u017e\u00ed n\u00e1\u0161 obdiv a pochvalu! D\u016fle\u017eit\u011bj\u0161\u00ed ale je, \u017ee podrobn\u00e1 vy\u0161et\u0159en\u00ed potvrdila pouze Janino &#8222;dotlu\u010den\u00ed&#8220; \u00a0bez diagnostiky jak\u00fdchkoli fraktur, tak\u017ee z o\u0161kliv\u011b vyhl\u00ed\u017eej\u00edc\u00edho p\u00e1du vyv\u00e1zla relativn\u011b dob\u0159e. Co\u017e sv\u011bd\u010d\u00ed o jej\u00ed v\u00fdborn\u00e9 stre\u010dinkov\u00e9 pr\u016fprav\u011b a celkov\u011b kvalitn\u00ed a pevn\u00e9 stavb\u011b t\u011bla. I i jej\u00ed nominace na sportovce \u00a0Boskovicka z r. 2016 je za dan\u00fdch okolnost\u00ed zcela opr\u00e1vn\u011bn\u00e1!<\/p>\n<figure id=\"attachment_6944\" aria-describedby=\"caption-attachment-6944\" style=\"width: 1473px\" class=\"wp-caption alignnone\"><a href=\"http:\/\/www.moravecteam.cz\/?attachment_id=6944\" rel=\"attachment wp-att-6944\"><img decoding=\"async\" loading=\"lazy\" class=\" wp-image-6944\" alt=\"img_5012\" src=\"http:\/\/www.moravecteam.cz\/wp-content\/uploads\/2017\/01\/IMG_5012.jpg\" width=\"1473\" height=\"1376\" srcset=\"https:\/\/www.moravecteam.cz\/wp-content\/uploads\/2017\/01\/IMG_5012.jpg 1473w, https:\/\/www.moravecteam.cz\/wp-content\/uploads\/2017\/01\/IMG_5012-300x280.jpg 300w, https:\/\/www.moravecteam.cz\/wp-content\/uploads\/2017\/01\/IMG_5012-1024x956.jpg 1024w\" sizes=\"(max-width: 1473px) 100vw, 1473px\" \/><\/a><figcaption id=\"caption-attachment-6944\" class=\"wp-caption-text\">Ad\u00e9la nastoupila na z\u00e1vod v\u00edce-m\u00e9n\u011b z pilnosti, v r\u00e1mci zimn\u00ed p\u0159\u00edpravy na bikovou sez\u00f3nu, no a pod\u00edvejte: po sobot\u011b je z Hlinska je druhou vicemistryn\u00ed mezi \u017eenami!<\/figcaption><\/figure>\n<p style=\"text-align: justify;\">S Janou absolvovala \u017eensk\u00fd mistr\u00e1k letos u\u017e legitimn\u011b v t\u00e9to kategorii z\u00e1vod\u00edc\u00ed na\u0161e odchovankyn\u011b &#8211; <strong><span style=\"color: #800000;\">Ad\u00e9la \u0160af\u00e1\u0159ov\u00e1<\/span> <\/strong>(NUTREND Specialized Team). A v jej\u00edm p\u0159\u00edpad\u011b se v Hlinsku d\u011bly v\u011bci..! T\u0159et\u00ed m\u00edsto v c\u00edli hovo\u0159\u00ed za v\u0161e! Skalp nap\u0159\u00edklad obh\u00e1jkyn\u011b mistrovsk\u00e9ho titulu Martiny Mikul\u00e1\u0161kov\u00e9 t\u011b\u0161\u00ed ur\u010dit\u011b nejen &#8222;Adys&#8220;, jej\u00edho tren\u00e9ra Viktora Zapletala, ale samoz\u0159ejm\u011b i n\u00e1s! Na v\u00edt\u011bznou Pavlu Havl\u00edkovou nabrala v pr\u016fb\u011bhu p\u011btikolov\u00e9ho z\u00e1vodu ztr\u00e1tu asi t\u0159\u00ed minut a znovu tak potvrdila svoji vysokou cyklistickou univerz\u00e1lnost a na stejn\u00e9m levlu pak cyklokrosa\u0159sk\u00fd um&#8230; Opakovan\u011b zd\u016fraz\u0148uji, \u017ee vzhledem k arktick\u00e9mu po\u010das\u00ed, kter\u00e9 v sou\u010dasnosti sv\u00edr\u00e1 nejen Hlinsko, ale prakticky celou st\u0159edn\u00ed Evropu, je medailov\u00fd v\u00fdsledek Ad\u00e9lky o to cenn\u011bj\u0161\u00ed! Blahop\u0159ejeme! Ani Ad\u00e9lka, stejn\u011b jako Dom\u010da a Jana samoz\u0159ejm\u011b nechyb\u00ed v nominovan\u00e9 skupin\u011b na sportovce regionu Boskovicka za r. 2016! Stejn\u011b jako nav\u00edc dal\u0161\u00ed \u010dty\u0159i MORAVCI: rajd\u0159i Tom\u00e1\u0161 Tlamka &#8222;Contador&#8220; s Annou Zem\u00e1nkovou a dvojice na\u0161ich sp\u011b\u0161n\u00fdch tren\u00e9r\u016f &#8211; V\u00ed\u0165a Prudek s Milanem Tlamkou.<\/p>\n<figure id=\"attachment_6947\" aria-describedby=\"caption-attachment-6947\" style=\"width: 1672px\" class=\"wp-caption alignnone\"><a href=\"http:\/\/www.moravecteam.cz\/?attachment_id=6947\" rel=\"attachment wp-att-6947\"><img decoding=\"async\" loading=\"lazy\" class=\" wp-image-6947\" alt=\"img_5007\" src=\"http:\/\/www.moravecteam.cz\/wp-content\/uploads\/2017\/01\/IMG_5007.jpg\" width=\"1672\" height=\"1198\" srcset=\"https:\/\/www.moravecteam.cz\/wp-content\/uploads\/2017\/01\/IMG_5007.jpg 1672w, https:\/\/www.moravecteam.cz\/wp-content\/uploads\/2017\/01\/IMG_5007-300x214.jpg 300w, https:\/\/www.moravecteam.cz\/wp-content\/uploads\/2017\/01\/IMG_5007-1024x733.jpg 1024w\" sizes=\"(max-width: 1672px) 100vw, 1672px\" \/><\/a><figcaption id=\"caption-attachment-6947\" class=\"wp-caption-text\">Pol\u00e1rn\u00ed depo MORAVEC Teamu v Hlinsku zaji\u0161\u0165ovali V\u00ed\u0165a, Milan a Libor.<\/figcaption><\/figure>\n<p style=\"text-align: justify;\">&#8222;Pochvalou a velk\u00fdm d\u00edkem za vzorn\u00e9 repre MORAVCE v Hlinsku samoz\u0159ejm\u011b ne\u0161et\u0159\u00edme ani v\u00fd\u0161e jmenovan\u00fdm dv\u011bma na\u0161im &#8211; v sou\u010dasnosti &#8222;\u010distokrevn\u00fdm&#8220; snajpr\u016fm MORAVCE &#8211; Dominiku Prudkovi a Jan\u011b Tesa\u0159ov\u00e9. A velk\u00fd d\u00edk za mistr\u00e1k i podp\u016frn\u00fdm rodinn\u00fdm t\u00fdm\u016fm! Bravo v Hlinsku MORAVEC!\u00a0Zde mrkn\u011bte, jak cyklokrosa\u0159\u0161t\u00ed odborn\u00edci, v\u010detn\u011b na\u0161eho kamar\u00e1da Zde\u0148ka Mlyn\u00e1\u0159e, <strong><a href=\"http:\/\/www.cyklokros.cz\/cz\/cyklokros-cz\/aktuality\/682-odbornici-tipuji-medailisty-mistrovstvi-republiky\">netipovali<\/a>\u00a0(!)<\/strong> Ad\u00e9lu \u0160af\u00e1\u0159ovou na bednu&#8230; No teda Zde\u0148ku?! Jak m\u00e1lo n\u00e1s je\u0161t\u011b zn\u00e1\u0161&#8230; Slu\u0161\u00ed se samoz\u0159ejm\u011b pogratulovat i v\u00edt\u011bzi z\u00e1vodu mu\u017e\u016f ELITE, Michalu Boro\u0161ovi, kter\u00fd v posledn\u00edm kole \u00a0u\u010debnicov\u011b &#8222;vykejval&#8220; s dvojblokem \u00a0kol\u00ed\u0148\u00e1k\u016f &#8211; Slav\u00ed\u010dkovc\u016f, Tomem Paprskou a Honzou Nesvadbou. Ti z\u00e1v\u011br z\u00e1vodu bohu\u017eel takticky evidentn\u011b nezvl\u00e1dli a nedok\u00e1zali p\u0159ekvapiv\u011b vyu\u017e\u00edt sv\u00e9 dvojn\u00e1sobn\u00e9 p\u0159evahy nad osamocen\u00fdm soupe\u0159em&#8230; St\u00e1t se toto dv\u011bma MORAVC\u016eM proti jednomu soupe\u0159i, to bych se docela dost zlobil&#8230; A to m\u011bli oba &#8222;Slav\u00ed\u010dkovci&#8220; je\u0161t\u011b \u0161t\u011bst\u00ed, \u017ee skv\u011ble jedouc\u00ed veter\u00e1n, tak\u0159ka \u010dty\u0159icetilet\u00fd Emil Hekele p\u0159i st\u00edhac\u00ed j\u00edzd\u011b na vedouc\u00ed trojici \u0161el na &#8222;\u0160im\u016fnkov\u011b m\u00edst\u011b&#8220; &#8211; taky k zemi&#8230; Jinak, kdo v\u00ed, jak by souboj o st\u0159\u00edbro a bronz dopadnul&#8230; Zde je k okouknut\u00ed <strong><a href=\"http:\/\/www.cyklokros.cz\/cz\/toi-toi-cup-2016\/toi-toi-cup-2016\/hlinsko\/vysledky\">kompletn\u00ed v\u00fdsledkov\u00fd servis<\/a><\/strong> z Hlinska, a zde <strong><a href=\"http:\/\/www.cyklokros.cz\/cz\/cyklokros-cz\/aktuality\/684-havlikova-a-boros-novymi-mistry-republiky\">ofici\u00e1ln\u00ed report z Hlinska<\/a><\/strong> v\u010detn\u011b koment\u00e1\u0159e druh\u00e9 vicemistryn\u011b k sobotn\u00edmu z\u00e1vodu &#8211; na\u0161\u00ed odchovankyn\u011b Ad\u00e9ly \u0160af\u00e1\u0159ov\u00e9. No a zde mrkn\u011bte na <strong><a href=\"http:\/\/moravecteam.rajce.idnes.cz\/\">fotogalerii<\/a><\/strong> Libora Tesa\u0159e.<\/p>\n","protected":false},"excerpt":{"rendered":"<p>A \u00a0nebo skv\u011bl\u00fd fini\u0161? V p\u0159\u00edpad\u011b cyklokrosu se samoz\u0159ejm\u011b jedn\u00e1 o \u00fahel pohledu. Ka\u017edop\u00e1dn\u011b v r\u00e1mci t\u00e9to cyklistick\u00e9 discipliny je ji\u017e po l\u00e9ta pravidlem, \u017ee n\u00e1rodn\u00ed \u0161ampion\u00e1t dosp\u011bl\u00fdch kategor\u00ed\u00ed se odjede zpravidla v prvn\u00ed lednov\u00e9 dek\u00e1d\u011b. \u00a0A \u00a0tak pro trojku snajpr\u016f z MORAVEC Teamu se jednalo prvn\u00ed lednovou sobotu nov\u00e9ho roku na M\u010cR v cyklokrosu &hellip; <a href=\"https:\/\/www.moravecteam.cz\/?p=6918\" class=\"more-link\">Pokra\u010dov\u00e1n\u00ed textu <span class=\"screen-reader-text\">Skv\u011bl\u00fd start!<\/span> <span class=\"meta-nav\">&rarr;<\/span><\/a><\/p>\n","protected":false},"author":3,"featured_media":6924,"comment_status":"open","ping_status":"closed","sticky":false,"template":"","format":"standard","meta":[],"categories":[1],"tags":[],"_links":{"self":[{"href":"https:\/\/www.moravecteam.cz\/index.php?rest_route=\/wp\/v2\/posts\/6918"}],"collection":[{"href":"https:\/\/www.moravecteam.cz\/index.php?rest_route=\/wp\/v2\/posts"}],"about":[{"href":"https:\/\/www.moravecteam.cz\/index.php?rest_route=\/wp\/v2\/types\/post"}],"author":[{"embeddable":true,"href":"https:\/\/www.moravecteam.cz\/index.php?rest_route=\/wp\/v2\/users\/3"}],"replies":[{"embeddable":true,"href":"https:\/\/www.moravecteam.cz\/index.php?rest_route=%2Fwp%2Fv2%2Fcomments&post=6918"}],"version-history":[{"count":24,"href":"https:\/\/www.moravecteam.cz\/index.php?rest_route=\/wp\/v2\/posts\/6918\/revisions"}],"predecessor-version":[{"id":6957,"href":"https:\/\/www.moravecteam.cz\/index.php?rest_route=\/wp\/v2\/posts\/6918\/revisions\/6957"}],"wp:featuredmedia":[{"embeddable":true,"href":"https:\/\/www.moravecteam.cz\/index.php?rest_route=\/wp\/v2\/media\/6924"}],"wp:attachment":[{"href":"https:\/\/www.moravecteam.cz\/index.php?rest_route=%2Fwp%2Fv2%2Fmedia&parent=6918"}],"wp:term":[{"taxonomy":"category","embeddable":true,"href":"https:\/\/www.moravecteam.cz\/index.php?rest_route=%2Fwp%2Fv2%2Fcategories&post=6918"},{"taxonomy":"post_tag","embeddable":true,"href":"https:\/\/www.moravecteam.cz\/index.php?rest_route=%2Fwp%2Fv2%2Ftags&post=6918"}],"curies":[{"name":"wp","href":"https:\/\/api.w.org\/{rel}","templated":true}]}}