{"id":702,"date":"2015-06-09T13:22:54","date_gmt":"2015-06-09T11:22:54","guid":{"rendered":"http:\/\/www.moravecteam.cz\/?p=702"},"modified":"2015-06-15T14:56:29","modified_gmt":"2015-06-15T12:56:29","slug":"co-se-bude-dit-st25","status":"publish","type":"post","link":"https:\/\/www.moravecteam.cz\/?p=702","title":{"rendered":"Co se bude d\u00edt? (ST24)"},"content":{"rendered":"<h5><span style=\"color: #800000;\">\u00dater\u00fd 9.6.2015<\/span><\/h5>\n<p style=\"text-align: justify;\">Pravideln\u00fd tr\u00e9nink z\u00e1vodn\u00edho t\u00fdmu pro \u010cesk\u00e9 poh\u00e1ry s\u00a0V\u00ed\u0165ou Prudkem.\u00a0Sraz v Boskovic\u00edch u Novibry v 17.00 hodin. Kdo se nebude moci \u00fa\u010dastnit, omluvte se v\u010das V\u00ed\u0165ovi na jeho mobiln\u00ed apart\u00e1t s identifik\u00e1torem\u00a0731 180 096.<\/p>\n<h5><span style=\"color: #800000;\">St\u0159eda 10.6.2015<\/span><\/h5>\n<p style=\"text-align: justify;\">Pravideln\u00fd tr\u00e9nink biker\u016f MORAVCE &#8222;druh\u00e9ho sledu&#8220; &#8211; tj. t\u011bch, kte\u0159\u00ed je\u0161t\u011b \u010cesk\u00fd poh\u00e1r horsk\u00fdch kol nejezd\u00ed, ale jsou zdatn\u00ed v region\u00e1ln\u00edm seri\u00e1lu o Poh\u00e1r Drahansk\u00e9 vrchoviny. Sraz mlad\u00fdch biker\u016f je v 17.00 hodin, tentokr\u00e1t u Z\u0160 Bene\u0161ov, tr\u00e9nink povede\u00a0Milan Tlamka.\u00a0V p\u0159\u00edpad\u011b \u00a0dotaz\u016f kontaktujte Milana na jeho mobiln\u00ed apar\u00e1t s identifik\u00e1torem\u00a0776 108 046.<\/p>\n<h5><span style=\"color: #800000;\">\u010ctvrtek\u00a011.6.2015<\/span><\/h5>\n<p style=\"text-align: justify;\">Dozkou\u0161en\u00ed dres\u016f t\u011bch mlad\u00fdch jezdc\u016f, kte\u0159\u00ed toto doposud nestihli. Zkou\u0161et se bude s Erikem \u0158ezn\u00edkem od 17.00 hodin \u00a0v t\u011blocvi\u010dn\u011b u Z\u0160 Bene\u0161ov.<\/p>\n<h5><span style=\"color: #800000;\">P\u00e1tek\u00a012.6. 2015<\/span><\/h5>\n<p style=\"text-align: justify;\">Odjezd na t\u0159et\u00ed z\u00e1vod \u010cP MTB XCE, XCO\u00a0do Peci pod Sn\u011b\u017ekou. Podrobn\u00e9 instrukce k\u00a0p\u0159esunu budou dot\u010den\u00fdm v\u010das sd\u011bleny. V\u00fdsadku vel\u00ed Milan Tlamka, volac\u00ed znak invaze je SILVER B. Podrobn\u00e9 pokyny studujte tu\u0165: <strong><a href=\"http:\/\/www.moravecteam.cz\/?attachment_id=754\" rel=\"attachment wp-att-754\">\u010cP MTB Pec pod Sn\u011b\u017ekou<\/a><\/strong><\/p>\n<h5><span style=\"color: #800000;\">Sobota\u00a013.6. 2015<\/span><\/h5>\n<p>T\u0159et\u00ed z\u00e1vod \u010cP MTB XCE, XCO\u00a0do Peci pod Sn\u011b\u017ekou. V sobotu se jede Elimin\u00e1tor.<\/p>\n<h5><span style=\"color: #800000;\">Ned\u011ble\u00a014.6. 2015<\/span><\/h5>\n<p>T\u0159et\u00ed z\u00e1vod \u010cP MTB XCE, XCO\u00a0do Peci pod Sn\u011b\u017ekou. V ned\u011bli se jede klasick\u00e9 MTB XCO.<\/p>\n","protected":false},"excerpt":{"rendered":"<p>\u00dater\u00fd 9.6.2015 Pravideln\u00fd tr\u00e9nink z\u00e1vodn\u00edho t\u00fdmu pro \u010cesk\u00e9 poh\u00e1ry s\u00a0V\u00ed\u0165ou Prudkem.\u00a0Sraz v Boskovic\u00edch u Novibry v 17.00 hodin. Kdo se nebude moci \u00fa\u010dastnit, omluvte se v\u010das V\u00ed\u0165ovi na jeho mobiln\u00ed apart\u00e1t s identifik\u00e1torem\u00a0731 180 096. St\u0159eda 10.6.2015 Pravideln\u00fd tr\u00e9nink biker\u016f MORAVCE &#8222;druh\u00e9ho sledu&#8220; &#8211; tj. t\u011bch, kte\u0159\u00ed je\u0161t\u011b \u010cesk\u00fd poh\u00e1r horsk\u00fdch kol nejezd\u00ed, ale jsou &hellip; <a href=\"https:\/\/www.moravecteam.cz\/?p=702\" class=\"more-link\">Pokra\u010dov\u00e1n\u00ed textu <span class=\"screen-reader-text\">Co se bude d\u00edt? (ST24)<\/span> <span class=\"meta-nav\">&rarr;<\/span><\/a><\/p>\n","protected":false},"author":3,"featured_media":0,"comment_status":"closed","ping_status":"open","sticky":false,"template":"","format":"standard","meta":[],"categories":[11],"tags":[],"_links":{"self":[{"href":"https:\/\/www.moravecteam.cz\/index.php?rest_route=\/wp\/v2\/posts\/702"}],"collection":[{"href":"https:\/\/www.moravecteam.cz\/index.php?rest_route=\/wp\/v2\/posts"}],"about":[{"href":"https:\/\/www.moravecteam.cz\/index.php?rest_route=\/wp\/v2\/types\/post"}],"author":[{"embeddable":true,"href":"https:\/\/www.moravecteam.cz\/index.php?rest_route=\/wp\/v2\/users\/3"}],"replies":[{"embeddable":true,"href":"https:\/\/www.moravecteam.cz\/index.php?rest_route=%2Fwp%2Fv2%2Fcomments&post=702"}],"version-history":[{"count":11,"href":"https:\/\/www.moravecteam.cz\/index.php?rest_route=\/wp\/v2\/posts\/702\/revisions"}],"predecessor-version":[{"id":781,"href":"https:\/\/www.moravecteam.cz\/index.php?rest_route=\/wp\/v2\/posts\/702\/revisions\/781"}],"wp:attachment":[{"href":"https:\/\/www.moravecteam.cz\/index.php?rest_route=%2Fwp%2Fv2%2Fmedia&parent=702"}],"wp:term":[{"taxonomy":"category","embeddable":true,"href":"https:\/\/www.moravecteam.cz\/index.php?rest_route=%2Fwp%2Fv2%2Fcategories&post=702"},{"taxonomy":"post_tag","embeddable":true,"href":"https:\/\/www.moravecteam.cz\/index.php?rest_route=%2Fwp%2Fv2%2Ftags&post=702"}],"curies":[{"name":"wp","href":"https:\/\/api.w.org\/{rel}","templated":true}]}}