{"id":7099,"date":"2017-01-28T21:26:00","date_gmt":"2017-01-28T20:26:00","guid":{"rendered":"http:\/\/www.moravecteam.cz\/?p=7099"},"modified":"2017-02-01T21:32:17","modified_gmt":"2017-02-01T20:32:17","slug":"oceneni-od-senatorky","status":"publish","type":"post","link":"https:\/\/www.moravecteam.cz\/?p=7099","title":{"rendered":"Ocen\u011bn\u00ed od sen\u00e1torky!"},"content":{"rendered":"<p style=\"text-align: justify;\"><strong><span style=\"color: #800000;\">St\u00e1le jsme je\u0161t\u011b v obdob\u00ed vyhla\u0161ov\u00e1n\u00ed nejlep\u0161\u00edch sportovc\u016f, \u010di jejich jin\u00fdch oce\u0148ov\u00e1n\u00ed, za\u00a0uplynul\u00fd rok 2016. &#8222;Smetanu u\u017e sl\u00edznul&#8220; Dominik Prudek, co by lo\u0148sk\u00fd nejlep\u0161\u00ed sportovec Lysic, v \u00fanor\u016f \u010dek\u00e1 obdobn\u00e1 dekorace Ani\u010dku Zem\u00e1nkovou na Bene\u0161ov\u011b a zm\u00ednit mus\u00edme i Ad\u00e9lu \u0160af\u00e1\u0159ovou, kter\u00e1 byla ned\u00e1vno v Kun\u0161t\u00e1t\u011b dekorov\u00e1na spolu s dal\u0161\u00edmi dev\u00edti nejlep\u0161\u00edmi sportovci regionu Blanenska a Boskovicka. V\u0161em t\u0159em blahop\u0159ejeme a t\u00edm v\u00edce, proto\u017ee minulou st\u0159edu se jim plus dv\u011bma jejich t\u00fdmov\u00fdm koleg\u016fm dostalo dal\u0161\u00edho v\u00fdzna\u010dn\u00e9ho ocen\u011bn\u00ed&#8230;<\/span><\/strong><\/p>\n<figure id=\"attachment_7141\" aria-describedby=\"caption-attachment-7141\" style=\"width: 915px\" class=\"wp-caption alignnone\"><a href=\"http:\/\/www.moravecteam.cz\/?attachment_id=7141\" rel=\"attachment wp-att-7141\"><img decoding=\"async\" loading=\"lazy\" class=\" wp-image-7141\" alt=\"IMG_3658\" src=\"http:\/\/www.moravecteam.cz\/wp-content\/uploads\/2017\/02\/IMG_3658.jpg\" width=\"915\" height=\"871\" srcset=\"https:\/\/www.moravecteam.cz\/wp-content\/uploads\/2017\/02\/IMG_3658.jpg 915w, https:\/\/www.moravecteam.cz\/wp-content\/uploads\/2017\/02\/IMG_3658-25x25.jpg 25w, https:\/\/www.moravecteam.cz\/wp-content\/uploads\/2017\/02\/IMG_3658-300x285.jpg 300w\" sizes=\"(max-width: 915px) 100vw, 915px\" \/><\/a><figcaption id=\"caption-attachment-7141\" class=\"wp-caption-text\">\u017de m\u00e1 Ani\u010dka za sebou TOP sez\u00f3nu, o tom ji utvrdila sv\u00fdm uzn\u00e1n\u00edm i pan\u00ed sen\u00e1torka!<\/figcaption><\/figure>\n<p style=\"text-align: justify;\">V\u00fdkony v lo\u0148sk\u00e9m roce juniora <span style=\"color: #800000;\"><strong>Dominika Prudka<\/strong><\/span>,\u00a0juniorky <strong><span style=\"color: #800000;\">Ad\u00e9ly \u0160af\u00e1\u0159ov\u00e9<\/span><\/strong>, kadetek <strong><span style=\"color: #800000;\">Anny Zem\u00e1nkov\u00e9<\/span> <\/strong>, <span style=\"color: #800000;\"><strong>Jany Tesa\u0159ov\u00e9<\/strong> <\/span>a star\u0161\u00edho \u017e\u00e1ka <span style=\"color: #800000;\"><strong>Tom\u00e1\u0161e Tlamku &#8222;Contadora&#8220;<\/strong><\/span> \u00a0neunikly pozornosti \u010derstv\u00e9 sen\u00e1torky Jarom\u00edry V\u00edtkov\u00e9, kter\u00e1 tyto na\u0161e elitn\u00ed snajpry pozvala minulou st\u0159edu \u00a0spolu s jejich doprovodem do sv\u00e9 nov\u00e9 region\u00e1ln\u00ed sen\u00e1torsk\u00e9 kancel\u00e1\u0159e, kterou m\u00e1 ji\u017e otev\u0159enou pro kontakt s voli\u010di v \u00fatuln\u00e9 boskovick\u00e9 Orlovn\u011b. \u010clenov\u00e9 na\u0161eho &#8222;\u00c1\u010dka&#8220; v\u0161ak nebyli kompletn\u00ed, proto\u017ee Dominik Prudek, Tom\u00e1\u0161 Tlamka &#8222;Contador&#8220; a Jana &#8222;D\u017eejn&#8220; Tesa\u0159ov\u00e1 za\u017e\u00edvali dal\u0161\u00ed d\u016fle\u017eitou \u010d\u00e1st zimn\u00ed p\u0159\u00edpravy na sez\u00f3nu 2017, kterou bylo v p\u0159\u00edpad\u011b Dominika soust\u0159ed\u011bn\u00ed v zahrani\u010d\u00ed a v p\u0159\u00edpad\u011b Jany s Tom\u00e1\u0161em zimn\u00ed soust\u0159ed\u011bn\u00ed v Jesen\u00edk\u00e1ch.<\/p>\n<figure id=\"attachment_7140\" aria-describedby=\"caption-attachment-7140\" style=\"width: 1536px\" class=\"wp-caption alignnone\"><a href=\"http:\/\/www.moravecteam.cz\/?attachment_id=7140\" rel=\"attachment wp-att-7140\"><img decoding=\"async\" loading=\"lazy\" class=\" wp-image-7140\" alt=\"IMG_3657\" src=\"http:\/\/www.moravecteam.cz\/wp-content\/uploads\/2017\/02\/IMG_36571.jpg\" width=\"1536\" height=\"1387\" srcset=\"https:\/\/www.moravecteam.cz\/wp-content\/uploads\/2017\/02\/IMG_36571.jpg 1536w, https:\/\/www.moravecteam.cz\/wp-content\/uploads\/2017\/02\/IMG_36571-300x270.jpg 300w, https:\/\/www.moravecteam.cz\/wp-content\/uploads\/2017\/02\/IMG_36571-1024x924.jpg 1024w\" sizes=\"(max-width: 1536px) 100vw, 1536px\" \/><\/a><figcaption id=\"caption-attachment-7140\" class=\"wp-caption-text\">Lenka Tlamkov\u00e1 zastoupila p\u0159i slavnostn\u00edm setk\u00e1n\u00ed s Mirkou V\u00edtkovou p\u0159i odm\u011b\u0148ov\u00e1n\u00ed za sv\u00e9ho syna, Tom\u00e1\u0161e Tlamku &#8222;Contadora&#8220;.<\/figcaption><\/figure>\n<p style=\"text-align: justify;\">Za Janu a Dom\u010du p\u0159evzal ocen\u011bn\u00ed nejen z rukou sen\u00e1torky vedouc\u00ed odd\u00edlu Petr Koudelka, kdy\u017e Mirce s oce\u0148ov\u00e1n\u00edm pom\u00e1hala i jej\u00ed \u010derstv\u00e1 \u00a0n\u00e1stupkyn\u011b\u00a0 na postu m\u00edstostarostky Boskovic, pan\u00ed Hamalov\u00e1. Za\u00a0Tom\u00e1\u0161e\u00a0velmi zdatn\u011b &#8222;zasko\u010dila&#8220; \u00a0jeho maminka Lenka Tlamkov\u00e1, no a s Ad\u00e9lou \u0160af\u00e1\u0159ovou a Annou Zem\u00e1nkovou se mohla pan\u00ed sen\u00e1torka pozdravit a t\u00edm ocen\u011bn\u00ed jim p\u0159edat osobn\u011b.\u00a0Od sen\u00e1torky jsme dostali je\u0161t\u011b na v\u00edc i milou t\u00fdmovou\u00a0 odm\u011bnu! R\u00e1di jsme si pak poslechli jej\u00ed vypr\u00e1v\u011bn\u00ed o prvn\u00edch zku\u0161enostech v roli sen\u00e1torky a s radost\u00ed kvitovali jej\u00ed uji\u0161t\u011bn\u00ed, \u017ee bl\u00ed\u017e\u00edc\u00edho se odd\u00edlov\u00e9ho plesu MORAVEC Teamu bude op\u011bt v\u00edtan\u00fdm a mil\u00fdm hostem!<\/p>\n<figure id=\"attachment_7142\" aria-describedby=\"caption-attachment-7142\" style=\"width: 759px\" class=\"wp-caption alignnone\"><a href=\"http:\/\/www.moravecteam.cz\/?attachment_id=7142\" rel=\"attachment wp-att-7142\"><img decoding=\"async\" loading=\"lazy\" class=\" wp-image-7142\" alt=\"IMG_3661\" src=\"http:\/\/www.moravecteam.cz\/wp-content\/uploads\/2017\/02\/IMG_3661.jpg\" width=\"759\" height=\"831\" srcset=\"https:\/\/www.moravecteam.cz\/wp-content\/uploads\/2017\/02\/IMG_3661.jpg 759w, https:\/\/www.moravecteam.cz\/wp-content\/uploads\/2017\/02\/IMG_3661-274x300.jpg 274w\" sizes=\"(max-width: 759px) 100vw, 759px\" \/><\/a><figcaption id=\"caption-attachment-7142\" class=\"wp-caption-text\">BB, nebo-li &#8222;boskovick\u00fd bombar\u010f\u00e1k&#8220; Ad\u00e9lka \u0160af\u00e1\u0159ov\u00e1. Mirka V\u00edtkov\u00e1 samoz\u0159ejm\u011b neopom\u011bla ocenit ani ji, by\u0165 u\u00fd neobl\u00e9k\u00e1 dres region\u00e1ln\u00edho cyklistick\u00e9ho t\u00fdmu.<\/figcaption><\/figure>\n","protected":false},"excerpt":{"rendered":"<p>St\u00e1le jsme je\u0161t\u011b v obdob\u00ed vyhla\u0161ov\u00e1n\u00ed nejlep\u0161\u00edch sportovc\u016f, \u010di jejich jin\u00fdch oce\u0148ov\u00e1n\u00ed, za\u00a0uplynul\u00fd rok 2016. &#8222;Smetanu u\u017e sl\u00edznul&#8220; Dominik Prudek, co by lo\u0148sk\u00fd nejlep\u0161\u00ed sportovec Lysic, v \u00fanor\u016f \u010dek\u00e1 obdobn\u00e1 dekorace Ani\u010dku Zem\u00e1nkovou na Bene\u0161ov\u011b a zm\u00ednit mus\u00edme i Ad\u00e9lu \u0160af\u00e1\u0159ovou, kter\u00e1 byla ned\u00e1vno v Kun\u0161t\u00e1t\u011b dekorov\u00e1na spolu s dal\u0161\u00edmi dev\u00edti nejlep\u0161\u00edmi sportovci regionu Blanenska &hellip; <a href=\"https:\/\/www.moravecteam.cz\/?p=7099\" class=\"more-link\">Pokra\u010dov\u00e1n\u00ed textu <span class=\"screen-reader-text\">Ocen\u011bn\u00ed od sen\u00e1torky!<\/span> <span class=\"meta-nav\">&rarr;<\/span><\/a><\/p>\n","protected":false},"author":3,"featured_media":7139,"comment_status":"open","ping_status":"closed","sticky":false,"template":"","format":"standard","meta":[],"categories":[13],"tags":[],"_links":{"self":[{"href":"https:\/\/www.moravecteam.cz\/index.php?rest_route=\/wp\/v2\/posts\/7099"}],"collection":[{"href":"https:\/\/www.moravecteam.cz\/index.php?rest_route=\/wp\/v2\/posts"}],"about":[{"href":"https:\/\/www.moravecteam.cz\/index.php?rest_route=\/wp\/v2\/types\/post"}],"author":[{"embeddable":true,"href":"https:\/\/www.moravecteam.cz\/index.php?rest_route=\/wp\/v2\/users\/3"}],"replies":[{"embeddable":true,"href":"https:\/\/www.moravecteam.cz\/index.php?rest_route=%2Fwp%2Fv2%2Fcomments&post=7099"}],"version-history":[{"count":7,"href":"https:\/\/www.moravecteam.cz\/index.php?rest_route=\/wp\/v2\/posts\/7099\/revisions"}],"predecessor-version":[{"id":7145,"href":"https:\/\/www.moravecteam.cz\/index.php?rest_route=\/wp\/v2\/posts\/7099\/revisions\/7145"}],"wp:featuredmedia":[{"embeddable":true,"href":"https:\/\/www.moravecteam.cz\/index.php?rest_route=\/wp\/v2\/media\/7139"}],"wp:attachment":[{"href":"https:\/\/www.moravecteam.cz\/index.php?rest_route=%2Fwp%2Fv2%2Fmedia&parent=7099"}],"wp:term":[{"taxonomy":"category","embeddable":true,"href":"https:\/\/www.moravecteam.cz\/index.php?rest_route=%2Fwp%2Fv2%2Fcategories&post=7099"},{"taxonomy":"post_tag","embeddable":true,"href":"https:\/\/www.moravecteam.cz\/index.php?rest_route=%2Fwp%2Fv2%2Ftags&post=7099"}],"curies":[{"name":"wp","href":"https:\/\/api.w.org\/{rel}","templated":true}]}}