{"id":7101,"date":"2017-01-29T23:10:02","date_gmt":"2017-01-29T22:10:02","guid":{"rendered":"http:\/\/www.moravecteam.cz\/?p=7101"},"modified":"2017-01-30T07:42:21","modified_gmt":"2017-01-30T06:42:21","slug":"po-pate-na-parketu","status":"publish","type":"post","link":"https:\/\/www.moravecteam.cz\/?p=7101","title":{"rendered":"Po p\u00e1t\u00e9 na parketu!"},"content":{"rendered":"<p style=\"text-align: justify;\"><span style=\"color: #800000;\"><strong>Ano, tak tro\u0161ku jubilejn\u00ed, p\u00e1t\u00fd cyklistick\u00fd ples MORAVEC Teamu, pohostil minulou sobotu \u00fatuln\u00fd kulturn\u00ed d\u016fm ve Velenov\u011b. A vysokou la\u0165ku t\u00e9to spole\u010densk\u00e9 akce z minul\u00fdch let, se ji\u017e l\u00e9ty zku\u0161en\u00e9mu a sehran\u00e9mu po\u0159adatelsk\u00e9mu t\u00fdmu mysl\u00edm, poda\u0159ilo udr\u017eet! Zapln\u011bn\u00fd s\u00e1l, tradi\u010dn\u011b v\u00fdborn\u00e1 hudba, tradi\u010dn\u011b bohat\u00e1 tombola (se zcela netradi\u010dn\u00ed jednou z hlavn\u00edch cen) a tradi\u010dn\u00ed pohodov\u00e1 atmosf\u00e9ra, protknut\u00e1 rozesm\u00e1t\u00fdmi tv\u00e1\u0159emi spokojen\u00fdch host\u016f, to byly st\u011b\u017eejn\u00ed znaky leto\u0161n\u00edho plesu cyklist\u016f. A kdy\u017e k tomu p\u0159ipo\u010dteme \u00fa\u010dast sportovn\u00edch \u010di spole\u010densk\u00fdch celebrit, je jasn\u00e9, \u017ee na ve\u010der posledn\u00ed soboty leto\u0161n\u00edho ledna budeme je\u0161t\u011b hodn\u011b dlouho vzpom\u00ednat!<\/strong><\/span><\/p>\n<figure id=\"attachment_7107\" aria-describedby=\"caption-attachment-7107\" style=\"width: 2000px\" class=\"wp-caption alignnone\"><a href=\"http:\/\/www.moravecteam.cz\/?attachment_id=7107\" rel=\"attachment wp-att-7107\"><img decoding=\"async\" loading=\"lazy\" class=\" wp-image-7107\" alt=\"IMG_3706\" src=\"http:\/\/www.moravecteam.cz\/wp-content\/uploads\/2017\/01\/IMG_3706.jpg\" width=\"2000\" height=\"1331\" srcset=\"https:\/\/www.moravecteam.cz\/wp-content\/uploads\/2017\/01\/IMG_3706.jpg 2000w, https:\/\/www.moravecteam.cz\/wp-content\/uploads\/2017\/01\/IMG_3706-300x199.jpg 300w, https:\/\/www.moravecteam.cz\/wp-content\/uploads\/2017\/01\/IMG_3706-1024x681.jpg 1024w\" sizes=\"(max-width: 2000px) 100vw, 2000px\" \/><\/a><figcaption id=\"caption-attachment-7107\" class=\"wp-caption-text\">Monika Kone\u010dn\u00e1 s Mark\u00e9tou \u0160af\u00e1\u0159ovou rozpohybovaly jubilejn\u00ed cyklistick\u00fd ples. Pr\u00e1v\u011b fr\u010d\u00ed &#8222;Tanec pt\u00e1\u010dat&#8220;!<\/figcaption><\/figure>\n<p style=\"text-align: justify;\">D\u011btskou \u010d\u00e1st plesu jsme pomysln\u011b odstartovali v 18.30 p\u0159i\u010dem\u017e kr\u00e1tce po &#8222;startovn\u00edm v\u00fdst\u0159elu&#8220; velmi rychle rozpohybovala p\u0159\u00edtomn\u00e9 (nejen) d\u011bti <strong><span style=\"color: #800000;\">Monika Kone\u010dn\u00e1<\/span><\/strong> spolu se sv\u00fdmi kolegyn\u011bmi. Na Mon\u010du letos skv\u011ble nav\u00e1zala <strong><span style=\"color: #800000;\">Mark\u00e9ta \u0160af\u00e1\u0159ov\u00e1<\/span><\/strong> kter\u00e1 za vydatn\u00e9 pomoci sv\u00fdch dvou dcer &#8211; Ad\u00e9lky a Verunky uvedla d\u011btskou \u010d\u00e1st host\u016f nejd\u0159\u00edve do &#8222;westernov\u00e9ho&#8220; varu a zakr\u00e1tko p\u0159\u00edtomn\u00e9 d\u011bti zcela vt\u00e1hla do t\u0159\u00ed nov\u00fdch her, kter\u00e9 m\u011bly p\u0159i na\u0161em cyklistick\u00e9m ples\u00e1n\u00ed (nebo plesov\u00e1n\u00ed?) &#8211; premi\u00e9ru! A v\u011b\u0159te, \u017ee se jednalo o premiru vezkrze vyda\u0159enou! D\u011bti p\u0159i nich odv\u00e1d\u011bly stejn\u011b maxim\u00e1ln\u00ed poctiv\u00e9 v\u00fdkony, jak\u00e9 u nich v\u00edd\u00e1v\u00e1me na MTB z\u00e1vodech &#8222;Vrchoviny&#8220;! Velk\u00fd d\u00edk Monice, Mark\u00e9t\u011b a jejich pomocn\u00edk\u016fm! Byly to ony, kdo vtiskly sv\u00fdmi aktivitami pro d\u011bti ve\u010deru ten spr\u00e1vn\u00fd r\u00e1z a sm\u011br!<\/p>\n<figure id=\"attachment_7108\" aria-describedby=\"caption-attachment-7108\" style=\"width: 1278px\" class=\"wp-caption alignnone\"><a href=\"http:\/\/www.moravecteam.cz\/?attachment_id=7108\" rel=\"attachment wp-att-7108\"><img decoding=\"async\" loading=\"lazy\" class=\" wp-image-7108\" alt=\"OLYMPUS DIGITAL CAMERA\" src=\"http:\/\/www.moravecteam.cz\/wp-content\/uploads\/2017\/01\/P1280432.jpg\" width=\"1278\" height=\"1103\" srcset=\"https:\/\/www.moravecteam.cz\/wp-content\/uploads\/2017\/01\/P1280432.jpg 1278w, https:\/\/www.moravecteam.cz\/wp-content\/uploads\/2017\/01\/P1280432-300x258.jpg 300w, https:\/\/www.moravecteam.cz\/wp-content\/uploads\/2017\/01\/P1280432-1024x883.jpg 1024w\" sizes=\"(max-width: 1278px) 100vw, 1278px\" \/><\/a><figcaption id=\"caption-attachment-7108\" class=\"wp-caption-text\">Sv\u016fj kum\u0161t host\u016fm p\u0159edv\u00e1d\u00ed \u010dty\u0159i borci z cyklistick\u00e9ho odd\u00edlu ve Svit\u00e1vce pod taktovkou tren\u00e9ra Milana Chlupa.<\/figcaption><\/figure>\n<p style=\"text-align: justify;\">Do v\u00fdborn\u011b rozjet\u00e9 &#8222;race&#8220; skv\u011ble nasko\u010dili i \u010dty\u0159i mlad\u00ed \u0161ampi\u00f3ni v kolov\u00e9 z uzn\u00e1van\u00e9ho cyklistick\u00e9ho klubu ve Svit\u00e1vce. Do Velenova je sice nakonec nedoprovodil Radim Haso\u0148 (mistr sv\u011bta v kolov\u00e9 z r. 2008 &#8211; omluvil se nakonec z \u010d\u00e1ste\u010dn\u011b radostn\u00fdch rodinn\u00fdch d\u016fvod\u016f a \u010d\u00e1ste\u010dn\u011b ze zdravotn\u00edch d\u016fvod\u016f &#8211; a proto bohu\u017eel\u00a0odpadlo i druh\u00e9 vystoupen\u00ed v r\u00e1mci hlavn\u00ed \u010d\u00e1sti plesu), ale p. <strong><span style=\"color: #800000;\">Milan Chlup<\/span><\/strong>, jeden z tren\u00e9r\u016f talentovan\u00e9ho svit\u00e1veck\u00e9ho cyklistick\u00e9ho pot\u011bru. A v\u011bru \u017ee se bylo na co d\u00edvat. \u010cty\u0159i mlad\u00ed cyklist\u00e9 p\u0159edvedli velkou m\u00edru kum\u0161tu v kolov\u00e9, p\u0159i\u010dem\u017e jejich produkce byla o to slo\u017eit\u011bj\u0161\u00ed, \u017ee prostor s\u00e1lu zdaleka nedosahoval rozm\u011br\u016f klasick\u00e9ho h\u0159i\u0161t\u011b na kolovou&#8230; No a to by nebylo, aby si speci\u00e1ln\u00ed kola nevyzkou\u0161eli i \u010dlenov\u00e9 MORAVEC Teamu! A to by nebylo, aby cca po p\u011bti minut\u00e1ch nebyly se zcela netradi\u010dn\u00edmi speci\u00e1ly, jak se \u0159\u00edk\u00e1, jedna ruka! Bravo MORAVEC, bravo Svit\u00e1vka! D\u00edky moc pane Chlupe, d\u00edky moc pane Hasoni!<\/p>\n<figure id=\"attachment_7109\" aria-describedby=\"caption-attachment-7109\" style=\"width: 743px\" class=\"wp-caption alignnone\"><a href=\"http:\/\/www.moravecteam.cz\/?attachment_id=7109\" rel=\"attachment wp-att-7109\"><img decoding=\"async\" loading=\"lazy\" class=\" wp-image-7109\" alt=\"IMG_3783\" src=\"http:\/\/www.moravecteam.cz\/wp-content\/uploads\/2017\/01\/IMG_3783.jpg\" width=\"743\" height=\"600\" srcset=\"https:\/\/www.moravecteam.cz\/wp-content\/uploads\/2017\/01\/IMG_3783.jpg 743w, https:\/\/www.moravecteam.cz\/wp-content\/uploads\/2017\/01\/IMG_3783-300x242.jpg 300w\" sizes=\"(max-width: 743px) 100vw, 743px\" \/><\/a><figcaption id=\"caption-attachment-7109\" class=\"wp-caption-text\">Mirka V\u00edtkov\u00e1 si sobotu u\u017e\u00edvala tak \u0159\u00edkaj\u00edc &#8222;z druh\u00e9 strany&#8220;. Pravda, taky oce\u0148ovala, ale byla taky t\u0159ikr\u00e1t ocen\u011bn\u00e1!<\/figcaption><\/figure>\n<p style=\"text-align: justify;\">D\u011btsk\u00e1 \u010d\u00e1st ve\u010dera vyvrcholila p\u0159ed\u00e1v\u00e1n\u00edm cen pro t\u0159i nejlep\u0161\u00ed lo\u0148sk\u00e9ho MTB Poh\u00e1ru Drahansk\u00e9 vrchoviny v po\u0159ad\u00ed OBCE. O prvn\u00ed \u010dty\u0159i nejmlad\u0161\u00ed kategorie se vzorn\u011b postaral m\u00edstn\u00ed starosta <strong><span style=\"color: #800000;\">Honza Havelka<\/span><\/strong>, jedna z celebrit sobotn\u00edho ve\u010dera a \u010dlov\u011bk, d\u00edky kter\u00e9mu jsme mohli vyu\u017e\u00edt kulturn\u00edho domu ve Velenov\u011b za zcela exluzivn\u00edch podm\u00ednek! D\u00edky moc i Tob\u011b, Honzo! Proto\u017ee v cca 19.30 dorazily na n\u00e1\u0161 slavnostn\u00ed ve\u010der dal\u0161\u00ed dv\u011b v\u00fdzna\u010dn\u00e9 osobnosti, na\u0161i velc\u00ed kamar\u00e1di \u00a0&#8211; <strong><span style=\"color: #800000;\">Evi\u010dka Bartol\u0161ic-MORAVCOV\u00c1 s V\u00edtkem Bartol\u0161icem<\/span><\/strong>, byla to pr\u00e1v\u011b &#8222;mal\u00e1 Eva&#8220;, kter\u00e1 Honzu Havelku vyst\u0159\u00eddala na pozici l\u00eddra v p\u0159ed\u00e1v\u00e1n\u00ed cen nejlep\u0161\u00edm d\u011btem z po\u0159\u00e1daj\u00edc\u00edch obc\u00ed v dal\u0161\u00edch \u010dty\u0159ech kategori\u00edch. Mlad\u0161\u00ed \u017e\u00e1ky a \u017e\u00e1kyn\u011b spolu se star\u0161\u00edmi \u017e\u00e1ky a \u017e\u00e1kyn\u011bmi v z\u00e1v\u011bre\u010dn\u00e9 f\u00e1zi slavnostn\u00edho ceremoni\u00e1lu dekorovala \u010derstv\u00e1 sen\u00e1torka a dal\u0161\u00ed na\u0161e velk\u00e1 kamar\u00e1dka <strong><span style=\"color: #800000;\">Mirka V\u00edtkov\u00e1<\/span><\/strong>, kter\u00e1 si samotn\u00e1 kr\u00e1tce p\u0159ed t\u00edm u\u017e\u00edvala chvilky sl\u00e1vy p\u0159\u00edmo na &#8222;bedn\u011b&#8220;, kdy\u017e p\u0159eb\u00edrala ceny za sv\u00e9 omluven\u00e9, a na lo\u0148sk\u00e9 &#8222;Vrchovin\u011b&#8220; velmi \u00fasp\u011b\u0161n\u00e9 vnu\u010dky, Kl\u00e1rku a Ad\u00e9lku V\u011brn\u00fdch. Nemus\u00edm p\u0159ipom\u00ednat, \u017ee d\u011btsk\u00e1 \u010d\u00e1st plesu vrcholila &#8222;rozborkou&#8220; v\u00fdhern\u00edch cen a losov\u00e1n\u00edm hlavn\u00ed tomboly, kterou zcela opanovala ziskem dvou hlavn\u00edch v\u00fdher, dvoj\u010d\u00e1tka Magdal\u00e9nka a Maru\u0161ka Barto\u0161ovic z Doln\u00ed Lhoty u Blanska. Holky tak v sobotu ve\u010der pomysln\u011b nav\u00e1zaly na n\u011bkolikan\u00e1sobn\u00e9 &#8222;double&#8220;, kter\u00e9 se jim loni poda\u0159ilo i v r\u00e1mci MTB &#8222;Vrchoviny&#8220;!<\/p>\n<figure id=\"attachment_7110\" aria-describedby=\"caption-attachment-7110\" style=\"width: 1532px\" class=\"wp-caption alignnone\"><a href=\"http:\/\/www.moravecteam.cz\/?attachment_id=7110\" rel=\"attachment wp-att-7110\"><img decoding=\"async\" loading=\"lazy\" class=\" wp-image-7110\" alt=\"OLYMPUS DIGITAL CAMERA\" src=\"http:\/\/www.moravecteam.cz\/wp-content\/uploads\/2017\/01\/P1290528.jpg\" width=\"1532\" height=\"1061\" srcset=\"https:\/\/www.moravecteam.cz\/wp-content\/uploads\/2017\/01\/P1290528.jpg 1532w, https:\/\/www.moravecteam.cz\/wp-content\/uploads\/2017\/01\/P1290528-300x207.jpg 300w, https:\/\/www.moravecteam.cz\/wp-content\/uploads\/2017\/01\/P1290528-1024x709.jpg 1024w\" sizes=\"(max-width: 1532px) 100vw, 1532px\" \/><\/a><figcaption id=\"caption-attachment-7110\" class=\"wp-caption-text\">&#8222;Ken\u0165\u00e1ci v pln\u00e9 rychlosti na trati sobotn\u00ed race&#8220;. Podobn\u011b jako borci a borky MORAVEC Teamu, &#8222;zejeli z\u00e1vod&#8220; skv\u011ble!<\/figcaption><\/figure>\n<p style=\"text-align: justify;\">Kdy\u017e asi v 21.30 (s tradi\u010dn\u00edm m\u00edrn\u00fdm skluzem &#8211; pro d\u011bn\u00ed kolem &#8222;Vrchoviny&#8220; u\u017e asi tradi\u010dn\u00ed, pr\u016fvodn\u00ed jev ) starosta Velenova Honza Havelka slavnostn\u011b zah\u00e1jil hlavn\u00ed \u010d\u00e1st plesu, bylo z navozen\u00e9 atmosf\u00e9ry v\u00edc ne\u017e jasn\u00e9, \u017ee to i letos bude op\u011bt po\u0159\u00e1dn\u00fd &#8222;fi\u010d\u00e1k&#8220;! O to se postarala hlavn\u011b na\u0161e tradi\u010dn\u00ed, snad se d\u00e1 u\u017e \u00a0\u0159\u00edct, \u017ee na\u0161e tak\u0159ka &#8222;dvorn\u00ed&#8220; kapela, <strong><span style=\"color: #800000;\">Trio Kent<\/span><\/strong> z Petrovic. L\u00eddr hudebn\u00edho uskupen\u00ed, pan Dvo\u0159\u00e1\u010dek, je\u00a0 nejen renesan\u010dn\u00edm mu\u017eem, ale i mu\u017eem inovativn\u00edm, kdy\u017e se se sv\u00fdmi rodinn\u00fdmi par\u0165\u00e1ky bl\u00fdsklnul n\u011bkolika bravurn\u00edmi novinkami. Jimi excelentn\u011b zvl\u00e1dnut\u00e9 docela n\u00e1ro\u010dn\u00e9 party skupiny Chinaski &#8211; &#8222;Hlavolam&#8220; a &#8222;Slovensk\u00fd kl\u00edn&#8220;, n\u00e1s vskutku pot\u011b\u0161ily, a \u017ee se jim v\u011bru tyto dva songy \u00a0povedly! D\u00edky moc i &#8222;Ken\u0165\u00e1k\u016fm&#8220;! Byli op\u011bt t\u00edm prav\u00fdm b\u00e1lov\u00fdm ko\u0159en\u00edm!<\/p>\n<figure id=\"attachment_7111\" aria-describedby=\"caption-attachment-7111\" style=\"width: 1270px\" class=\"wp-caption alignnone\"><a href=\"http:\/\/www.moravecteam.cz\/?attachment_id=7111\" rel=\"attachment wp-att-7111\"><img decoding=\"async\" loading=\"lazy\" class=\" wp-image-7111\" alt=\"IMG_3992\" src=\"http:\/\/www.moravecteam.cz\/wp-content\/uploads\/2017\/01\/IMG_3992.jpg\" width=\"1270\" height=\"1442\" srcset=\"https:\/\/www.moravecteam.cz\/wp-content\/uploads\/2017\/01\/IMG_3992.jpg 1270w, https:\/\/www.moravecteam.cz\/wp-content\/uploads\/2017\/01\/IMG_3992-264x300.jpg 264w, https:\/\/www.moravecteam.cz\/wp-content\/uploads\/2017\/01\/IMG_3992-901x1024.jpg 901w\" sizes=\"(max-width: 1270px) 100vw, 1270px\" \/><\/a><figcaption id=\"caption-attachment-7111\" class=\"wp-caption-text\">Maru\u0161ka Zouharov\u00e1: Ano, n\u00e1poje, ob\u010derstven\u00ed a v\u016fbec catering od pana Petra Kone\u010dnho je v\u017edycky bezchybn\u00fd!<\/figcaption><\/figure>\n<p style=\"text-align: justify;\">O bohatou n\u00e1v\u0161t\u011bvnickou kulisu se po str\u00e1nce ob\u010dersven\u00ed op\u011bt vzorn\u011b postarali man\u017eel\u00e9 <strong><span style=\"color: #800000;\">Petr a Vlasta Kone\u010dn\u00ed<\/span><\/strong>, kte\u0159\u00ed nakonec museli &#8211; oproti pl\u00e1nu &#8211; opustit st\u016fl pro hosty a vypomci obslu\u017en\u00e9mu person\u00e1lu neb host\u016f bylo na leto\u0161n\u00edm cyklistick\u00e9m b\u00e1le nad pr\u016fm\u011br! V\u0161ak se po v\u00fdborn\u00fdch \u0159\u00edzc\u00edch jenom &#8222;zapr\u00e1\u0161ilo&#8220; (zbyly pouze dva&#8230;)&#8230; Nav\u00edc Petr Kone\u010dn\u00fd poskytuje ji\u017e l\u00e9ta cateringov\u00e9 slu\u017eby pro MORAVEC prakticky nezji\u0161tn\u011b, sponzorsky&#8230; Petrovi Kone\u010dn\u00e9mu pat\u0159\u00ed t\u00edmto od n\u00e1s speci\u00e1ln\u00ed pod\u011bkov\u00e1n\u00ed, jak se \u0159\u00edk\u00e1 v z\u00e1padn\u00ed polovin\u011b sv\u011bta &#8211; &#8222;special thanks&#8220;&#8230;<\/p>\n<figure id=\"attachment_7112\" aria-describedby=\"caption-attachment-7112\" style=\"width: 1358px\" class=\"wp-caption alignnone\"><a href=\"http:\/\/www.moravecteam.cz\/?attachment_id=7112\" rel=\"attachment wp-att-7112\"><img decoding=\"async\" loading=\"lazy\" class=\" wp-image-7112\" alt=\"IMG_3929\" src=\"http:\/\/www.moravecteam.cz\/wp-content\/uploads\/2017\/01\/IMG_3929.jpg\" width=\"1358\" height=\"894\" srcset=\"https:\/\/www.moravecteam.cz\/wp-content\/uploads\/2017\/01\/IMG_3929.jpg 1358w, https:\/\/www.moravecteam.cz\/wp-content\/uploads\/2017\/01\/IMG_3929-300x197.jpg 300w, https:\/\/www.moravecteam.cz\/wp-content\/uploads\/2017\/01\/IMG_3929-1024x674.jpg 1024w\" sizes=\"(max-width: 1358px) 100vw, 1358px\" \/><\/a><figcaption id=\"caption-attachment-7112\" class=\"wp-caption-text\">P\u0159em\u00fd\u0161liv\u00fd a n\u00e1padit\u00fd Karel V\u0161etula zvan\u00fd &#8222;Rolling Stone&#8220; pr\u00e1v\u011b p\u0159edal ceny v\u00edt\u011bz\u016fm sout\u011b\u017ee &#8222;Sn\u011bhul\u00e1k&#8220;, kterou vymyslel a p\u0159ipravil.<\/figcaption><\/figure>\n<p style=\"text-align: justify;\">A je\u0161t\u011b jedna &#8222;d\u011bkova\u010dka&#8220;&#8230; P\u0159em\u00fd\u0161liv\u00fd, podnikav\u00fd a nov\u00e1torsk\u00fd <strong><span style=\"color: #800000;\">Karel V\u0161etula<\/span><\/strong> vyhl\u00e1sil d\u011btem celove\u010dern\u00ed hru jej\u00edm\u017e principem bylo \u00a0naj\u00edt mezi asi t\u0159ic\u00edtkou identick\u00fdch vkusn\u00fdch p\u0159ekli\u017ekov\u00fdch sn\u011bhul\u00e1\u010dk\u016f, kter\u00e9 zdobily stoly plesov\u00fdch host\u016f, \u010dty\u0159i odli\u0161n\u00e9, tro\u0161ku jina\u010d\u00ed. Sout\u011b\u017eilo \u0161est state\u010dn\u00fdch a nejlep\u0161\u00ed \u00a0t\u0159i z nich byli samoz\u0159ej\u011b odm\u011bn\u011bni&#8230; A byli to samoz\u0159ejm\u011b MORAVCI! Tak\u017ee d\u00edky moc i Karlovi, kter\u00fd m\u00e1 jako jeden z m\u00e1la v odd\u00edle i indi\u00e1nskou formu odd\u00edlov\u00e9ho jm\u00e9na: d\u00edky &#8222;Val\u00edc\u00edmu Se Kameni&#8220; za origin\u00e1ln\u00ed zpest\u0159en\u00ed ve\u010dera!<\/p>\n<figure id=\"attachment_7113\" aria-describedby=\"caption-attachment-7113\" style=\"width: 2048px\" class=\"wp-caption alignnone\"><a href=\"http:\/\/www.moravecteam.cz\/?attachment_id=7113\" rel=\"attachment wp-att-7113\"><img decoding=\"async\" loading=\"lazy\" class=\" wp-image-7113\" alt=\"IMG_3686\" src=\"http:\/\/www.moravecteam.cz\/wp-content\/uploads\/2017\/01\/IMG_3686.jpg\" width=\"2048\" height=\"1536\" srcset=\"https:\/\/www.moravecteam.cz\/wp-content\/uploads\/2017\/01\/IMG_3686.jpg 2048w, https:\/\/www.moravecteam.cz\/wp-content\/uploads\/2017\/01\/IMG_3686-300x225.jpg 300w, https:\/\/www.moravecteam.cz\/wp-content\/uploads\/2017\/01\/IMG_3686-1024x768.jpg 1024w\" sizes=\"(max-width: 2048px) 100vw, 2048px\" \/><\/a><figcaption id=\"caption-attachment-7113\" class=\"wp-caption-text\">Foto cen hlavn\u00ed tomboly je ze p\u00e1tku, tak\u017ee na n\u011bm chyb\u00ed nejen Sup(erior), kter\u00fd &#8222;p\u0159ilet\u011bl&#8220; na sv\u00e9 m\u00edsto a\u017e v sobotu p\u0159ed plesem, ale i kanec &#8222;lon\u010d\u00e1k&#8220;, kter\u00fd se v t\u00e9 dob\u011b je\u0161t\u011b soust\u0159edil v lese na sv\u00e9 sobotn\u00ed vystoupen\u00ed&#8230;<\/figcaption><\/figure>\n<p style=\"text-align: justify;\">Ne\u017e jsme se nad\u00e1li, byla zde nult\u00e1 hodina a ze soboty jsme se p\u0159eklopili do ned\u011ble&#8230; Proto\u017ee sponzo\u0159i leto\u0161n\u00ed tomboly \u00a0n\u00e1m byli letos velmi naklon\u011bn\u00ed a d\u00edky nim jsme monitorovali v cen\u00e1ch nejen kvantitu, ale i kvalitu, nebylo divu, \u017ee po losech se jenom zapr\u00e1\u0161ilo!\u00a0Losov\u00e1n\u00ed a p\u0159ed\u00e1v\u00e1n\u00ed\u00a0cen jsme letos \u0159e\u0161ili\u00a0v opa\u010dn\u00e9m gardu: zku\u0161en\u00e1 losovatelka a p\u0159edsedkyn\u011b na\u0161eho FAN &#8211; Clubu, Maru\u0161ka Zouharov\u00e1 nejd\u0159\u00edve vylosovala dvac\u00edtku \u0161\u0165astn\u00fdch v\u00fdherc\u016f cen v hlavn\u00ed tombole\u00a0a pak jsme teprve spustili (u\u017e op\u011bt za hudebn\u00ed produkce &#8222;Ken\u0165\u00e1k\u016f&#8220;) &#8222;rozborku&#8220; tomboly v\u00fdhern\u00edch los\u016f. Vzhledem k velk\u00e9mu mno\u017estv\u00ed cen si opravdu nedovedu p\u0159edstavit, \u017ee bychom takovou bohatou\u00a0nad\u00edlku \u0159e\u0161ili klasick\u00fdm losov\u00e1n\u00edm&#8230; To bychom byli ve velenovsk\u00e9m kultur\u00e1ku asi je\u0161t\u011b te\u010f&#8230;<\/p>\n<figure id=\"attachment_7114\" aria-describedby=\"caption-attachment-7114\" style=\"width: 1322px\" class=\"wp-caption alignnone\"><a href=\"http:\/\/www.moravecteam.cz\/?attachment_id=7114\" rel=\"attachment wp-att-7114\"><img decoding=\"async\" loading=\"lazy\" class=\" wp-image-7114\" alt=\"IMG_3996\" src=\"http:\/\/www.moravecteam.cz\/wp-content\/uploads\/2017\/01\/IMG_3996.jpg\" width=\"1322\" height=\"1322\" srcset=\"https:\/\/www.moravecteam.cz\/wp-content\/uploads\/2017\/01\/IMG_3996.jpg 1322w, https:\/\/www.moravecteam.cz\/wp-content\/uploads\/2017\/01\/IMG_3996-25x25.jpg 25w, https:\/\/www.moravecteam.cz\/wp-content\/uploads\/2017\/01\/IMG_3996-300x300.jpg 300w, https:\/\/www.moravecteam.cz\/wp-content\/uploads\/2017\/01\/IMG_3996-1024x1024.jpg 1024w\" sizes=\"(max-width: 1322px) 100vw, 1322px\" \/><\/a><figcaption id=\"caption-attachment-7114\" class=\"wp-caption-text\">Kola Superior sedlaj\u00ed jenom skute\u010dn\u00ed cyklisti\u010dt\u00ed kanci!<\/figcaption><\/figure>\n<p style=\"text-align: justify;\">Ale vra\u0165me se zp\u011bt k losov\u00e1n\u00ed hlavn\u00edch cen. Respektive k druh\u00e9 hlavn\u00ed cen\u011b v po\u0159ad\u00ed, kterou byl divok\u00fd kanec v dresu MORAVEC Teamu (hled\u00e1te-li v tom n\u011bjakou spojitost, ponech\u00e1v\u00e1m prostor jen a jen va\u0161\u00ed fantazii), padnouc\u00ed p\u0159esn\u011b m\u00ed\u0159enou ranou n\u011bkoho ze skupiny st\u0159elc\u016f na\u0161eho nov\u00e9ho partnera p. Josefa Hlav\u00e1\u010dka ze Sudic. \u017de n\u00e1m zv\u011b\u0159inov\u00e9 ceny domluvil (krom\u011b ka\u0148oura to byli je\u0161t\u011b dva ba\u017eanti) <strong><span style=\"color: #800000;\">Petr Kone\u010dn\u00fd<\/span><\/strong>, nemus\u00edm zd\u016fraz\u0148ovat&#8230; Je\u0161t\u011b jednou Petrovi velk\u00fd d\u00edk! Tak jako v d\u011btsk\u00e9 tombole, i v dosp\u011bl\u00e9 n\u00e1s pot\u011b\u0161ilo, \u017ee MORAVEC bral &#8222;double&#8220;, A co se t\u00fd\u010de hlavn\u00ed ceny? Supr trekov\u00e9 kolo dodal do tomboly \u010derstv\u00fd nov\u00fd partner MORAVEC Teamu a MTB Poh\u00e1ru Drahansk\u00e9 vrchoviny &#8211; firma Superior, kterou zastupuj\u00ed v JmK prodejny BB Cyklosport v \u010cesk\u00e9 u Brna a Pop\u016fvk\u00e1ch u Brna. D\u00edky moc i V\u00e1m kluci, <span style=\"color: #800000;\"><strong>Ale\u0161i <\/strong><\/span>\u00a0a <span style=\"color: #800000;\"><strong>Luk\u00e1\u0161i<\/strong><span style=\"color: #000000;\">!<\/span><\/span><\/p>\n<figure id=\"attachment_7115\" aria-describedby=\"caption-attachment-7115\" style=\"width: 1694px\" class=\"wp-caption alignnone\"><a href=\"http:\/\/www.moravecteam.cz\/?attachment_id=7115\" rel=\"attachment wp-att-7115\"><img decoding=\"async\" loading=\"lazy\" class=\" wp-image-7115\" alt=\"OLYMPUS DIGITAL CAMERA\" src=\"http:\/\/www.moravecteam.cz\/wp-content\/uploads\/2017\/01\/P1290548.jpg\" width=\"1694\" height=\"1286\" srcset=\"https:\/\/www.moravecteam.cz\/wp-content\/uploads\/2017\/01\/P1290548.jpg 1694w, https:\/\/www.moravecteam.cz\/wp-content\/uploads\/2017\/01\/P1290548-300x227.jpg 300w, https:\/\/www.moravecteam.cz\/wp-content\/uploads\/2017\/01\/P1290548-1024x777.jpg 1024w\" sizes=\"(max-width: 1694px) 100vw, 1694px\" \/><\/a><figcaption id=\"caption-attachment-7115\" class=\"wp-caption-text\">Jede, jede ma\u0161inka&#8230; Ran\u00ed d\u011blnick\u00e1 linka Velenov &#8211; Vladivostok&#8230; Na\u0161t\u011bst\u00ed se j\u00ed nekou\u0159ilo z kom\u00ednka (lokomotiva byla elektrick\u00e1), tak\u017ee nebylo t\u0159eba s\u00e1l nijak zvl\u00e1\u0161\u0165 odv\u011btr\u00e1vat&#8230;<\/figcaption><\/figure>\n<p style=\"text-align: justify;\">No a pak u\u017e tady byla druh\u00e1 hodina rann\u00ed a s n\u00ed &#8222;c\u00edlov\u00e1 rovinka&#8220; leto\u0161n\u00edho cyklistick\u00e9ho plesu. Po\u010detn\u00e1 skupina vytrvalc\u016f (nejen) MORAVC\u016e se fini\u0161e do\u017eila v obstojn\u00e9 sv\u011b\u017eesti, co\u017e sv\u011bd\u010d\u00ed o jejich v\u00fdborn\u00e9 tr\u00e9novanosti po v\u0161ech str\u00e1nk\u00e1ch! Po t\u0159et\u00ed hodin\u011b &#8222;Ken\u0165\u00e1ci&#8220; odm\u00e1vli &#8222;race&#8220; p\u0159il\u00e9hav\u00fdm songem &#8222;N\u011bkdy p\u0159\u00ed\u0161t\u011b&#8220; (v origin\u00e1le ho hraj\u00ed pro zm\u011bnu &#8222;Ka\u0165\u00e1ci&#8220;) no a my u\u017e to p\u0159\u00ed\u0161t\u011b samoz\u0159ejm\u011b v\u00edme. Bude to do roka a do dne &#8211; v sobotu 27.1. 2018! Krom\u011b d\u011bkova\u010dek, kter\u00e9 jsem uvedl v textu, vysek\u00e1v\u00e1m d\u011bkovnou poklonu i v\u0161em, kter\u00e9 jsem jmenovit\u011b nezm\u00ednil, ale jejich\u017e &#8222;neviditeln\u00e1&#8220; bezchybn\u00e1 funkce &#8222;mal\u00fdch kole\u010dek&#8220; byla hodn\u011b kl\u00ed\u010dov\u00e1 pro bezporuchov\u00fd chod dob\u0159e &#8222;promazan\u00e9ho&#8220; po\u0159adatelsk\u00e9ho &#8222;strojku&#8220;! Zde mrkn\u011bte na <strong><a href=\"http:\/\/moravecteam.rajce.idnes.cz\/2017.01.28_ples_Moravec_Team_Velenov\/\">prvn\u00ed fotogalerii<\/a><\/strong> a zde na <strong><a href=\"http:\/\/moravecteam.rajce.idnes.cz\/2017.01.28_ples_Moravec_Team_Velenov_-_2\/\">druhou fotogalerii<\/a><\/strong>&#8230; Ob\u011b snad potvrzuj\u00ed v\u00fd\u0161e popsan\u00e9&#8230;<\/p>\n<p style=\"text-align: justify;\">\n","protected":false},"excerpt":{"rendered":"<p>Ano, tak tro\u0161ku jubilejn\u00ed, p\u00e1t\u00fd cyklistick\u00fd ples MORAVEC Teamu, pohostil minulou sobotu \u00fatuln\u00fd kulturn\u00ed d\u016fm ve Velenov\u011b. A vysokou la\u0165ku t\u00e9to spole\u010densk\u00e9 akce z minul\u00fdch let, se ji\u017e l\u00e9ty zku\u0161en\u00e9mu a sehran\u00e9mu po\u0159adatelsk\u00e9mu t\u00fdmu mysl\u00edm, poda\u0159ilo udr\u017eet! Zapln\u011bn\u00fd s\u00e1l, tradi\u010dn\u011b v\u00fdborn\u00e1 hudba, tradi\u010dn\u011b bohat\u00e1 tombola (se zcela netradi\u010dn\u00ed jednou z hlavn\u00edch cen) a tradi\u010dn\u00ed pohodov\u00e1 &hellip; <a href=\"https:\/\/www.moravecteam.cz\/?p=7101\" class=\"more-link\">Pokra\u010dov\u00e1n\u00ed textu <span class=\"screen-reader-text\">Po p\u00e1t\u00e9 na parketu!<\/span> <span class=\"meta-nav\">&rarr;<\/span><\/a><\/p>\n","protected":false},"author":3,"featured_media":7106,"comment_status":"open","ping_status":"closed","sticky":false,"template":"","format":"standard","meta":[],"categories":[13],"tags":[],"_links":{"self":[{"href":"https:\/\/www.moravecteam.cz\/index.php?rest_route=\/wp\/v2\/posts\/7101"}],"collection":[{"href":"https:\/\/www.moravecteam.cz\/index.php?rest_route=\/wp\/v2\/posts"}],"about":[{"href":"https:\/\/www.moravecteam.cz\/index.php?rest_route=\/wp\/v2\/types\/post"}],"author":[{"embeddable":true,"href":"https:\/\/www.moravecteam.cz\/index.php?rest_route=\/wp\/v2\/users\/3"}],"replies":[{"embeddable":true,"href":"https:\/\/www.moravecteam.cz\/index.php?rest_route=%2Fwp%2Fv2%2Fcomments&post=7101"}],"version-history":[{"count":16,"href":"https:\/\/www.moravecteam.cz\/index.php?rest_route=\/wp\/v2\/posts\/7101\/revisions"}],"predecessor-version":[{"id":7127,"href":"https:\/\/www.moravecteam.cz\/index.php?rest_route=\/wp\/v2\/posts\/7101\/revisions\/7127"}],"wp:featuredmedia":[{"embeddable":true,"href":"https:\/\/www.moravecteam.cz\/index.php?rest_route=\/wp\/v2\/media\/7106"}],"wp:attachment":[{"href":"https:\/\/www.moravecteam.cz\/index.php?rest_route=%2Fwp%2Fv2%2Fmedia&parent=7101"}],"wp:term":[{"taxonomy":"category","embeddable":true,"href":"https:\/\/www.moravecteam.cz\/index.php?rest_route=%2Fwp%2Fv2%2Fcategories&post=7101"},{"taxonomy":"post_tag","embeddable":true,"href":"https:\/\/www.moravecteam.cz\/index.php?rest_route=%2Fwp%2Fv2%2Ftags&post=7101"}],"curies":[{"name":"wp","href":"https:\/\/api.w.org\/{rel}","templated":true}]}}