{"id":7131,"date":"2017-01-30T13:11:26","date_gmt":"2017-01-30T12:11:26","guid":{"rendered":"http:\/\/www.moravecteam.cz\/?p=7131"},"modified":"2017-01-30T20:17:11","modified_gmt":"2017-01-30T19:17:11","slug":"co-se-bude-dit-st05-2","status":"publish","type":"post","link":"https:\/\/www.moravecteam.cz\/?p=7131","title":{"rendered":"Co se bude d\u00edt? (ST05)"},"content":{"rendered":"<h5><span style=\"color: #800000;\"><strong>St\u0159eda 1.2. 2017<\/strong><\/span><\/h5>\n<p style=\"text-align: justify;\">\u010ctvrt\u00fdm\u00a0cvi\u010den\u00edm v r. 2017 d\u011bt\u00ed do 12-ti let v bene\u0161ovsk\u00e9 t\u011blocvi\u010dn\u011b nav\u00e1\u017eeme na p\u0159etr\u017eenou nit\u00a0pravideln\u00fdch st\u0159ede\u010dn\u00edch tr\u00e9nink\u016f v\u00a0r\u00e1mci b\u011b\u017e\u00edc\u00ed zimn\u00ed p\u0159\u00edpravy. &#8222;Koudelkovy kapky&#8220; bude d\u00e1vkovat, resp. cvi\u010den\u00ed \u00a0povede\u00a0Petr\u00a0\u00a0\u00a0a &#8222;mrskat&#8220; s\u00a0sebou budeme tradi\u010dn\u011b od 16.30 do 18.30 hodin.<\/p>\n<h5><span style=\"color: #800000;\"><strong>P\u00e1tek 3.2. 2017<\/strong><\/span><\/h5>\n<p style=\"text-align: justify;\">\u010ctvrt\u00e9\u00a0cvi\u010den\u00ed v r. 2017 v bene\u0161ovsk\u00e9 t\u011blocvi\u010dn\u011b v r\u00e1mci zimn\u00ed p\u0159\u00edpravy &#8211; ob\u00e1van\u00e9 &#8222;Prudkov\u00e9 kapky&#8220;. Cvi\u010den\u00ed povede op\u011bt Iv\u010da Prudkov\u00e1,\u00a0 a &#8222;mrskat&#8220; s sebou budeme od 18.00 do 20.00 hodin.<\/p>\n<h5><span style=\"color: #800000;\"><strong>Sobota\u00a04.2. 2017<\/strong><\/span><\/h5>\n<p style=\"text-align: justify;\">Po n\u011bkolika na sn\u00edh chudobn\u00fdch zim se asi ly\u017ea\u0159i b\u011b\u017eci v regionu do\u010dkaj\u00ed. Je napl\u00e1nov\u00e1na tradi\u010dn\u00ed &#8222;Ko\u0159eneck\u00e1 ly\u017ee&#8220; a vezmeme-li v \u00favahu, \u017ee hodn\u011b na\u0161ich m\u00e1 za sebou vydatnou, ly\u017ea\u0159sko-b\u011b\u017eeckou p\u0159\u00edpravu v Jesen\u00edk\u00e1ch, ur\u010dit\u011b bychom nemuseli hr\u00e1t na Ko\u0159enci v\u016fbec \u017e\u00e1dn\u00e9 \u00a0&#8222;druh\u00e9 housle&#8220;&#8230; Mrkn\u011bte na propozice: <strong><a href=\"http:\/\/www.moravecteam.cz\/?attachment_id=7133\" rel=\"attachment wp-att-7133\">Ly\u017ea\u0159sk\u00e9+z\u00e1vody+2017<\/a><\/strong><\/p>\n","protected":false},"excerpt":{"rendered":"<p>St\u0159eda 1.2. 2017 \u010ctvrt\u00fdm\u00a0cvi\u010den\u00edm v r. 2017 d\u011bt\u00ed do 12-ti let v bene\u0161ovsk\u00e9 t\u011blocvi\u010dn\u011b nav\u00e1\u017eeme na p\u0159etr\u017eenou nit\u00a0pravideln\u00fdch st\u0159ede\u010dn\u00edch tr\u00e9nink\u016f v\u00a0r\u00e1mci b\u011b\u017e\u00edc\u00ed zimn\u00ed p\u0159\u00edpravy. &#8222;Koudelkovy kapky&#8220; bude d\u00e1vkovat, resp. cvi\u010den\u00ed \u00a0povede\u00a0Petr\u00a0\u00a0\u00a0a &#8222;mrskat&#8220; s\u00a0sebou budeme tradi\u010dn\u011b od 16.30 do 18.30 hodin. P\u00e1tek 3.2. 2017 \u010ctvrt\u00e9\u00a0cvi\u010den\u00ed v r. 2017 v bene\u0161ovsk\u00e9 t\u011blocvi\u010dn\u011b v r\u00e1mci zimn\u00ed p\u0159\u00edpravy &#8211; &hellip; <a href=\"https:\/\/www.moravecteam.cz\/?p=7131\" class=\"more-link\">Pokra\u010dov\u00e1n\u00ed textu <span class=\"screen-reader-text\">Co se bude d\u00edt? (ST05)<\/span> <span class=\"meta-nav\">&rarr;<\/span><\/a><\/p>\n","protected":false},"author":3,"featured_media":7136,"comment_status":"open","ping_status":"closed","sticky":false,"template":"","format":"standard","meta":[],"categories":[11],"tags":[],"_links":{"self":[{"href":"https:\/\/www.moravecteam.cz\/index.php?rest_route=\/wp\/v2\/posts\/7131"}],"collection":[{"href":"https:\/\/www.moravecteam.cz\/index.php?rest_route=\/wp\/v2\/posts"}],"about":[{"href":"https:\/\/www.moravecteam.cz\/index.php?rest_route=\/wp\/v2\/types\/post"}],"author":[{"embeddable":true,"href":"https:\/\/www.moravecteam.cz\/index.php?rest_route=\/wp\/v2\/users\/3"}],"replies":[{"embeddable":true,"href":"https:\/\/www.moravecteam.cz\/index.php?rest_route=%2Fwp%2Fv2%2Fcomments&post=7131"}],"version-history":[{"count":2,"href":"https:\/\/www.moravecteam.cz\/index.php?rest_route=\/wp\/v2\/posts\/7131\/revisions"}],"predecessor-version":[{"id":7134,"href":"https:\/\/www.moravecteam.cz\/index.php?rest_route=\/wp\/v2\/posts\/7131\/revisions\/7134"}],"wp:featuredmedia":[{"embeddable":true,"href":"https:\/\/www.moravecteam.cz\/index.php?rest_route=\/wp\/v2\/media\/7136"}],"wp:attachment":[{"href":"https:\/\/www.moravecteam.cz\/index.php?rest_route=%2Fwp%2Fv2%2Fmedia&parent=7131"}],"wp:term":[{"taxonomy":"category","embeddable":true,"href":"https:\/\/www.moravecteam.cz\/index.php?rest_route=%2Fwp%2Fv2%2Fcategories&post=7131"},{"taxonomy":"post_tag","embeddable":true,"href":"https:\/\/www.moravecteam.cz\/index.php?rest_route=%2Fwp%2Fv2%2Ftags&post=7131"}],"curies":[{"name":"wp","href":"https:\/\/api.w.org\/{rel}","templated":true}]}}