{"id":7157,"date":"2017-02-03T22:17:22","date_gmt":"2017-02-03T21:17:22","guid":{"rendered":"http:\/\/www.moravecteam.cz\/?p=7157"},"modified":"2017-02-04T09:52:50","modified_gmt":"2017-02-04T08:52:50","slug":"dalsi-natresk-2","status":"publish","type":"post","link":"https:\/\/www.moravecteam.cz\/?p=7157","title":{"rendered":"Dal\u0161\u00ed n\u00e1t\u0159esk..! &#8211; 2"},"content":{"rendered":"<p style=\"text-align: justify;\"><span style=\"color: #800000;\"><strong>Zd\u00e1 se, \u017ee s bl\u00ed\u017e\u00edc\u00ed se cyklistickou sez\u00f3nou je p\u0159\u00edstup borc\u016f a borek MORAVEC Teamu ke kondi\u010dn\u00ed p\u0159\u00edprav\u011b v t\u011blocvi\u010dn\u011b tr\u00e9nink od tr\u00e9ninku p\u0159\u00edkladn\u011bj\u0161\u00ed. Po st\u0159ede\u010dn\u00edm &#8222;n\u00e1t\u0159esku&#8220; el\u00e9v\u016f byla tak\u0159ka identicky zapln\u011bna bene\u0161ovsk\u00e1 t\u011blocvi\u010dna pohybu la\u010dn\u00fdmi MORAVCI i v p\u00e1tek, kdy se Ivanou &#8222;serv\u00edrovaly&#8220; cvi\u010denc\u016fm ob\u00e1van\u00e9 &#8222;Prudkov\u00e9 kapky&#8220;. Zd\u00e1 se tedy, \u017ee je na sv\u011bt\u011b, kdo v\u00ed, kolikati je\u0161t\u011b d\u00edln\u00fd seri\u00e1l, kter\u00fd ale na rozd\u00edl od t\u011bch, kter\u00fdmi n\u00e1s d\u011bnn\u011b zahrnuj\u00ed kan\u00e1ly na\u0161ich TV &#8211; rozhodn\u011b \u00a0nudit nebude!<\/strong><\/span><\/p>\n<figure id=\"attachment_7162\" aria-describedby=\"caption-attachment-7162\" style=\"width: 1246px\" class=\"wp-caption alignnone\"><a href=\"http:\/\/www.moravecteam.cz\/?attachment_id=7162\" rel=\"attachment wp-att-7162\"><img decoding=\"async\" loading=\"lazy\" class=\" wp-image-7162\" alt=\"IMG_4213\" src=\"http:\/\/www.moravecteam.cz\/wp-content\/uploads\/2017\/02\/IMG_4213.jpg\" width=\"1246\" height=\"1173\" srcset=\"https:\/\/www.moravecteam.cz\/wp-content\/uploads\/2017\/02\/IMG_4213.jpg 1246w, https:\/\/www.moravecteam.cz\/wp-content\/uploads\/2017\/02\/IMG_4213-25x25.jpg 25w, https:\/\/www.moravecteam.cz\/wp-content\/uploads\/2017\/02\/IMG_4213-300x282.jpg 300w, https:\/\/www.moravecteam.cz\/wp-content\/uploads\/2017\/02\/IMG_4213-1024x964.jpg 1024w\" sizes=\"(max-width: 1246px) 100vw, 1246px\" \/><\/a><figcaption id=\"caption-attachment-7162\" class=\"wp-caption-text\">Kuba Tesa\u0159 jako l\u00eddr po\u010detn\u00e9ho pelotonu tr\u00e9nuj\u00edc\u00edch MORAVC\u016e p\u0159i \u00favodn\u00edm rozb\u011bh\u00e1n\u00ed.<\/figcaption><\/figure>\n<p style=\"text-align: justify;\">Nov\u00e1\u010dkem na cvi\u010den\u00ed byl na prvn\u00ed pohled sympatick\u00fd Dou\u0161kovic &#8222;qartet&#8220; z Ti\u0161nova, p\u0159i\u010dem\u017e Tom\u00e1\u0161 s Rudou (kluci jsou v\u011bkem kadet a junior) maj\u00ed ur\u010dit\u011b dobr\u00e9 ambice i \u0161ance &#8211; soud\u011b podle jejich p\u00e1te\u010dn\u00edho tr\u00e9ninkov\u00e9ho projevu &#8211; st\u00e1t se dal\u0161\u00edmi vydatn\u00fdmi posilami MORAVEC Teamu pro leto\u0161n\u00ed sez\u00f3nu! Jinak se s n\u00e1mi Iv\u010da, jak u\u017e je jej\u00edm zyvkem, nikterak nemazlila. Po vydatn\u00e9m rozb\u011bh\u00e1n\u00ed p\u0159i\u0161ly na \u0159adu jej\u00ed stejn\u011b vydatn\u00e9 tr\u00e9ninkov\u00e9 &#8222;kapky&#8220;, kdy\u017e akcent byl op\u011bt sm\u011b\u0159ov\u00e1n op\u011bt hlavn\u011b na b\u0159i\u0161n\u00ed svalstvo a oproti minul\u00e9mu cvi\u010dku Ivana op\u011bt zvedla &#8222;level&#8220; intenzity a n\u00e1ro\u010dnosti o dal\u0161\u00ed stupe\u0148. \u017de se sez\u00f3na kvapem bl\u00ed\u017e\u00ed, s t\u00edm korespondoval i hutn\u00fd tr\u00e9nink \u00a0startovn\u00edch reakc\u00ed v\u010detn\u011b dal\u0161\u00edch tr\u00e9ninkov\u00fdch Ivan\u010din\u00fdch &#8222;skopi\u010din&#8220; p\u0159es t\u011blocvi\u010dnu &#8222;na d\u00e9l&#8220;&#8230; T\u0159i \u0161tafetov\u00e9 t\u00fdmy pak v rychl\u00e9m sledu svedly tvrd\u00e9, n\u011bkolikan\u00e1sobn\u00e9 souboje, op\u011bt p\u0159es t\u011blocvi\u010dnu &#8222;na d\u00e9l&#8220;, tak\u017ee z\u00e1v\u011bre\u010dn\u00ed ryb\u00e1\u0159i \/ rybi\u010dky a \u00fapln\u011b na konec vybi\u0161ka, byly pro mo\u017en\u00e1 pro n\u011bkter\u00e9 z t\u0159ic\u00edtky \u00a0p\u00e1te\u010dn\u00edch cvi\u010denc\u016f (hlavn\u011b tedy pro m\u011b&#8230;) v pravd\u011b vysvobozen\u00edm&#8230; P\u0159\u00edstup v\u0161ech byl v\u0161ak op\u011bt p\u0159\u00edkladn\u00fd a pochvalu a pod\u011bkov\u00e1n\u00ed si p\u0159i fin\u00e1ln\u00edm n\u00e1stupu zaslou\u017eili v\u0161ichni bez rozd\u00edlu vah \u010di v\u011bku&#8230; Bravo MORAVEC! Zde mrkn\u011bte na Lidu\u0161\u010dinu p\u011bknou\u00a0<a href=\"http:\/\/moravecteam.rajce.idnes.cz\/2017.02.03_Cviceni_v_telocvicne\/\"><strong>fotogalerii<\/strong>.<\/a>..<\/p>\n<p style=\"text-align: justify;\">\n","protected":false},"excerpt":{"rendered":"<p>Zd\u00e1 se, \u017ee s bl\u00ed\u017e\u00edc\u00ed se cyklistickou sez\u00f3nou je p\u0159\u00edstup borc\u016f a borek MORAVEC Teamu ke kondi\u010dn\u00ed p\u0159\u00edprav\u011b v t\u011blocvi\u010dn\u011b tr\u00e9nink od tr\u00e9ninku p\u0159\u00edkladn\u011bj\u0161\u00ed. Po st\u0159ede\u010dn\u00edm &#8222;n\u00e1t\u0159esku&#8220; el\u00e9v\u016f byla tak\u0159ka identicky zapln\u011bna bene\u0161ovsk\u00e1 t\u011blocvi\u010dna pohybu la\u010dn\u00fdmi MORAVCI i v p\u00e1tek, kdy se Ivanou &#8222;serv\u00edrovaly&#8220; cvi\u010denc\u016fm ob\u00e1van\u00e9 &#8222;Prudkov\u00e9 kapky&#8220;. Zd\u00e1 se tedy, \u017ee je na sv\u011bt\u011b, &hellip; <a href=\"https:\/\/www.moravecteam.cz\/?p=7157\" class=\"more-link\">Pokra\u010dov\u00e1n\u00ed textu <span class=\"screen-reader-text\">Dal\u0161\u00ed n\u00e1t\u0159esk..! &#8211; 2<\/span> <span class=\"meta-nav\">&rarr;<\/span><\/a><\/p>\n","protected":false},"author":3,"featured_media":7161,"comment_status":"open","ping_status":"closed","sticky":false,"template":"","format":"standard","meta":[],"categories":[9],"tags":[],"_links":{"self":[{"href":"https:\/\/www.moravecteam.cz\/index.php?rest_route=\/wp\/v2\/posts\/7157"}],"collection":[{"href":"https:\/\/www.moravecteam.cz\/index.php?rest_route=\/wp\/v2\/posts"}],"about":[{"href":"https:\/\/www.moravecteam.cz\/index.php?rest_route=\/wp\/v2\/types\/post"}],"author":[{"embeddable":true,"href":"https:\/\/www.moravecteam.cz\/index.php?rest_route=\/wp\/v2\/users\/3"}],"replies":[{"embeddable":true,"href":"https:\/\/www.moravecteam.cz\/index.php?rest_route=%2Fwp%2Fv2%2Fcomments&post=7157"}],"version-history":[{"count":7,"href":"https:\/\/www.moravecteam.cz\/index.php?rest_route=\/wp\/v2\/posts\/7157\/revisions"}],"predecessor-version":[{"id":7167,"href":"https:\/\/www.moravecteam.cz\/index.php?rest_route=\/wp\/v2\/posts\/7157\/revisions\/7167"}],"wp:featuredmedia":[{"embeddable":true,"href":"https:\/\/www.moravecteam.cz\/index.php?rest_route=\/wp\/v2\/media\/7161"}],"wp:attachment":[{"href":"https:\/\/www.moravecteam.cz\/index.php?rest_route=%2Fwp%2Fv2%2Fmedia&parent=7157"}],"wp:term":[{"taxonomy":"category","embeddable":true,"href":"https:\/\/www.moravecteam.cz\/index.php?rest_route=%2Fwp%2Fv2%2Fcategories&post=7157"},{"taxonomy":"post_tag","embeddable":true,"href":"https:\/\/www.moravecteam.cz\/index.php?rest_route=%2Fwp%2Fv2%2Ftags&post=7157"}],"curies":[{"name":"wp","href":"https:\/\/api.w.org\/{rel}","templated":true}]}}